{"id":1150,"date":"2024-11-29T09:56:54","date_gmt":"2024-11-29T08:56:54","guid":{"rendered":"https:\/\/monde25.info\/index.php\/2024\/11\/29\/inondations-a-valence-lespagne-decrete-trois-jours-de-deuil-national-tandis-que-le-bilan-salourdit-changements-terrestres-sott-net\/"},"modified":"2024-11-29T09:56:54","modified_gmt":"2024-11-29T08:56:54","slug":"inondations-a-valence-lespagne-decrete-trois-jours-de-deuil-national-tandis-que-le-bilan-salourdit-changements-terrestres-sott-net","status":"publish","type":"post","link":"https:\/\/monde25.info\/index.php\/2024\/11\/29\/inondations-a-valence-lespagne-decrete-trois-jours-de-deuil-national-tandis-que-le-bilan-salourdit-changements-terrestres-sott-net\/","title":{"rendered":"Inondations a Valence &#8211; L&rsquo;Espagne d\u00e9cr\u00e8te trois jours de deuil national, tandis que le bilan s&rsquo;alourdit \u2014 Changements Terrestres \u2014 Sott.net"},"content":{"rendered":"<p> <br \/>\n<\/p>\n<div>\n      Le gouvernement espagnol a annonc\u00e9 mercredi un deuil national de trois jours \u00e0 la suite des inondations mortelles qui ont touch\u00e9 le sud-est de l&rsquo;Espagne dans la nuit de mardi \u00e0 mercredi.<br \/>\n<\/p>\n<div class=\"article-image-large to-center\"><a target=\"_blank\" href=\"https:\/\/fr.sott.net\/image\/s35\/717433\/full\/photo_2024_10_30_19_37_47.jpg\" target=\"_blank\"><img decoding=\"async\" src=\"https:\/\/fr.sott.net\/image\/s35\/717433\/large\/photo_2024_10_30_19_37_47.jpg\" alt=\"ghjk\" title=\"Cliquer pour agrandir\"\/><\/a><\/div>\n<p>Le bilan de cet \u00e9pisode particuli\u00e8rement violent de la \u00ab\u00a0dana\u00a0\u00bb, une d\u00e9pression isol\u00e9e en haute altitude qui provoque des pluies soudaines, a fait au moins 70 morts. La grande majorit\u00e9 (68) des d\u00e9c\u00e8s a \u00e9t\u00e9 enregistr\u00e9e dans la Communaut\u00e9 de Valence, tandis que deux personnes ont perdu la vie en Castille-La Manche, a pr\u00e9cis\u00e9 l&rsquo;agence de presse espagnole EFE en d\u00e9but d&rsquo;apr\u00e8s-midi.<\/p>\n<p><iframe loading=\"lazy\" src=\"https:\/\/www.ultimedia.com\/deliver\/generic\/iframe\/mdtk\/01228598\/src\/x8xpfru\/zone\/2\/showtitle\/1\/\" frameborder=\"0\" scrolling=\"no\" marginwidth=\"0\" marginheight=\"0\" hspace=\"0\" vspace=\"0\" webkitallowfullscreen=\"true\" mozallowfullscreen=\"true\" allowfullscreen=\"true\" referrerpolicy=\"no-referrer-when-downgrade\" width=\"600\" height=\"337\" allow=\"encrypted-media; web-share;\"><\/iframe><\/p>\n<p>Ces pertes sont toutefois appel\u00e9es \u00e0 s&rsquo;alourdir puisqu&rsquo;un nombre ind\u00e9termin\u00e9 de personnes sont port\u00e9es disparues dans la r\u00e9gion de Valence et cinq individus manquent \u00e0 l&rsquo;appel chez sa voisine de La Manche.<\/p>\n<p>Les trois journ\u00e9es de deuil d\u00e9buteront jeudi et s&rsquo;\u00e9tendront jusqu&rsquo;\u00e0 samedi, a indiqu\u00e9 \u00e0 la presse le ministre de la Politique territoriale, \u00c1ngel V\u00edctor Torres. Le Premier ministre Pedro S\u00e1nchez se rendra jeudi aupr\u00e8s des sinistr\u00e9s.<\/p>\n<p>Dans la Communaut\u00e9 valencienne, le travail de r\u00e9cup\u00e9ration et d&rsquo;identification des victimes se poursuit avec des \u00e9quipes renforc\u00e9es.<\/p>\n<p>La r\u00e9gion de Valence, et la c\u00f4te m\u00e9diterran\u00e9enne espagnole en g\u00e9n\u00e9ral, subissent r\u00e9guli\u00e8rement le ph\u00e9nom\u00e8ne de la \u00ab\u00a0dana\u00a0\u00bb, aussi appel\u00e9 \u00ab\u00a0gota fr\u00eda\u00a0\u00bb (goutte froide), en automne. Les scientifiques avertissent depuis plusieurs ann\u00e9es que les ph\u00e9nom\u00e8nes m\u00e9t\u00e9orologiques extr\u00eames tels que les vagues de chaleur et les temp\u00eates sont \u00e0 la fois de plus en plus fr\u00e9quents, de plus en plus longs et de plus en plus intenses en raison du changement climatique.<\/p>\n<p>De son c\u00f4t\u00e9, la Catalogne (frontali\u00e8re de Valence) a \u00e9mis une alerte aux vents violents pour certaines localit\u00e9s proches de Barcelone. Des vents de plus de 90 km\/h sont attendus, ainsi que des gr\u00ealons.\n\t\t<\/p>\n<\/div>\n<p><br \/>\n<br \/><a href=\"https:\/\/fr.sott.net\/article\/44084-Inondations-a-Valence-L-Espagne-decrete-trois-jours-de-deuil-national-tandis-que-le-bilans-alourdit\" target=\"_blank\"\">Source link <\/a><\/p>\n","protected":false},"excerpt":{"rendered":"<p>Le gouvernement espagnol a annonc\u00e9 mercredi un deuil national de trois jours \u00e0 la suite des inondations mortelles qui ont touch\u00e9 le sud-est de l&rsquo;Espagne dans la nuit de mardi&hellip; <\/p>\n","protected":false},"author":1,"featured_media":1151,"comment_status":"open","ping_status":"open","sticky":false,"template":"","format":"standard","meta":{"footnotes":""},"categories":[1],"tags":[],"class_list":["post-1150","post","type-post","status-publish","format-standard","has-post-thumbnail","hentry","category-non-classe"],"_links":{"self":[{"href":"https:\/\/monde25.info\/index.php\/wp-json\/wp\/v2\/posts\/1150","targetHints":{"allow":["GET"]}}],"collection":[{"href":"https:\/\/monde25.info\/index.php\/wp-json\/wp\/v2\/posts"}],"about":[{"href":"https:\/\/monde25.info\/index.php\/wp-json\/wp\/v2\/types\/post"}],"author":[{"embeddable":true,"href":"https:\/\/monde25.info\/index.php\/wp-json\/wp\/v2\/users\/1"}],"replies":[{"embeddable":true,"href":"https:\/\/monde25.info\/index.php\/wp-json\/wp\/v2\/comments?post=1150"}],"version-history":[{"count":0,"href":"https:\/\/monde25.info\/index.php\/wp-json\/wp\/v2\/posts\/1150\/revisions"}],"wp:featuredmedia":[{"embeddable":true,"href":"https:\/\/monde25.info\/index.php\/wp-json\/wp\/v2\/media\/1151"}],"wp:attachment":[{"href":"https:\/\/monde25.info\/index.php\/wp-json\/wp\/v2\/media?parent=1150"}],"wp:term":[{"taxonomy":"category","embeddable":true,"href":"https:\/\/monde25.info\/index.php\/wp-json\/wp\/v2\/categories?post=1150"},{"taxonomy":"post_tag","embeddable":true,"href":"https:\/\/monde25.info\/index.php\/wp-json\/wp\/v2\/tags?post=1150"}],"curies":[{"name":"wp","href":"https:\/\/api.w.org\/{rel}","templated":true}]}}