{"id":1154,"date":"2024-11-29T12:10:50","date_gmt":"2024-11-29T11:10:50","guid":{"rendered":"https:\/\/monde25.info\/index.php\/2024\/11\/29\/ingenieur-chez-total-xavier-a-demissionne\/"},"modified":"2024-11-29T12:10:50","modified_gmt":"2024-11-29T11:10:50","slug":"ingenieur-chez-total-xavier-a-demissionne","status":"publish","type":"post","link":"https:\/\/monde25.info\/index.php\/2024\/11\/29\/ingenieur-chez-total-xavier-a-demissionne\/","title":{"rendered":"ing\u00e9nieur chez Total, Xavier a d\u00e9missionn\u00e9"},"content":{"rendered":"<p> <br \/>\n<\/p>\n<div>\n<p><i>\u00ab<small class=\"fine d-inline\">\u00a0<\/small>On peut faire de la cybers\u00e9curit\u00e9 et \u00eatre \u00e9colo<small class=\"fine d-inline\">\u00a0<\/small>\u00bb<\/i>, introduit Xavier, ing\u00e9nieur informatique, l\u2019\u0153il malicieux. On peut\u2026 jusqu\u2019\u00e0 un certain point. Il y a un an, ce jeune quadrag\u00e9naire a d\u00e9missionn\u00e9 d\u2019un poste strat\u00e9gique et confortablement r\u00e9mun\u00e9r\u00e9 au service de la plus puissante multinationale fran\u00e7aise\u00a0: TotalEnergies. Au nom de ses convictions \u00e9cologiques.<\/p>\n<p>En ce mois de septembre, attabl\u00e9 \u00e0 une brasserie parisienne, son d\u00e9bit de parole est empress\u00e9. Comme s\u2019il avait attendu trop longtemps ce moment de partir \u2014 et d\u2019en parler. Cette d\u00e9mission est <i>\u00ab<small class=\"fine d-inline\">\u00a0<\/small>pr\u00e9par\u00e9e de longue date<small class=\"fine d-inline\">\u00a0<\/small>\u00bb<\/i>, glisse-t-il, avec un brin de myst\u00e8re. Discret de nature, il pr\u00e9cise d\u2019embl\u00e9e ne vouloir \u00eatre le porte-parole de personne. <i>\u00ab<small class=\"fine d-inline\">\u00a0<\/small>Je veux juste apporter ma pierre \u00e0 l\u2019\u00e9difice.<small class=\"fine d-inline\">\u00a0<\/small>\u00bb<\/i><\/p>\n<p>Apr\u00e8s huit ans \u00e0 travailler en France comme informaticien dans une entreprise de vid\u00e9osurveillance, Xavier a \u00e9t\u00e9 embauch\u00e9 en 2019 par Bechtle, leader europ\u00e9en de prestation en informatique. Sa mission\u00a0: assurer la cybers\u00e9curit\u00e9 de TotalEnergies Gas &amp; Power. <i>\u00ab<small class=\"fine d-inline\">\u00a0<\/small>Je savais tr\u00e8s bien pour qui je travaillais<small class=\"fine d-inline\">\u00a0<\/small>\u00bb<\/i>, admet-il. Le grand public, un peu moins. Toutes aussi puissantes que m\u00e9connues, TotalEnergies Gas &amp; Power (<span class=\"caps\">TGP<\/span>), bas\u00e9e \u00e0 Londres, et Totsa, bas\u00e9e \u00e0 Gen\u00e8ve, sont les deux soci\u00e9t\u00e9s de trading du p\u00e9trole et du gaz de la multinationale.<\/p>\n<div class=\"spip_document_86741 spip_document spip_documents spip_document_image spip_documents_center spip_document_center spip_document_avec_legende\" data-legende-len=\"177\" data-legende-lenx=\"xxx\">\n<figure class=\"spip_doc_inner\">\n      <picture><source type=\"image\/webp\" srcset=\"https:\/\/reporterre.net\/local\/cache-vignettes\/L1050xH700\/arton27824-2-e9993.jpg@.webp?1732867908\"><img decoding=\"async\" src=\"https:\/\/reporterre.net\/IMG\/jpg\/arton27824-2.jpg\" width=\"1200\" height=\"800\" loading=\"lazy\" alt=\"\"\/><br \/>\n    <\/source><\/picture><figcaption class=\"spip_doc_legende\">\n<p>Des activistes \u00e9cologistes, dont les activistes ougandais Hilda Flavia Nakabuye et Maxwell Atuhura, lors de la marche climat \u00e0 Paris, en mars 2022.<br \/>\n<i>\u00a9 NnoMan Cadoret\/Reporterre<br \/>\n<\/i><\/p>\n<\/figcaption><\/figure>\n<\/p><\/div>\n<p>Cette activit\u00e9 de trading consiste \u00e0 acheter et revendre des mati\u00e8res premi\u00e8res sur les march\u00e9s financiers. Au sein de <span class=\"caps\">TGP<\/span>, les traders n\u00e9gocient le prix du gaz et de l\u2019\u00e9lectricit\u00e9. Totsa g\u00e8re, de son c\u00f4t\u00e9, le n\u00e9goce des produits p\u00e9troliers. Le but\u00a0: d\u00e9gager un maximum de marges pour le groupe TotalEnergies. Marges qui lui permettent d\u2019accro\u00eetre sa puissance sur le march\u00e9 financier et de d\u00e9ployer ses activit\u00e9s sur le terrain.<\/p>\n<h2 class=\"spip\">Des milliards de b\u00e9n\u00e9fices par des soci\u00e9t\u00e9s de trading opaques<\/h2>\n<p>Tandis que les actions citoyennes et articles journalistiques ciblent souvent les soutiens des banques et assurances, la branche trading repr\u00e9sente un levier colossal d\u2019autofinancement pour TotalEnergies, lui permettant entre autres de mener \u00e0 bien ses projets fossiles. Cette branche est pourtant peu cibl\u00e9e par les journalistes et <span class=\"caps\">ONG<\/span>\u00a0: le m\u00e9dia suisse <i><a target=\"_blank\" href=\"https:\/\/www.letemps.ch\/economie\/les-deux-armes-suisses-et-secretes-de-totalenergies?srsltid=AfmBOoraQeo0qJUT366WuAHzDyv_PAsXaVgJ91jbtbunKSrKPTsbbYwk\" class=\"spip_out\" rel=\"external\">Le Temps<\/a><\/i> s\u2019en \u00e9tonnait dans une enqu\u00eate in\u00e9dite sur les <i>\u00ab<small class=\"fine d-inline\">\u00a0<\/small>armes suisses et secr\u00e8tes<small class=\"fine d-inline\">\u00a0<\/small>\u00bb<\/i> de la multinationale.<\/p>\n<p>La branche trading de Total regroupe pr\u00e8s de 2\u00a0000 salari\u00e9s si, en plus du millier de salari\u00e9s en Suisse, on inclut les bureaux plus restreints de Houston, Singapour et Duba\u00ef. C\u2019est peu, tr\u00e8s peu de salari\u00e9s compar\u00e9 au chiffre d\u2019affaires et b\u00e9n\u00e9fices engendr\u00e9s. Car la rentabilit\u00e9 de cette branche donne le tournis. Totsa a enregistr\u00e9 pr\u00e8s de 3\u00a0milliards de b\u00e9n\u00e9fices et 100\u00a0milliards de chiffres d\u2019affaires en 2023, d\u2019apr\u00e8s le rapport annuel de la multinationale (page 611). <i>\u00ab<small class=\"fine d-inline\">\u00a0<\/small>L\u2019an dernier, TotalEnergies a publi\u00e9 un b\u00e9n\u00e9fice net de 19,7 milliards d\u2019euros. Sa premi\u00e8re filiale genevoise inconnue y contribue donc \u00e0 hauteur de 14<small class=\"fine d-inline\">\u00a0<\/small>%<small class=\"fine d-inline\">\u00a0<\/small>\u00bb<\/i>, r\u00e9sume <i>Le Temps<\/i>.<\/p>\n<p>Les informations financi\u00e8res de Total Gas&amp;Power ne sont pas lisibles dans le rapport annuel. Si les chiffres de 2023 restent donc inconnus, Xavier affirme que lorsqu\u2019il y \u00e9tait en mission, en 2019, <i>\u00ab<small class=\"fine d-inline\">\u00a0<\/small>les 400 salari\u00e9s de Total Gas&amp;Power r\u00e9alisaient environ 1\u00a0milliard de b\u00e9n\u00e9fices. C\u2019est le chiffre qui circulait<small class=\"fine d-inline\">\u00a0<\/small>\u00bb<\/i>, indique Xavier. <i>\u00ab<small class=\"fine d-inline\">\u00a0<\/small>J\u2019ai toujours \u00e9t\u00e9 curieux par nature, et le service informatique \u00e9tait une bonne fen\u00eatre pour comprendre partiellement le fonctionnement interne.<small class=\"fine d-inline\">\u00a0<\/small>\u00bb<\/i><\/p>\n<h2 class=\"spip\">Vid\u00e9os sur le d\u00e9veloppement durable<\/h2>\n<p>N\u00e9 dans une famille de gauche sensibilis\u00e9e \u00e0 l\u2019\u00e9cologie, Xavier a mis un pied dans le milieu non sans arri\u00e8re-pens\u00e9e. Tr\u00e8s vite, il s\u2019est dit <i>\u00ab<small class=\"fine d-inline\">\u00a0<\/small>il faut que je trouve une porte de sortie de ce syst\u00e8me qui ne me convient pas<small class=\"fine d-inline\">\u00a0<\/small>\u00bb<\/i>, se souvient-il. <i>\u00ab<small class=\"fine d-inline\">\u00a0<\/small>Je voulais gagner de l\u2019argent rapidement, liquider mes cr\u00e9dits, et puis chercher une ferme dans la cambrousse pour mes projets futurs. Il fallait que je sorte de tout \u00e7a\u2026 En sensibilisant au maximum mes coll\u00e8gues en attendant.<small class=\"fine d-inline\">\u00a0<\/small>\u00bb<\/i><\/p>\n<p>\u00c0 l\u2019occasion d\u2019un d\u00e9m\u00e9nagement des infrastructures de trading de Londres \u00e0 Gen\u00e8ve, dans le cadre d\u2019un projet de fusion, l\u2019ing\u00e9nieur s\u2019est retrouv\u00e9 fin 2020 en mission pour Totsa. \u00c0 Gen\u00e8ve comme \u00e0 Londres, \u00e0 chaque fois, des communications \u00e9mises par Total \u00c9nergies autour du d\u00e9veloppement durable circulaient parmi les salari\u00e9s. <i>\u00ab<small class=\"fine d-inline\">\u00a0<\/small>Mes coll\u00e8gues en interne \u2014 pas les prestataires comme moi \u2014 \u00e9taient oblig\u00e9s de visionner des vid\u00e9os sur ce sujet. C\u2019\u00e9tait mal fait, assez bidon, et cela les faisait doucement rigoler<small class=\"fine d-inline\">\u00a0<\/small>\u00bb<\/i>, raconte Xavier.<\/p>\n<p>En 2022, la communication interne s\u2019est concentr\u00e9e sur le pipeline Eacop en Afrique de l\u2019Est, un <a target=\"_blank\" href=\"https:\/\/reporterre.net\/Eacop-le-projet-climaticide-de-TotalEnergies-en-6-chiffres\">projet climaticide<\/a> (34,3 millions de tonnes de <span class=\"caps\">CO<\/span><sub>2<\/sub> par an) et n\u00e9faste <a target=\"_blank\" href=\"https:\/\/reporterre.net\/Oleoduc-geant-Eacop-21-opposants-a-TotalEnergies-arretes-en-Ouganda\">pour les droits humains<\/a>.<\/p>\n<p><i>\u00ab<small class=\"fine d-inline\">\u00a0<\/small>C\u2019\u00e9tait au pic de la m\u00e9diatisation d\u2019Eacop. Chez Total, une cellule d\u2019une dizaine de personnes \u00e9tait charg\u00e9e de travailler sur la communication publique. En interne, on nous a propos\u00e9, \u00e0 Gen\u00e8ve, trois sessions pl\u00e9ni\u00e8res, pour les salari\u00e9s volontaires, d\u00e9di\u00e9es \u00e0 Eacop et anim\u00e9es par un communicant venu de Paris.<small class=\"fine d-inline\">\u00a0<\/small>\u00bb<\/i><\/p>\n<blockquote class=\"spip\">\n<p>\u00ab<small class=\"fine d-inline\">\u00a0<\/small>Tu es oblig\u00e9 de mettre un peu la t\u00eate dans le sable<small class=\"fine d-inline\">\u00a0<\/small>\u00bb<\/p>\n<\/blockquote>\n<p>Xavier s\u2019y est rendu. Par curiosit\u00e9. Pas ses coll\u00e8gues. <i>\u00ab<small class=\"fine d-inline\">\u00a0<\/small>On a plut\u00f4t de hauts salaires, donc les gens ne demandent rien de plus. Quand je leur en parlais, ils me disaient qu\u2019ils savaient que Total faisait de la merde, mais bon, ils \u00e9taient blas\u00e9s. Quand tu travailles chez Total, tu es oblig\u00e9 de mettre un peu la t\u00eate dans le sable\u00a0: tu as ton cr\u00e9dit, tes enfants\u2026<small class=\"fine d-inline\">\u00a0<\/small>\u00bb<\/i><\/p>\n<h2 class=\"spip\">Le tournant Eacop\u00a0: \u00ab<small class=\"fine d-inline\">\u00a0<\/small>Cette fois, c\u2019\u00e9tait le moment<small class=\"fine d-inline\">\u00a0<\/small>\u00bb<\/h2>\n<p>Dans la t\u00eate de Xavier en revanche, Eacop a marqu\u00e9 un tournant d\u00e9finitif. Sur les r\u00e9seaux sociaux, il d\u00e9couvre la campagne Desert\u2019 Eacop, relay\u00e9e notamment par <a target=\"_blank\" href=\"https:\/\/reporterre.net\/Camille-Etienne-La-realite-est-la-et-elle-est-terrifiante\">l\u2019activiste Camille \u00c9tienne<\/a>, initi\u00e9e par le collectif <a target=\"_blank\" href=\"https:\/\/vous-netes-pas-seuls.org\/\" class=\"spip_out\" rel=\"external\">Vous n\u2019\u00eates pas seuls<\/a> (<span class=\"caps\">VNPS<\/span>) qui regroupe des ing\u00e9nieurs <a target=\"_blank\" href=\"https:\/\/reporterre.net\/La-desertion-germe-d-une-contre-societe\">d\u00e9serteurs<\/a>. <i>\u00ab<small class=\"fine d-inline\">\u00a0<\/small>J\u2019avais pr\u00e9vu de partir depuis longtemps, et j\u2019aurais voulu moins travailler pour Total\u2026 Mais j\u2019avais des contraintes financi\u00e8res personnelles. Cette fois, c\u2019\u00e9tait le moment. Quand j\u2019ai vu cette campagne, j\u2019ai \u00e9crit \u00e0 Camille \u00c9tienne<small class=\"fine d-inline\">\u00a0<\/small>\u00bb<\/i>, retrace l\u2019ing\u00e9nieur.<\/p>\n<p>Xavier est entr\u00e9 en contact avec <span class=\"caps\">VNPS<\/span>. <i>\u00ab<small class=\"fine d-inline\">\u00a0<\/small>Il nous a contact\u00e9s lorsqu\u2019il \u00e9tait sur le point de d\u00e9missionner. Il avait d\u00e9j\u00e0 fait son choix politique \u00e0 ce moment-l\u00e0\u00a0: ce n\u2019est pas quelqu\u2019un qui est venu chercher un r\u00e9confort<small class=\"fine d-inline\">\u00a0<\/small>\u00bb<\/i>, se souvient Romain Boucher, ex-ing\u00e9nieur, un des cofondateurs de <span class=\"caps\">VNPS<\/span>.<\/p>\n<div class=\"spip_document_86726 spip_document spip_documents spip_document_image spip_documents_center spip_document_center spip_document_avec_legende\" data-legende-len=\"96\" data-legende-lenx=\"xx\">\n<figure class=\"spip_doc_inner\">\n      <picture><source type=\"image\/webp\" srcset=\"https:\/\/reporterre.net\/local\/cache-vignettes\/L1050xH1050\/385786560_795832479219207_8033644783169587444_n-0d98b.jpg@.webp?1732805689\"><img decoding=\"async\" src=\"https:\/\/reporterre.net\/IMG\/jpg\/385786560_795832479219207_8033644783169587444_n.jpg\" width=\"1200\" height=\"1200\" loading=\"lazy\" alt=\"\"\/><br \/>\n    <\/source><\/picture><figcaption class=\"spip_doc_legende\">\n<div class=\"spip_doc_titre\">Un visuel du collectif Vous n\u2019\u00eates pas seuls \u00e0 destination des salari\u00e9s de TotalEnergies.<br \/>\n<i><a target=\"_blank\" href=\"https:\/\/vous-netes-pas-seuls.org\/deserteacop\/\" class=\"spip_out\" rel=\"external\"><span class=\"caps\">VNPS<\/span><\/a><br \/>\n<\/i><\/div>\n<\/figcaption><\/figure>\n<\/p><\/div>\n<p><i>\u00ab<small class=\"fine d-inline\">\u00a0<\/small>Il nous a contact\u00e9s pour poursuivre sa trajectoire dans un r\u00e9seau d\u2019entraide, militant, et d\u2019enqu\u00eate. C\u2019est lui qui nous a aid\u00e9 \u00e0 nous int\u00e9resser \u00e0 cette branche sp\u00e9culative monumentale. C\u2019\u00e9tait exactement ce que l\u2019on recherchait en lan\u00e7ant <span class=\"caps\">VNPS<\/span>\u00a0: des profils d\u2019experts capables de mettre \u00e0 jour des points n\u00e9vralgiques des secteurs de l\u2019\u00e9conomie nuisibles \u00e0 transformer radicalement, voire \u00e0 d\u00e9manteler.<small class=\"fine d-inline\">\u00a0<\/small>\u00bb<\/i><\/p>\n<h2 class=\"spip\">R\u00e9actions timides de ses coll\u00e8gues<\/h2>\n<p>Xavier a pos\u00e9 sa d\u00e9mission \u00e0 l\u2019automne 2023, sans fracas. Un an plus tard, en septembre 2024, malgr\u00e9 ses craintes quant aux cons\u00e9quences sur son employabilit\u00e9 d\u2019une prise de parole publique, il a d\u00e9cid\u00e9 de poster sur Linkedin les vraies raisons de son d\u00e9part. <i>\u00ab<small class=\"fine d-inline\">\u00a0<\/small>Je ne pouvais plus continuer de participer \u00e0 des projets qui d\u00e9truisent le vivant et portent atteinte aux droits humains. En esp\u00e9rant que ma d\u00e9sertion en entra\u00eenera d\u2019autres.<small class=\"fine d-inline\">\u00a0<\/small>\u00bb<\/i> Les r\u00e9actions ont \u00e9t\u00e9 timides. Certains employ\u00e9s du secteur l\u2019ont assur\u00e9 de leur soutien en priv\u00e9.<\/p>\n<p>Xavier n\u2019est pas le premier salari\u00e9 du secteur sp\u00e9culatif et financier qui contacte <span class=\"caps\">VNPS<\/span>. Lorsqu\u2019un salari\u00e9 occupant ce type de postes prend la parole, cela permet de <i>\u00ab<small class=\"fine d-inline\">\u00a0<\/small>mettre \u00e0 nu cette violence du syst\u00e8me industriel, en partant de ce qui lui permet de g\u00e9n\u00e9rer toujours plus de puissance mon\u00e9taire. En fait, c\u2019est avant tout \u00e0 nous, privil\u00e9gi\u00e9s, de d\u00e9serter<small class=\"fine d-inline\">\u00a0<\/small>\u00bb<\/i>, d\u00e9fend Romain Boucher.<\/p>\n<blockquote class=\"spip\">\n<p>\u00ab<small class=\"fine d-inline\">\u00a0<\/small>C\u2019est avant tout \u00e0 nous, privil\u00e9gi\u00e9s, de d\u00e9serter<small class=\"fine d-inline\">\u00a0<\/small>\u00bb<\/p>\n<\/blockquote>\n<p>L\u2019attention m\u00e9diatique pour ces actes de d\u00e9missions s\u2019est accrue en 2022 autour du discours des ing\u00e9nieurs agronomes. <i>\u00ab<small class=\"fine d-inline\">\u00a0<\/small>On a toujours su que le syst\u00e8me nous emmenait droit dans le mur. Mais l\u00e0, il se rapproche. C\u2019est un terreau de d\u00e9sertion<small class=\"fine d-inline\">\u00a0<\/small>\u00bb<\/i>, juge Xavier avec espoir.<\/p>\n<aside class=\"boite_encarts\">\n<div class=\"encart encart_gris noprint\">\n<p><strong>Il est de retour.<\/strong><\/p>\n<p>Dans quelques semaines, Donald Trump se r\u00e9-installera \u00e0 la Maison Blanche.<\/p>\n<p>Un milliardaire, pour qui le r\u00e9chauffement climatique est \u00ab<small class=\"fine d-inline\">\u00a0<\/small>un canular<small class=\"fine d-inline\">\u00a0<\/small>\u00bb, sera \u00e0 la t\u00eate de la plus grande puissance mondiale.<\/p>\n<p>Dans une d\u00e9cennie cruciale pour l\u2019\u00e9cologie, nous ne pouvons pas nous permettre de perdre plus de temps.<\/p>\n<p>La soci\u00e9t\u00e9 civile doit continuer de se soulever, de se mobiliser et de faire pression sur les puissants.<\/p>\n<p>Mais pour agir, il faut savoir.<\/p>\n<p><strong>Depuis 11 ans, nous publions des articles de qualit\u00e9 sur l\u2019\u00e9cologie, en acc\u00e8s libre et sans publicit\u00e9, pour tous.<\/strong><\/p>\n<p>Nous avons la conviction que l\u2019urgence \u00e9cologique est l\u2019enjeu majeur de notre \u00e9poque.<br class=\"autobr\"\/><br \/>\n Et comme plus de 2 millions de lectrices et lecteurs chaque mois, vous partagez sans doute cette conviction&#8230;<\/p>\n<p>Alors si vous en avez les moyens, sachez qu\u2019un don, m\u00eame d\u20191\u20ac, est un acte de soutien fort pour l\u2019\u00e9cologie et le journalisme ind\u00e9pendant.<br class=\"autobr\"\/><br \/>\n (Et \u00e7a vous prendra moins de temps que la lecture de ce texte).<\/p>\n<p><strong>Si vous le pouvez, choisissez un soutien mensuel. Merci.<\/strong><\/p>\n<p><a target=\"_blank\" href=\"https:\/\/reporterre.net\/dons\" class=\"bt_soutenir\">Je soutiens <i>Reporterre<\/i><\/a><\/p>\n<\/p><\/div>\n<div class=\"encart encart_vert noprint montre_1023\">\n<div class=\"infolettre-form-container noprint\">\n<p>Abonnez-vous \u00e0 la lettre d\u2019info de Reporterre<\/p>\n<\/div><\/div>\n<\/aside>\n<aside class=\"boite_apresarticle encart_note\">\n<h4>Apr\u00e8s cet article<\/h4>\n<p>      <a target=\"_blank\" href=\"https:\/\/reporterre.net\/De-la-COP28-a-la-COP29-l-annee-climaticide-de-TotalEnergies-mise-en-lumiere-par-l-ONG\" class=\"lien_article\">\n      <picture class=\"vignette_gauche\"><source type=\"image\/webp\" srcset=\"https:\/\/reporterre.net\/local\/cache-gd2\/7d\/49a22206e8964a0dae1e801b7e7b4d.jpg@.webp?1731587971\"><img decoding=\"async\" src=\"https:\/\/reporterre.net\/local\/cache-gd2\/7d\/49a22206e8964a0dae1e801b7e7b4d.jpg?1731587971\" width=\"450\" height=\"300\" alt=\"\" class=\"marge12\" loading=\"lazy\"\/><br \/>\n<\/source><\/picture>\n<p class=\"libelle\">\n<p>      Climat\n    <\/p>\n<p class=\"titre pol20\">Total a investi dans 21 projets fossiles depuis la derni\u00e8re <span class=\"caps\">COP<\/span><\/p>\n<p>      <\/a><br \/>\n    <\/aside>\n<aside class=\"boite_complement texte\">\n<p>      <!-- zone_forum --><br \/>\n          <\/aside>\n<aside class=\"boite_lireaussi noprint\">\n<\/aside>\n<aside class=\"colonne\">\n<div class=\"article_info cache_1023 noprint\">\n<p>    <span class=\"date\">29 novembre 2024  \u00e0 09h34<\/span><\/p>\n<p class=\"duree_lecture\">\n        Dur\u00e9e de lecture : 7 minutes\n      <\/p>\n<\/p><\/div>\n<div class=\"bloc_infolettre\">\n<div class=\"infolettre-form-container noprint\">\n<p>Abonnez-vous \u00e0 la lettre d\u2019info de Reporterre<\/p>\n<\/div><\/div>\n<\/aside>\n<div id=\"galerie\">\n  <img decoding=\"async\" src=\"\" class=\"principale\" id=\"principale\"\/><\/p>\n<p id=\"legende\">legende<\/p>\n<\/div>\n<footer class=\"noprint\">\n<\/footer>\n<\/div>\n<p><br \/>\n<br \/><a href=\"https:\/\/reporterre.net\/Je-ne-pouvais-plus-ingenieur-chez-Total-Xavier-a-demissionne\" target=\"_blank\"\">Source link <\/a><\/p>\n","protected":false},"excerpt":{"rendered":"<p>\u00ab\u00a0On peut faire de la cybers\u00e9curit\u00e9 et \u00eatre \u00e9colo\u00a0\u00bb, introduit Xavier, ing\u00e9nieur informatique, l\u2019\u0153il malicieux. On peut\u2026 jusqu\u2019\u00e0 un certain point. Il y a un an, ce jeune quadrag\u00e9naire a&hellip; <\/p>\n","protected":false},"author":1,"featured_media":1155,"comment_status":"open","ping_status":"open","sticky":false,"template":"","format":"standard","meta":{"footnotes":""},"categories":[1],"tags":[],"class_list":["post-1154","post","type-post","status-publish","format-standard","has-post-thumbnail","hentry","category-non-classe"],"_links":{"self":[{"href":"https:\/\/monde25.info\/index.php\/wp-json\/wp\/v2\/posts\/1154","targetHints":{"allow":["GET"]}}],"collection":[{"href":"https:\/\/monde25.info\/index.php\/wp-json\/wp\/v2\/posts"}],"about":[{"href":"https:\/\/monde25.info\/index.php\/wp-json\/wp\/v2\/types\/post"}],"author":[{"embeddable":true,"href":"https:\/\/monde25.info\/index.php\/wp-json\/wp\/v2\/users\/1"}],"replies":[{"embeddable":true,"href":"https:\/\/monde25.info\/index.php\/wp-json\/wp\/v2\/comments?post=1154"}],"version-history":[{"count":0,"href":"https:\/\/monde25.info\/index.php\/wp-json\/wp\/v2\/posts\/1154\/revisions"}],"wp:featuredmedia":[{"embeddable":true,"href":"https:\/\/monde25.info\/index.php\/wp-json\/wp\/v2\/media\/1155"}],"wp:attachment":[{"href":"https:\/\/monde25.info\/index.php\/wp-json\/wp\/v2\/media?parent=1154"}],"wp:term":[{"taxonomy":"category","embeddable":true,"href":"https:\/\/monde25.info\/index.php\/wp-json\/wp\/v2\/categories?post=1154"},{"taxonomy":"post_tag","embeddable":true,"href":"https:\/\/monde25.info\/index.php\/wp-json\/wp\/v2\/tags?post=1154"}],"curies":[{"name":"wp","href":"https:\/\/api.w.org\/{rel}","templated":true}]}}