{"id":1156,"date":"2024-11-29T12:45:28","date_gmt":"2024-11-29T11:45:28","guid":{"rendered":"https:\/\/monde25.info\/index.php\/2024\/11\/29\/meyssan-sur-linculpation-de-netanyahou-et-le-cessez-le-feu-au-liban\/"},"modified":"2024-11-29T12:45:28","modified_gmt":"2024-11-29T11:45:28","slug":"meyssan-sur-linculpation-de-netanyahou-et-le-cessez-le-feu-au-liban","status":"publish","type":"post","link":"https:\/\/monde25.info\/index.php\/2024\/11\/29\/meyssan-sur-linculpation-de-netanyahou-et-le-cessez-le-feu-au-liban\/","title":{"rendered":"Meyssan sur l&rsquo;inculpation de Netanyahou et le cessez-le-feu au Liban"},"content":{"rendered":"<p> <br \/>\n<\/p>\n<div id=\"article-text\">\n<div class=\"article-text-images crayon article-texte-221554 \">\n<div align=\"center\"><img loading=\"lazy\" decoding=\"async\" src=\"https:\/\/www.voltairenet.org\/local\/cache-vignettes\/L784xH490\/400_-_1-384-d0289.jpg?1732869211\" class=\"spip_logo\" width=\"784\" height=\"490\" alt=\"\"\/><\/div>\n<p>Dans sa chronique pour le <i>Courrier des strat\u00e8ges<\/i>, Thierry Meyssan d\u00e9nonce la mise en sc\u00e8ne de l\u2019inculpation de Benyamin Netanyahou par la Cour p\u00e9nale internationale et le cessez-le-feu non-\u00e9crit au Liban.<\/p>\n<p><iframe loading=\"lazy\" title=\"Meyssan : &quot;Netanyahou a financ\u00e9 le Hamas et menti \u00e0 son peuple&quot;\" width=\"1110\" height=\"624\" src=\"https:\/\/www.youtube.com\/embed\/MYN_qFM9FAo?feature=oembed\" frameborder=\"0\" allow=\"accelerometer; autoplay; clipboard-write; encrypted-media; gyroscope; picture-in-picture; web-share\" referrerpolicy=\"strict-origin-when-cross-origin\" allowfullscreen><\/iframe>\n<\/div>\n<aside>\n<\/aside>\n<div class=\"follow\" id=\"social\">\n<h4>Restez en contact<\/h4>\n<div class=\"follow-left\">\n<h5>Suivez-nous sur les r\u00e9seaux sociaux<\/h5>\n<p><a target=\"_blank\" href=\"https:\/\/www.facebook.com\/R%C3%A9seau-Voltaire-en-fran%C3%A7ais-106616878523973\" title=\"\" target=\"_blank\"><img decoding=\"async\" src=\"https:\/\/www.voltairenet.org\/squelettes\/images\/follow-fb.png\" alt=\"\"\/><\/a><br \/>\n<a target=\"_blank\" href=\"https:\/\/t.me\/reseauvoltaire\" title=\"\" target=\"_blank\"><img decoding=\"async\" src=\"https:\/\/www.voltairenet.org\/squelettes\/images\/follow-tg.png\" alt=\"\"\/><\/a><br \/>\n<a target=\"_blank\" href=\"https:\/\/twitter.com\/voltairenetFr\" title=\"\" target=\"_blank\"><img decoding=\"async\" src=\"https:\/\/www.voltairenet.org\/squelettes\/images\/follow-tw.png\" alt=\"\"\/><\/a>\n<\/div>\n<p><h5>Subscribe to weekly newsletter<\/h5>\n<\/p>\n<\/div>\n<p><!--\n\n<div><\/div>\n\n--><\/p>\n<\/div>\n<p><script async src=\"\/\/platform.twitter.com\/widgets.js\" charset=\"utf-8\"><\/script><br \/>\n<br \/><br \/>\n<br \/><a href=\"https:\/\/www.voltairenet.org\/article221554.html\" target=\"_blank\"\">Source link <\/a><\/p>\n","protected":false},"excerpt":{"rendered":"<p>Dans sa chronique pour le Courrier des strat\u00e8ges, Thierry Meyssan d\u00e9nonce la mise en sc\u00e8ne de l\u2019inculpation de Benyamin Netanyahou par la Cour p\u00e9nale internationale et le cessez-le-feu non-\u00e9crit au&hellip; <\/p>\n","protected":false},"author":1,"featured_media":1157,"comment_status":"open","ping_status":"open","sticky":false,"template":"","format":"standard","meta":{"footnotes":""},"categories":[1],"tags":[],"class_list":["post-1156","post","type-post","status-publish","format-standard","has-post-thumbnail","hentry","category-non-classe"],"_links":{"self":[{"href":"https:\/\/monde25.info\/index.php\/wp-json\/wp\/v2\/posts\/1156","targetHints":{"allow":["GET"]}}],"collection":[{"href":"https:\/\/monde25.info\/index.php\/wp-json\/wp\/v2\/posts"}],"about":[{"href":"https:\/\/monde25.info\/index.php\/wp-json\/wp\/v2\/types\/post"}],"author":[{"embeddable":true,"href":"https:\/\/monde25.info\/index.php\/wp-json\/wp\/v2\/users\/1"}],"replies":[{"embeddable":true,"href":"https:\/\/monde25.info\/index.php\/wp-json\/wp\/v2\/comments?post=1156"}],"version-history":[{"count":0,"href":"https:\/\/monde25.info\/index.php\/wp-json\/wp\/v2\/posts\/1156\/revisions"}],"wp:featuredmedia":[{"embeddable":true,"href":"https:\/\/monde25.info\/index.php\/wp-json\/wp\/v2\/media\/1157"}],"wp:attachment":[{"href":"https:\/\/monde25.info\/index.php\/wp-json\/wp\/v2\/media?parent=1156"}],"wp:term":[{"taxonomy":"category","embeddable":true,"href":"https:\/\/monde25.info\/index.php\/wp-json\/wp\/v2\/categories?post=1156"},{"taxonomy":"post_tag","embeddable":true,"href":"https:\/\/monde25.info\/index.php\/wp-json\/wp\/v2\/tags?post=1156"}],"curies":[{"name":"wp","href":"https:\/\/api.w.org\/{rel}","templated":true}]}}