{"id":1160,"date":"2024-11-29T13:53:05","date_gmt":"2024-11-29T12:53:05","guid":{"rendered":"https:\/\/monde25.info\/index.php\/2024\/11\/29\/le-ministre-de-la-peche-eclabousse\/"},"modified":"2024-11-29T13:53:05","modified_gmt":"2024-11-29T12:53:05","slug":"le-ministre-de-la-peche-eclabousse","status":"publish","type":"post","link":"https:\/\/monde25.info\/index.php\/2024\/11\/29\/le-ministre-de-la-peche-eclabousse\/","title":{"rendered":"le ministre de la P\u00eache \u00e9clabouss\u00e9"},"content":{"rendered":"<p> <br \/>\n<\/p>\n<div>\n<p>    <span class=\"date\">29 novembre 2024  \u00e0 12h52<\/span><\/p>\n<p class=\"duree_lecture\">\n        Dur\u00e9e de lecture : 4 minutes\n      <\/p>\n<\/p><\/div>\n<div>\n<p>Prise ill\u00e9gale d\u2019int\u00e9r\u00eats, d\u00e9tournement de fonds publics, recel et blanchiment&#8230; Le m\u00e9gaprojet Ker\u2019Oman fait l\u2019objet d\u2019une enqu\u00eate pr\u00e9liminaire men\u00e9e par le parquet national financier (<span class=\"caps\">PNF<\/span>). Mardi 26\u00a0novembre 2024, les enqu\u00eateurs ont effectu\u00e9 plusieurs perquisitions \u00e0 Lorient (Morbihan), notamment dans les locaux de la <span class=\"caps\">SEM<\/span> Keroman, soci\u00e9t\u00e9 au c\u0153ur des soup\u00e7ons des enqu\u00eateurs. Cette affaire met en cause des figures majeures de la politique locale et nationale, parmi lesquelles Fabrice Loher, ministre de la Mer et de la P\u00eache et maire de Lorient.\u00a0<\/p>\n<p>R\u00e9v\u00e9l\u00e9e par <i><a target=\"_blank\" href=\"https:\/\/www.letelegramme.fr\/morbihan\/lorient-56100\/des-perquisitions-en-cours-au-port-de-peche-de-lorient-keroman-6710642.php\" class=\"spip_out\" rel=\"external\">Le T\u00e9l\u00e9gramme<\/a><\/i>, ces perquisitions constituent un nouveau rebondissement pour le projet de construction d\u2019un port international \u00e0 Duqm, au sultanat d\u2019Oman, pays de la p\u00e9ninsule arabique. Initi\u00e9 pour diversifier les activit\u00e9s du port breton, ce projet est port\u00e9 par la <span class=\"caps\">SEM<\/span> Keroman, une soci\u00e9t\u00e9 mixte majoritairement d\u00e9tenue par Lorient Agglom\u00e9ration.<\/p>\n<p>Cette collectivit\u00e9 est pr\u00e9sid\u00e9e par Fabrice Loher, qui a \u00e9galement nomm\u00e9 Olivier Le N\u00e9zet, patron de la p\u00eache fran\u00e7aise, \u00e0 la t\u00eate de la <span class=\"caps\">SEM<\/span>.\u00a0<i>\u00ab<small class=\"fine d-inline\">\u00a0<\/small>\u00c0 ce stade, les questionnements sont importants et graves<small class=\"fine d-inline\">\u00a0<\/small>\u00bb<\/i>, r\u00e9agit Damien Girard, d\u00e9put\u00e9 Les \u00c9cologistes et \u00e9lu d\u2019opposition \u00e0 la mairie de Lorient. <i>\u00ab<small class=\"fine d-inline\">\u00a0<\/small>Le parquet national financier doit consid\u00e9rer le sujet suffisamment important pour venir \u00e0 Lorient.<small class=\"fine d-inline\">\u00a0<\/small>\u00bb<\/i><\/p>\n<p>Outre les questions judiciaires, ce projet a d\u00e9j\u00e0 suscit\u00e9 des critiques \u00e9cologiques et \u00e9conomiques\u00a0: il s\u2019agirait en effet d\u2019importer des tonnes de poissons d\u2019Oman pour alimenter la cri\u00e9e de Lorient, par avion-cargo ou par bateau&#8230;<\/p>\n<h2 class=\"spip\">Un \u00e9lu&#8230; entr\u00e9 au capital de la <span class=\"caps\">SAS<\/span><\/h2>\n<p>L\u2019enqu\u00eate du <span class=\"caps\">PNF<\/span> s\u2019appuie sur un signalement effectu\u00e9 par l\u2019association Anticor Morbihan en janvier 2024. Parmi les principaux points soulev\u00e9s figure le cas de Freddie Follezou, ancien vice-pr\u00e9sident de Lorient Agglom\u00e9ration charg\u00e9 du d\u00e9veloppement \u00e9conomique.<\/p>\n<p>Trois mois apr\u00e8s sa d\u00e9mission en 2020 <i>\u00ab<small class=\"fine d-inline\">\u00a0<\/small>pour raisons personnelles<small class=\"fine d-inline\">\u00a0<\/small>\u00bb<\/i>, Freddie Follezou est entr\u00e9 au capital de la <span class=\"caps\">SAS<\/span> Ker\u2019Oman, une soci\u00e9t\u00e9 cr\u00e9\u00e9e pour investir dans le projet au sultanat. Or, selon la loi, un \u00e9lu ne peut s\u2019impliquer financi\u00e8rement dans un projet qu\u2019il a supervis\u00e9 dans un d\u00e9lai de trois ans suivant son d\u00e9part.<\/p>\n<p><i>\u00ab<small class=\"fine d-inline\">\u00a0<\/small>Cela m\u2019a fait soup\u00e7onner une prise ill\u00e9gale d\u2019int\u00e9r\u00eats et un d\u00e9tournement de fonds publics<small class=\"fine d-inline\">\u00a0<\/small>\u00bb<\/i>, dit St\u00e9phane Bigata, cor\u00e9f\u00e9rent d\u2019Anticor 56. <i>\u00ab<small class=\"fine d-inline\">\u00a0<\/small>Je l\u2019ai signal\u00e9 au procureur de Lorient dans l\u2019espoir qu\u2019il d\u00e9noue l\u2019ensemble de l\u2019affaire<small class=\"fine d-inline\">\u00a0<\/small>\u00bb<\/i>.<\/p>\n<p>Si Freddie Follezou a r\u00e9fut\u00e9 ces accusations dans la presse locale, cette anomalie s\u2019ajoute \u00e0 d\u2019autres irr\u00e9gularit\u00e9s suspect\u00e9es par Anticor. L\u2019utilisation de pr\u00eats remboursables allou\u00e9s au projet par Lorient Agglom\u00e9ration (475 000 euros) et la r\u00e9gion Bretagne (250 000 euros) notamment. <i>\u00ab<small class=\"fine d-inline\">\u00a0<\/small>Les organismes publics ont aid\u00e9 \u00e0 remporter le march\u00e9 et dans la configuration actuelle, le b\u00e9n\u00e9fice ira au priv\u00e9<small class=\"fine d-inline\">\u00a0<\/small>\u00bb<\/i>, fait savoir \u00e0 <i>Reporterre<\/i> une autre source proche du dossier.<\/p>\n<p>De son c\u00f4t\u00e9, Damien Girard confirme\u00a0: <i>\u00ab<small class=\"fine d-inline\">\u00a0<\/small>La collectivit\u00e9 locale n\u2019a pas pour ambition de servir de marchepied \u00e0 l\u2019enrichissement de particuliers \u00e0 l\u2019autre bout de la plan\u00e8te. Il n\u2019y a aucun int\u00e9r\u00eat pour le territoire de Lorient \u00e0 investir l\u00e0-bas<small class=\"fine d-inline\">\u00a0<\/small>\u00bb<\/i>.<\/p>\n<h2 class=\"spip\">Le ministre de la P\u00eache signal\u00e9 par Anticor<\/h2>\n<p>Les r\u00f4les cumul\u00e9s d\u2019Olivier Le N\u00e9zet et Fabrice Loher dans cette affaire interrogent. Pr\u00e9sident de la <span class=\"caps\">SEM<\/span> Keroman et cumulant 24 mandats, dont celui de patron du puissant Comit\u00e9 national des p\u00eaches, Olivier Le N\u00e9zet est aussi <i>\u00ab<small class=\"fine d-inline\">\u00a0<\/small>salari\u00e9<small class=\"fine d-inline\">\u00a0<\/small>\u00bb<\/i> de Lorient Agglom\u00e9ration, pr\u00e9sid\u00e9e par Loher.<\/p>\n<p>En 2020, Fabrice Loher a nomm\u00e9 Le N\u00e9zet \u00e0 la t\u00eate de la <span class=\"caps\">SEM<\/span> Keroman, lui permettant d\u2019occuper des fonctions strat\u00e9giques dans la gestion du port. Tous deux figurent parmi les huit personnes vis\u00e9es par le signalement d\u2019Anticor, aux c\u00f4t\u00e9s de Freddie Follezou et de membres du conseil d\u2019administration de la <span class=\"caps\">SEM<\/span>.\u00a0<\/p>\n<blockquote class=\"spip\">\n<p>\u00ab<small class=\"fine d-inline\">\u00a0<\/small>Fabrice Loher devrait d\u00e9missionner<small class=\"fine d-inline\">\u00a0<\/small>\u00bb<\/p>\n<\/blockquote>\n<p><i>\u00ab<small class=\"fine d-inline\">\u00a0<\/small>La confiance n\u2019est plus l\u00e0. Fabrice Loher devrait d\u00e9missionner<small class=\"fine d-inline\">\u00a0<\/small>\u00bb<\/i>, estime David Le Quintrec, p\u00eacheur de Lorient et pr\u00e9sident de l\u2019Union fran\u00e7aise des p\u00eacheurs artisans. <a target=\"_blank\" href=\"https:\/\/x.com\/DQuintrec74501\/status\/1861457035310588238\" class=\"spip_out\" rel=\"external\">Sur X<\/a>, il n\u2019a pas h\u00e9sit\u00e9 \u00e0 qualifier la situation de <i>\u00ab<small class=\"fine d-inline\">\u00a0<\/small>mafia lorientaise<small class=\"fine d-inline\">\u00a0<\/small>\u00bb<\/i>. Fabrice Loher, sollicit\u00e9 par <i>Reporterre<\/i>, n\u2019a pas r\u00e9pondu \u00e0 nos questions. Dans un communiqu\u00e9, il a toutefois indiqu\u00e9 <i>\u00ab<small class=\"fine d-inline\">\u00a0<\/small>prendre acte de la perquisition<small class=\"fine d-inline\">\u00a0<\/small>\u00bb<\/i> men\u00e9e par le <span class=\"caps\">PNF<\/span>, et a d\u00e9clar\u00e9 souhaiter <i>\u00ab<small class=\"fine d-inline\">\u00a0<\/small>que le recueil d\u2019informations se d\u00e9roule dans la plus grande transparence<small class=\"fine d-inline\">\u00a0<\/small>\u00bb<\/i>, <a target=\"_blank\" href=\"https:\/\/www.ouest-france.fr\/societe\/faits-divers\/perquisitions-au-port-de-peche-de-lorient-keroman-ce-que-lon-sait-de-lenquete-en-cours-17391812-ac06-11ef-9f0f-abd6acfb270c\" class=\"spip_out\" rel=\"external\">dans le journal Ouest-France<\/a>.<\/p>\n<p>Le projet Ker\u2019Oman, cens\u00e9 dynamiser l\u2019\u00e9conomie maritime bretonne, semble aujourd\u2019hui en eaux troubles avec ces controverses politiques, \u00e9cologiques et judiciaires.<\/p>\n<aside class=\"boite_encarts\">\n<div class=\"encart encart_gris noprint\">\n<p><strong>Il est de retour.<\/strong><\/p>\n<p>Dans quelques semaines, Donald Trump se r\u00e9-installera \u00e0 la Maison Blanche.<\/p>\n<p>Un milliardaire, pour qui le r\u00e9chauffement climatique est \u00ab<small class=\"fine d-inline\">\u00a0<\/small>un canular<small class=\"fine d-inline\">\u00a0<\/small>\u00bb, sera \u00e0 la t\u00eate de la plus grande puissance mondiale.<\/p>\n<p>Dans une d\u00e9cennie cruciale pour l\u2019\u00e9cologie, nous ne pouvons pas nous permettre de perdre plus de temps.<\/p>\n<p>La soci\u00e9t\u00e9 civile doit continuer de se soulever, de se mobiliser et de faire pression sur les puissants.<\/p>\n<p>Mais pour agir, il faut savoir.<\/p>\n<p><strong>Depuis 11 ans, nous publions des articles de qualit\u00e9 sur l\u2019\u00e9cologie, en acc\u00e8s libre et sans publicit\u00e9, pour tous.<\/strong><\/p>\n<p>Nous avons la conviction que l\u2019urgence \u00e9cologique est l\u2019enjeu majeur de notre \u00e9poque.<br class=\"autobr\"\/><br \/>\n Et comme plus de 2 millions de lectrices et lecteurs chaque mois, vous partagez sans doute cette conviction&#8230;<\/p>\n<p>Alors si vous en avez les moyens, sachez qu\u2019un don, m\u00eame d\u20191\u20ac, est un acte de soutien fort pour l\u2019\u00e9cologie et le journalisme ind\u00e9pendant.<br class=\"autobr\"\/><br \/>\n (Et \u00e7a vous prendra moins de temps que la lecture de ce texte).<\/p>\n<p><strong>Si vous le pouvez, choisissez un soutien mensuel. Merci.<\/strong><\/p>\n<p><a target=\"_blank\" href=\"https:\/\/reporterre.net\/dons\" class=\"bt_soutenir\">Je soutiens <i>Reporterre<\/i><\/a><\/p>\n<\/p><\/div>\n<div class=\"encart encart_vert noprint montre_1023\">\n<div class=\"infolettre-form-container noprint\">\n<p>Abonnez-vous \u00e0 la lettre d\u2019info de Reporterre<\/p>\n<\/div><\/div>\n<\/aside>\n<aside class=\"boite_apresarticle encart_note\">\n<h4>Apr\u00e8s cet article<\/h4>\n<p>      <a target=\"_blank\" href=\"https:\/\/reporterre.net\/Du-poisson-importe-par-avion-l-etrange-alliance-entre-Lorient-et-le-Sultanat-d-Oman\" class=\"lien_article\">\n      <picture class=\"vignette_gauche\"><source type=\"image\/webp\" srcset=\"https:\/\/reporterre.net\/local\/cache-gd2\/91\/9a3c63ff013191b2c3d97feeb91cba.jpg@.webp?1730136150\"><img decoding=\"async\" src=\"https:\/\/reporterre.net\/local\/cache-gd2\/91\/9a3c63ff013191b2c3d97feeb91cba.jpg?1730136150\" width=\"450\" height=\"300\" alt=\"\" class=\"marge12\" loading=\"lazy\"\/><br \/>\n<\/source><\/picture>\n<p class=\"libelle\">\n<p>          Reportage \u2014<\/p>\n<p>      P\u00eache\n    <\/p>\n<p class=\"titre pol20\">Au m\u00e9pris de l\u2019\u00e9cologie, le port de Lorient veut importer du poisson depuis Oman<\/p>\n<p>      <\/a><br \/>\n    <\/aside>\n<aside class=\"boite_complement texte\">\n<p>      <!-- zone_forum --><br \/>\n          <\/aside>\n<aside class=\"boite_lireaussi noprint\">\n<\/aside>\n<aside class=\"colonne\">\n<div class=\"article_info cache_1023 noprint\">\n<p>    <span class=\"date\">29 novembre 2024  \u00e0 12h52<\/span><\/p>\n<p class=\"duree_lecture\">\n        Dur\u00e9e de lecture : 4 minutes\n      <\/p>\n<\/p><\/div>\n<div class=\"bloc_infolettre\">\n<div class=\"infolettre-form-container noprint\">\n<p>Abonnez-vous \u00e0 la lettre d\u2019info de Reporterre<\/p>\n<\/div><\/div>\n<\/aside>\n<div id=\"galerie\">\n  <img decoding=\"async\" src=\"\" class=\"principale\" id=\"principale\"\/><\/p>\n<p id=\"legende\">legende<\/p>\n<\/div>\n<footer class=\"noprint\">\n<\/footer>\n<\/div>\n<p><br \/>\n<br \/><a href=\"https:\/\/reporterre.net\/Perquisition-au-port-de-peche-de-Lorient-le-ministre-de-la-peche-eclabousse\" target=\"_blank\"\">Source link <\/a><\/p>\n","protected":false},"excerpt":{"rendered":"<p>29 novembre 2024 \u00e0 12h52 Dur\u00e9e de lecture : 4 minutes Prise ill\u00e9gale d\u2019int\u00e9r\u00eats, d\u00e9tournement de fonds publics, recel et blanchiment&#8230; Le m\u00e9gaprojet Ker\u2019Oman fait l\u2019objet d\u2019une enqu\u00eate pr\u00e9liminaire men\u00e9e&hellip; <\/p>\n","protected":false},"author":1,"featured_media":1161,"comment_status":"open","ping_status":"open","sticky":false,"template":"","format":"standard","meta":{"footnotes":""},"categories":[1],"tags":[],"class_list":["post-1160","post","type-post","status-publish","format-standard","has-post-thumbnail","hentry","category-non-classe"],"_links":{"self":[{"href":"https:\/\/monde25.info\/index.php\/wp-json\/wp\/v2\/posts\/1160","targetHints":{"allow":["GET"]}}],"collection":[{"href":"https:\/\/monde25.info\/index.php\/wp-json\/wp\/v2\/posts"}],"about":[{"href":"https:\/\/monde25.info\/index.php\/wp-json\/wp\/v2\/types\/post"}],"author":[{"embeddable":true,"href":"https:\/\/monde25.info\/index.php\/wp-json\/wp\/v2\/users\/1"}],"replies":[{"embeddable":true,"href":"https:\/\/monde25.info\/index.php\/wp-json\/wp\/v2\/comments?post=1160"}],"version-history":[{"count":0,"href":"https:\/\/monde25.info\/index.php\/wp-json\/wp\/v2\/posts\/1160\/revisions"}],"wp:featuredmedia":[{"embeddable":true,"href":"https:\/\/monde25.info\/index.php\/wp-json\/wp\/v2\/media\/1161"}],"wp:attachment":[{"href":"https:\/\/monde25.info\/index.php\/wp-json\/wp\/v2\/media?parent=1160"}],"wp:term":[{"taxonomy":"category","embeddable":true,"href":"https:\/\/monde25.info\/index.php\/wp-json\/wp\/v2\/categories?post=1160"},{"taxonomy":"post_tag","embeddable":true,"href":"https:\/\/monde25.info\/index.php\/wp-json\/wp\/v2\/tags?post=1160"}],"curies":[{"name":"wp","href":"https:\/\/api.w.org\/{rel}","templated":true}]}}