{"id":11620,"date":"2025-07-07T07:14:58","date_gmt":"2025-07-07T05:14:58","guid":{"rendered":"https:\/\/monde25.info\/index.php\/2025\/07\/07\/soccuper-dun-potager-un-joyeux-fil-a-la-patte\/"},"modified":"2025-07-07T07:14:58","modified_gmt":"2025-07-07T05:14:58","slug":"soccuper-dun-potager-un-joyeux-fil-a-la-patte","status":"publish","type":"post","link":"https:\/\/monde25.info\/index.php\/2025\/07\/07\/soccuper-dun-potager-un-joyeux-fil-a-la-patte\/","title":{"rendered":"\u00ab\u00a0S&#039;occuper d&#039;un potager, un joyeux fil \u00e0 la patte\u00a0\u00bb"},"content":{"rendered":"<p> <br \/>\n<br \/><img loading=\"lazy\" decoding=\"async\" src=\"https:\/\/reporterre.net\/local\/cache-vignettes\/L700xH467\/tisserlienjardin3bassdef-64145.jpg?1751614812\" class=\"spip_logo\" width=\"700\" height=\"467\" alt=\"\" \/><\/p>\n<p>\u00c0 l&rsquo;heure des d\u00e9parts en vacances d&rsquo;\u00e9t\u00e9, notre chroniqueuse d\u00e9crit l&rsquo;attachement qu&rsquo;elle ressent vis-\u00e0-vis de son potager. L&rsquo;impossibilit\u00e9 de le quitter longtemps est devenue pour elle synonyme d&rsquo;autonomie et de libert\u00e9. <br class=\"autobr\" \/> Notre journaliste Marie Astier a un grand potager, chez elle, dans les C\u00e9vennes. Dans cette chronique, elle livre astuces et r\u00e9flexions parce que jardiner\u2026 c&rsquo;est politique. <br class=\"autobr\" \/><br \/>\nNous sommes partis une semaine au mois de juin. Celui o\u00f9 tout est plant\u00e9, o\u00f9 nos l\u00e9gumes\u00a0(\u2026)<\/p>\n<p>                    <a target=\"_blank\" href=\"https:\/\/reporterre.net\/S-occuper-d-un-potager-un-joyeux-fil-a-la-patte?utm_source=RSS&amp;utm_medium=RSS\">Lire la suite<\/a><\/p>\n<p>                    &#8211;<br \/>\n                        <a target=\"_blank\" href=\"https:\/\/reporterre.net\/CHRONIQUES-22\" rel=\"directory\">Chronique<\/a><\/p>\n<p>                    \/<br \/>\n                        <a target=\"_blank\" href=\"https:\/\/reporterre.net\/Agriculture\" rel=\"tag\">Agriculture<\/a><br \/>\n                    ,<br \/>\n                        <a target=\"_blank\" href=\"https:\/\/reporterre.net\/Potager-politique\" rel=\"tag\">Potager politique<\/a><br \/>\n<br \/><br \/>\n<br \/><a href=\"https:\/\/reporterre.net\/S-occuper-d-un-potager-un-joyeux-fil-a-la-patte\" target=\"_blank\"\">Source link <\/a><\/p>\n","protected":false},"excerpt":{"rendered":"<p>\u00c0 l&rsquo;heure des d\u00e9parts en vacances d&rsquo;\u00e9t\u00e9, notre chroniqueuse d\u00e9crit l&rsquo;attachement qu&rsquo;elle ressent vis-\u00e0-vis de son potager. L&rsquo;impossibilit\u00e9 de le quitter longtemps est devenue pour elle synonyme d&rsquo;autonomie et de&hellip; <\/p>\n","protected":false},"author":1,"featured_media":0,"comment_status":"open","ping_status":"open","sticky":false,"template":"","format":"standard","meta":{"footnotes":""},"categories":[1],"tags":[],"class_list":["post-11620","post","type-post","status-publish","format-standard","hentry","category-non-classe"],"_links":{"self":[{"href":"https:\/\/monde25.info\/index.php\/wp-json\/wp\/v2\/posts\/11620","targetHints":{"allow":["GET"]}}],"collection":[{"href":"https:\/\/monde25.info\/index.php\/wp-json\/wp\/v2\/posts"}],"about":[{"href":"https:\/\/monde25.info\/index.php\/wp-json\/wp\/v2\/types\/post"}],"author":[{"embeddable":true,"href":"https:\/\/monde25.info\/index.php\/wp-json\/wp\/v2\/users\/1"}],"replies":[{"embeddable":true,"href":"https:\/\/monde25.info\/index.php\/wp-json\/wp\/v2\/comments?post=11620"}],"version-history":[{"count":0,"href":"https:\/\/monde25.info\/index.php\/wp-json\/wp\/v2\/posts\/11620\/revisions"}],"wp:attachment":[{"href":"https:\/\/monde25.info\/index.php\/wp-json\/wp\/v2\/media?parent=11620"}],"wp:term":[{"taxonomy":"category","embeddable":true,"href":"https:\/\/monde25.info\/index.php\/wp-json\/wp\/v2\/categories?post=11620"},{"taxonomy":"post_tag","embeddable":true,"href":"https:\/\/monde25.info\/index.php\/wp-json\/wp\/v2\/tags?post=11620"}],"curies":[{"name":"wp","href":"https:\/\/api.w.org\/{rel}","templated":true}]}}