{"id":11629,"date":"2025-07-07T10:35:57","date_gmt":"2025-07-07T08:35:57","guid":{"rendered":"https:\/\/monde25.info\/index.php\/2025\/07\/07\/des-cicatrices-genetiques-transmises-sur-trois-generations-les-moutons-enrages\/"},"modified":"2025-07-07T10:35:57","modified_gmt":"2025-07-07T08:35:57","slug":"des-cicatrices-genetiques-transmises-sur-trois-generations-les-moutons-enrages","status":"publish","type":"post","link":"https:\/\/monde25.info\/index.php\/2025\/07\/07\/des-cicatrices-genetiques-transmises-sur-trois-generations-les-moutons-enrages\/","title":{"rendered":"Des cicatrices g\u00e9n\u00e9tiques transmises sur trois g\u00e9n\u00e9rations \u2013 Les moutons enrag\u00e9s"},"content":{"rendered":"<p> <br \/>\n<\/p>\n<div id=\"post-167603\">\n<div class=\"entry-content\">\n<p>Par <a target=\"_blank\" href=\"https:\/\/lemediaen442.fr\/traumatismes-de-lenfance-des-cicatrices-genetiques-transmises-sur-trois-generations\/\" data-type=\"link\" data-id=\"https:\/\/lemediaen442.fr\/traumatismes-de-lenfance-des-cicatrices-genetiques-transmises-sur-trois-generations\/\">Le M\u00e9dia en 4.4.2.<\/a><\/p>\n<p>Les abus subis pendant l\u2019enfance laissent des traces durables, bien au-del\u00e0 des s\u00e9quelles psychologiques. Une \u00e9tude r\u00e9v\u00e8le que ces traumatismes modifient chimiquement l\u2019ADN, affectant parfois jusqu\u2019\u00e0 trois g\u00e9n\u00e9rations.<\/p>\n<div class=\"wp-block-image\">\n<figure class=\"aligncenter size-large is-resized\"><img fetchpriority=\"high\" decoding=\"async\" width=\"495\" height=\"330\" src=\"https:\/\/lesmoutonsenrages.fr\/wp-content\/uploads\/2025\/06\/image-199-495x330.png\" alt=\"\" class=\"wp-image-167605\" style=\"width:441px;height:auto\" srcset=\"https:\/\/lesmoutonsenrages.fr\/wp-content\/uploads\/2025\/06\/image-199-495x330.png 495w, https:\/\/lesmoutonsenrages.fr\/wp-content\/uploads\/2025\/06\/image-199-250x167.png 250w, https:\/\/lesmoutonsenrages.fr\/wp-content\/uploads\/2025\/06\/image-199-150x100.png 150w, https:\/\/lesmoutonsenrages.fr\/wp-content\/uploads\/2025\/06\/image-199.png 768w\" sizes=\"(max-width: 495px) 100vw, 495px\" data-pagespeed-url-hash=\"1407984561\" onload=\"pagespeed.CriticalImages.checkImageForCriticality(this);\"\/><figcaption class=\"wp-element-caption\"><em>Les s\u00e9quelles des violences subies dans l\u2019enfance ne sont pas seulement psychologiques : elles s\u2019inscrivent dans l\u2019ADN.<\/em><\/figcaption><\/figure>\n<\/div>\n<h3 class=\"wp-block-heading\">Les g\u00e8nes marqu\u00e9s par la souffrance<\/h3>\n<p>Les chercheurs ont identifi\u00e9 des modifications \u00e9pig\u00e9n\u00e9tiques \u2013 des \u00ab\u00a0marques\u00a0\u00bb sur l\u2019ADN \u2013 chez les victimes de maltraitance. Ces alt\u00e9rations, li\u00e9es \u00e0 un g\u00e8ne r\u00e9gulant le stress, sont particuli\u00e8rement prononc\u00e9es chez les descendants directs, y compris ceux n\u2019ayant jamais subi de violences. Une \u00e9tude sur des souris a confirm\u00e9 ce m\u00e9canisme : le stress pr\u00e9coce modifie les spermatozo\u00efdes, transmettant troubles anxieux et comportementaux aux g\u00e9n\u00e9rations suivantes.<\/p>\n<h3 class=\"wp-block-heading\">Une lueur d\u2019espoir : effacer les stigmates du pass\u00e9<\/h3>\n<p>Si ces marques semblent permanentes, elles ne sont pas irr\u00e9versibles. M\u00e9dicaments et th\u00e9rapies pourraient \u00ab\u00a0r\u00e9parer\u00a0\u00bb l\u2019ADN, offrant une voie de gu\u00e9rison biologique en plus du traitement psychologique. Une d\u00e9couverte qui souligne l\u2019urgence de prendre en charge les victimes\u2026 avant que leur souffrance ne devienne un h\u00e9ritage familial.<\/p>\n<p><iframe loading=\"lazy\" title=\"Les traumatismes de l&#039;enfance marquent l&#039;ADN et le cerveau \/ Traumatismes transg\u00e9n\u00e9rationnels &amp; ADN\" width=\"1110\" height=\"624\" src=\"https:\/\/www.youtube.com\/embed\/AoGN-FiI3YI?feature=oembed\" frameborder=\"0\" allow=\"accelerometer; autoplay; clipboard-write; encrypted-media; gyroscope; picture-in-picture; web-share\" referrerpolicy=\"strict-origin-when-cross-origin\" allowfullscreen><\/iframe><\/p>\n<p><em>par\u00a0<a target=\"_blank\" href=\"https:\/\/lemediaen442.fr\/auteur\/yoann\/\">Yoann<\/a><\/em><\/p>\n<p>Tous les articles, la tribune libre et les commentaires sont sous la responsabilit\u00e9 de leurs auteurs. Les Moutons Enrag\u00e9s ne sauraient \u00eatre tenus responsables de leur contenu ou orientation en les publiant ou republiant sur le site.<\/p>\n<\/div>\n<footer class=\"entry-meta\">\n<span class=\"bl_bookmark\"><i class=\"crycon-bookmark crycon-metas\" title=\"Marquer le permalien\"\/> <a target=\"_blank\" href=\"https:\/\/lesmoutonsenrages.fr\/2025\/06\/29\/traumatismes-de-lenfance-des-cicatrices-genetiques-transmises-sur-trois-generations\/\" title=\"Permalien \u00e0  Traumatismes de l\u2019enfance : Des cicatrices g\u00e9n\u00e9tiques transmises sur trois g\u00e9n\u00e9rations\" rel=\"bookmark\"> Signet<\/a>.<\/span>\t<\/footer>\n<\/div>\n<p><br \/>\n<br \/><a href=\"https:\/\/lesmoutonsenrages.fr\/2025\/06\/29\/traumatismes-de-lenfance-des-cicatrices-genetiques-transmises-sur-trois-generations\/\" target=\"_blank\"\">Source link <\/a><\/p>\n","protected":false},"excerpt":{"rendered":"<p>Par Le M\u00e9dia en 4.4.2. Les abus subis pendant l\u2019enfance laissent des traces durables, bien au-del\u00e0 des s\u00e9quelles psychologiques. Une \u00e9tude r\u00e9v\u00e8le que ces traumatismes modifient chimiquement l\u2019ADN, affectant parfois&hellip; <\/p>\n","protected":false},"author":1,"featured_media":11630,"comment_status":"open","ping_status":"open","sticky":false,"template":"","format":"standard","meta":{"footnotes":""},"categories":[1],"tags":[],"class_list":["post-11629","post","type-post","status-publish","format-standard","has-post-thumbnail","hentry","category-non-classe"],"_links":{"self":[{"href":"https:\/\/monde25.info\/index.php\/wp-json\/wp\/v2\/posts\/11629","targetHints":{"allow":["GET"]}}],"collection":[{"href":"https:\/\/monde25.info\/index.php\/wp-json\/wp\/v2\/posts"}],"about":[{"href":"https:\/\/monde25.info\/index.php\/wp-json\/wp\/v2\/types\/post"}],"author":[{"embeddable":true,"href":"https:\/\/monde25.info\/index.php\/wp-json\/wp\/v2\/users\/1"}],"replies":[{"embeddable":true,"href":"https:\/\/monde25.info\/index.php\/wp-json\/wp\/v2\/comments?post=11629"}],"version-history":[{"count":0,"href":"https:\/\/monde25.info\/index.php\/wp-json\/wp\/v2\/posts\/11629\/revisions"}],"wp:featuredmedia":[{"embeddable":true,"href":"https:\/\/monde25.info\/index.php\/wp-json\/wp\/v2\/media\/11630"}],"wp:attachment":[{"href":"https:\/\/monde25.info\/index.php\/wp-json\/wp\/v2\/media?parent=11629"}],"wp:term":[{"taxonomy":"category","embeddable":true,"href":"https:\/\/monde25.info\/index.php\/wp-json\/wp\/v2\/categories?post=11629"},{"taxonomy":"post_tag","embeddable":true,"href":"https:\/\/monde25.info\/index.php\/wp-json\/wp\/v2\/tags?post=11629"}],"curies":[{"name":"wp","href":"https:\/\/api.w.org\/{rel}","templated":true}]}}