{"id":1164,"date":"2024-11-29T15:02:58","date_gmt":"2024-11-29T14:02:58","guid":{"rendered":"https:\/\/monde25.info\/index.php\/2024\/11\/29\/deces-du-maitre-du-droit-francais-a-lorigine-des-mandats-darret-de-la-cpi\/"},"modified":"2024-11-29T15:02:58","modified_gmt":"2024-11-29T14:02:58","slug":"deces-du-maitre-du-droit-francais-a-lorigine-des-mandats-darret-de-la-cpi","status":"publish","type":"post","link":"https:\/\/monde25.info\/index.php\/2024\/11\/29\/deces-du-maitre-du-droit-francais-a-lorigine-des-mandats-darret-de-la-cpi\/","title":{"rendered":"D\u00e9c\u00e8s du \u00abma\u00eetre du droit\u00bb fran\u00e7ais \u00e0 l\u2019origine des mandats d\u2019arr\u00eat de la CPI"},"content":{"rendered":"<p> <br \/>\n<\/p>\n<div>\n<p>par <strong>Ramona Wadi<\/strong><\/p>\n<p>Gilles Devers, avocat et docteur en droit fran\u00e7ais, est d\u00e9c\u00e9d\u00e9 mardi. Le \u00abchampion de la justice palestinienne\u00bb avait 68 ans.<\/p>\n<p>Devers \u00e9tait consid\u00e9r\u00e9 comme le \u00abma\u00eetre du droit\u00bb \u00e0 l\u2019origine des mandats d\u2019arr\u00eat \u00e9mis la semaine derni\u00e8re par la Cour p\u00e9nale internationale (CPI) contre le Premier ministre isra\u00e9lien Benjamin Netanyahou et son ancien ministre de la D\u00e9fense Yoav Gallant, accus\u00e9s de crimes de guerre et de crimes contre l\u2019humanit\u00e9. Sa maladie le faisait beaucoup souffrir, mais le jour o\u00f9 les mandats ont \u00e9t\u00e9 \u00e9mis, il a dit \u00e0 son fils : \u00ab<em>Maintenant, je peux mourir en paix<\/em>\u00bb. Malgr\u00e9 la douleur, il a tenu \u00e0 parler aux m\u00e9dias de cette victoire judiciaire exceptionnelle et a fait ses derni\u00e8res d\u00e9clarations sur le sujet \u00e0\u00a0<em>Al-Jazeera<\/em>.<\/p>\n<p>Pendant 30 ans, Gilles Devers a partag\u00e9 son travail entre les secteurs de la sant\u00e9 et du social et la d\u00e9fense des minorit\u00e9s en France et dans le monde. La cause palestinienne \u00e9tait sa premi\u00e8re priorit\u00e9, et il \u00e9tait l\u2019un des porte-parole d\u2019un groupe de 350 ONG, repr\u00e9sent\u00e9 par 40 avocats, charg\u00e9 de g\u00e9rer une plainte d\u00e9pos\u00e9e aupr\u00e8s de la CPI concernant les crimes de guerre commis lors de l\u2019offensive militaire isra\u00e9lienne de 2008-2009 contre les Palestiniens de Gaza. L\u2019Autorit\u00e9 palestinienne l\u2019avait charg\u00e9 de d\u00e9poser une plainte en son nom en janvier 2009.<\/p>\n<p>L\u2019avocat fran\u00e7ais a \u00e9galement d\u00e9pos\u00e9 une plainte contre Isra\u00ebl en juillet 2014 concernant sa guerre contre Gaza la m\u00eame ann\u00e9e, ce qui a donn\u00e9 lieu \u00e0 une importante campagne m\u00e9diatique et \u00e0 une pression sur l\u2019AP et la Cour internationale de justice (CIJ). Cela a conduit la Palestine \u00e0 adh\u00e9rer au Statut de Rome et la CPI \u00e0 accepter d\u2019ouvrir un examen pr\u00e9liminaire des faits qui ont eu lieu \u00e0 partir du 13 juin 2014.<\/p>\n<p>L\u2019expert fran\u00e7ais en droit international Abdelmajid Merari l\u2019a d\u00e9crit comme un \u00ab<em>avocat humanitaire et de principe<\/em>\u00bb qui a consacr\u00e9 sa vie \u00e0 la d\u00e9fense des questions humanitaires, notamment de la cause palestinienne. Merari a d\u00e9clar\u00e9 \u00e0\u00a0<em>Al- Jazeera Net<\/em> qu\u2019il lui avait beaucoup appris. \u00ab<em>Il a \u00e9t\u00e9 mon mentor dans plusieurs affaires pendant plus de 15 ans de travail en commun et il a accueilli \u00e0 bras ouverts les divergences d\u2019opinion. Avec sa disparition, nous perdons une figure inestimable du droit et des droits de l\u2019homme<\/em>\u00bb.<\/p>\n<p>Malgr\u00e9 les obstacles rencontr\u00e9s par l\u2019\u00e9quipe juridique et le rejet des demandes qu\u2019il a pr\u00e9sent\u00e9es dans le dossier de la CPI, Devers s\u2019est distingu\u00e9 par son insistance \u00e0 ne pas abandonner.<\/p>\n<p>\u00ab<em>L\u2019esprit chevalersque du peuple palestinien<\/em>\u00bb, a-t-il d\u00e9clar\u00e9, \u00ab<em>est plus importante que celui des avocats<\/em>\u00bb.<\/p>\n<p>Dans ce contexte, Merari \u2013 l\u2019un des avocats les plus proches de lui \u2013 a soulign\u00e9 que Devers avait d\u00e9fendu la cause palestinienne avant l\u2019\u00e9mission des mandats d\u2019arr\u00eat. \u00ab<em>En effet, [il l\u2019a fait] depuis que la Palestine est devenue membre du Statut de Rome, et lorsque la d\u00e9cision du 5 f\u00e9vrier 2021 a \u00e9t\u00e9 rendue confirmant la comp\u00e9tence de la CPI sur les territoires palestiniens occup\u00e9s par Isra\u00ebl en 1967, y compris J\u00e9rusalem-Est, la Cisjordanie et la bande de Gaza, il a examin\u00e9 et aid\u00e9 les experts de la CPI \u00e0 r\u00e9diger le texte<\/em>\u00bb.<\/p>\n<p>Les \u00e9v\u00e9nements du 7 octobre 2023 ont incit\u00e9 Devers \u00e0 agir encore plus intens\u00e9ment sur le dossier des Palestiniens. Selon Merari, il \u00e9tait le \u00ab<em>moteur<\/em>\u00bb de l\u2019\u00e9quipe juridique. \u00ab<em>Il posait des questions quand nous nous rel\u00e2chions, et il \u00e9crivait des centaines de pages de notes quand nous \u00e9tions paresseux. Dans cette affaire, il a fait pression sur les membres de l\u2019\u00e9quipe pour qu\u2019ils recueillent des preuves, et il a travaill\u00e9 pour coordonner leurs r\u00f4les malgr\u00e9 tous les probl\u00e8mes de sant\u00e9 dont il souffrait \u00e0 l\u2019\u00e9poque<\/em>\u00bb. Il a ajout\u00e9 que \u00ab<em>Gilles Devers a pleur\u00e9 \u00e0 la porte de la CPI lorsqu\u2019une avocate palestinienne s\u2019est excus\u00e9e de ne pas \u00eatre venue, car tous les membres de sa famille avaient \u00e9t\u00e9 tu\u00e9s la veille du 9 novembre, lorsque nous sommes all\u00e9s d\u00e9poser la plainte au tribunal, ce qui a \u00e9t\u00e9 le principal motif pour \u00e9mettre les mandats d\u2019arr\u00eat<\/em>\u00bb.<\/p>\n<p>Merari a d\u00e9clar\u00e9 \u00e0\u00a0<em>Al-Jazeera <\/em>que m\u00eame si Devers se pr\u00e9parait \u00e0 subir une op\u00e9ration \u00ab<em>extr\u00eamement dangereuse<\/em>\u00bb \u2013 \u00ab<em>une question de vie ou de mort<\/em>\u00bb \u2013 la derni\u00e8re chose dont il a parl\u00e9 \u00e9tait le quartier de Sheikh Jarrah \u00e0 J\u00e9rusalem-Est occup\u00e9e. De plus, il pr\u00e9voyait de soulever \u00e0 la CPI la question des prisonniers palestiniens d\u00e9tenus par l\u2019\u00c9tat d\u2019occupation.<\/p>\n<p>Merari, son ami et coll\u00e8gue proche, a conclu en affirmant que les mandats d\u2019arr\u00eat \u00e9mis contre Netanyahou et Gallant \u00e9taient \u00ab<em>le cadeau<\/em>\u00bb que Devers recherchait depuis plus de 15 ans. \u00ab<em>Il a quitt\u00e9 [ce monde] avec la conscience tranquille, et nous poursuivrons notre bataille juridique dans l\u2019esprit de Gilles Devers et pour ex\u00e9cuter sa volont\u00e9, car le v\u00e9ritable travail, le plus difficile, a en fait commenc\u00e9 apr\u00e8s l\u2019\u00e9mission des mandats<\/em>\u00bb.<\/p>\n<p>source\u00a0: <a target=\"_blank\" href=\"https:\/\/www.middleeastmonitor.com\/20241127-french-legal-maestro-behind-icc-arrest-warrants-passes-away\/\" target=\"_blank\" rel=\"noopener\" title=\"\">Middle East Monitor<\/a> via <a target=\"_blank\" href=\"https:\/\/ismfrance.org\/index.php\/2024\/11\/27\/deces-du-maitre-du-droit-francais-a-lorigine-des-mandats-darret-de-la-cpi\/\" target=\"_blank\" rel=\"noopener\" title=\"\">International Solidarity Movement<\/a><\/p>\n<p>propos\u00e9 par Marie-Ange Patrizio<\/p>\n<div class=\"sharedaddy sd-block sd-like jetpack-likes-widget-wrapper jetpack-likes-widget-unloaded\" id=\"like-post-wrapper-237719536-433143-6749c96a52de0\" data-src=\"https:\/\/widgets.wp.com\/likes\/?ver=14.0#blog_id=237719536&amp;post_id=433143&amp;origin=reseauinternational.net&amp;obj_id=237719536-433143-6749c96a52de0&amp;n=1\" data-name=\"like-post-frame-237719536-433143-6749c96a52de0\" data-title=\"Aimer ou rebloguer\">\n<h3 class=\"sd-title\">J\u2019aime \u00e7a\u00a0:<\/h3>\n<p><span class=\"button\"><span>J\u2019aime<\/span><\/span> <span class=\"loading\">chargement\u2026<\/span><\/p>\n<p><span class=\"sd-text-color\"\/><a target=\"_blank\" class=\"sd-link-color\"\/><\/div>\n<p><meta itemscope=\"\" itemprop=\"mainEntityOfPage\" itemtype=\"https:\/\/schema.org\/WebPage\" itemid=\"https:\/\/reseauinternational.net\/deces-du-maitre-du-droit-francais-a-lorigine-des-mandats-darret-de-la-cpi\/\"\/><meta itemprop=\"headline\" content=\"D\u00e9c\u00e8s du \u00abma\u00eetre du droit\u00bb fran\u00e7ais \u00e0 l\u2019origine des mandats d\u2019arr\u00eat de la CPI\"\/><span style=\"display: none;\" itemprop=\"author\" itemscope=\"\" itemtype=\"https:\/\/schema.org\/Person\"><meta itemprop=\"name\" content=\"R\u00e9seau International\"\/><\/span><span style=\"display: none;\" itemprop=\"image\" itemscope=\"\" itemtype=\"https:\/\/schema.org\/ImageObject\"><meta itemprop=\"url\" content=\"https:\/\/i0.wp.com\/reseauinternational.net\/wp-content\/uploads\/2024\/11\/Sans-titre-21-19.png?fit=800%2C467&amp;ssl=1\"\/><meta itemprop=\"width\" content=\"800\"\/><meta itemprop=\"height\" content=\"467\"\/><\/span><span style=\"display: none;\" itemprop=\"publisher\" itemscope=\"\" itemtype=\"https:\/\/schema.org\/Organization\"><span style=\"display: none;\" itemprop=\"logo\" itemscope=\"\" itemtype=\"https:\/\/schema.org\/ImageObject\"><meta itemprop=\"url\" content=\"https:\/\/reseauinternational.net\/wp-content\/uploads\/2022\/06\/Capture-de\u0301cran-2022-06-14-a\u0300-16.51.07.png\"\/><\/span><meta itemprop=\"name\" content=\"R\u00e9seau International\"\/><\/span><meta itemprop=\"datePublished\" content=\"2024-11-29T15:00:03+00:00\"\/><meta itemprop=\"dateModified\" content=\"2024-11-29T15:00:26+00:00\"\/><\/div>\n<p><br \/>\n<br \/><a href=\"https:\/\/reseauinternational.net\/deces-du-maitre-du-droit-francais-a-lorigine-des-mandats-darret-de-la-cpi\/\" target=\"_blank\"\">Source link <\/a><\/p>\n","protected":false},"excerpt":{"rendered":"<p>par Ramona Wadi Gilles Devers, avocat et docteur en droit fran\u00e7ais, est d\u00e9c\u00e9d\u00e9 mardi. Le \u00abchampion de la justice palestinienne\u00bb avait 68 ans. Devers \u00e9tait consid\u00e9r\u00e9 comme le \u00abma\u00eetre du&hellip; <\/p>\n","protected":false},"author":1,"featured_media":1165,"comment_status":"open","ping_status":"open","sticky":false,"template":"","format":"standard","meta":{"footnotes":""},"categories":[1],"tags":[],"class_list":["post-1164","post","type-post","status-publish","format-standard","has-post-thumbnail","hentry","category-non-classe"],"_links":{"self":[{"href":"https:\/\/monde25.info\/index.php\/wp-json\/wp\/v2\/posts\/1164","targetHints":{"allow":["GET"]}}],"collection":[{"href":"https:\/\/monde25.info\/index.php\/wp-json\/wp\/v2\/posts"}],"about":[{"href":"https:\/\/monde25.info\/index.php\/wp-json\/wp\/v2\/types\/post"}],"author":[{"embeddable":true,"href":"https:\/\/monde25.info\/index.php\/wp-json\/wp\/v2\/users\/1"}],"replies":[{"embeddable":true,"href":"https:\/\/monde25.info\/index.php\/wp-json\/wp\/v2\/comments?post=1164"}],"version-history":[{"count":0,"href":"https:\/\/monde25.info\/index.php\/wp-json\/wp\/v2\/posts\/1164\/revisions"}],"wp:featuredmedia":[{"embeddable":true,"href":"https:\/\/monde25.info\/index.php\/wp-json\/wp\/v2\/media\/1165"}],"wp:attachment":[{"href":"https:\/\/monde25.info\/index.php\/wp-json\/wp\/v2\/media?parent=1164"}],"wp:term":[{"taxonomy":"category","embeddable":true,"href":"https:\/\/monde25.info\/index.php\/wp-json\/wp\/v2\/categories?post=1164"},{"taxonomy":"post_tag","embeddable":true,"href":"https:\/\/monde25.info\/index.php\/wp-json\/wp\/v2\/tags?post=1164"}],"curies":[{"name":"wp","href":"https:\/\/api.w.org\/{rel}","templated":true}]}}