{"id":1180,"date":"2024-11-29T19:31:31","date_gmt":"2024-11-29T18:31:31","guid":{"rendered":"https:\/\/monde25.info\/index.php\/2024\/11\/29\/deces-de-marine-vlahovic-journaliste-engagee-au-coeur-immense\/"},"modified":"2024-11-29T19:31:31","modified_gmt":"2024-11-29T18:31:31","slug":"deces-de-marine-vlahovic-journaliste-engagee-au-coeur-immense","status":"publish","type":"post","link":"https:\/\/monde25.info\/index.php\/2024\/11\/29\/deces-de-marine-vlahovic-journaliste-engagee-au-coeur-immense\/","title":{"rendered":"D\u00e9c\u00e8s de Marine Vlahovic, journaliste engag\u00e9e au c\u0153ur immense"},"content":{"rendered":"<p> <br \/>\n<\/p>\n<div>\n        <span class=\"date\">29 novembre 2024  \u00e0 17h34<\/span><\/p>\n<p>    <span class=\"date_modif\">Mis \u00e0 jour le 29 novembre 2024 \u00e0 18h28<\/span>      <\/p>\n<p class=\"duree_lecture\">\n        Dur\u00e9e de lecture : 3 minutes\n      <\/p>\n<\/p><\/div>\n<div>\n<p>Le corps sans vie de la journaliste ind\u00e9pendante Marine Vlahovic a \u00e9t\u00e9 retrouv\u00e9 sur le toit terrasse de son appartement marseillais, lundi 25\u00a0novembre au matin. Elle avait 39 ans.<\/p>\n<p>Marine avait \u00e9t\u00e9 correspondante de plusieurs radios francophones, et en particulier <span class=\"caps\">RFI<\/span> et Radio France, \u00e0 Ramallah, en Cisjordanie, de 2016 \u00e0 2019. De son exp\u00e9rience, elle a tir\u00e9 ses formidables <a target=\"_blank\" href=\"https:\/\/www.arteradio.com\/serie\/carnets_de_correspondante\/1997\" class=\"spip_out\" rel=\"external\"><i>Carnets de correspondante<\/i><\/a> diffus\u00e9s sur Arte Radio \u2014\u00a0une chronique dr\u00f4le, sensible et critique de la beaut\u00e9 et des limites de la grande fabrique de l\u2019information. Ces <i>Carnets<\/i> lui ont d\u2019ailleurs valu d\u2019\u00eatre laur\u00e9ate du Prix Scam du podcast documentaire en 2021.<\/p>\n<p>Marine \u00e9tait ensuite revenue en France o\u00f9 elle s\u2019\u00e9tait install\u00e9e \u00e0 Marseille, aimant\u00e9e comme toujours par la M\u00e9diterran\u00e9e. Apr\u00e8s les massacres du 7\u00a0octobre 2023, suite auxquels Isra\u00ebl a entam\u00e9 la guerre toujours en cours contre Gaza, elle avait tent\u00e9 de s\u2019y rendre, en vain. Elle \u00e9tait rest\u00e9e bloqu\u00e9e au Caire.<\/p>\n<p>Elle n\u2019avait pas cess\u00e9, ces derniers mois, de <a target=\"_blank\" href=\"https:\/\/www.arteradio.com\/son\/61687630\/carnets_de_correspondante_6_6_gaza_calling\" class=\"spip_out\" rel=\"external\">relayer les voix<\/a> de ses confr\u00e8res journalistes gazaouis, tout en essayant de leur envoyer des colis de produits de premi\u00e8re n\u00e9cessit\u00e9. Apr\u00e8s 15\u00a0ans de m\u00e9tier, d\u00e9go\u00fbt\u00e9e par le traitement m\u00e9diatique de la guerre \u00e0 Gaza par les m\u00e9dias fran\u00e7ais, elle n\u2019avait pas demand\u00e9 le renouvellement de sa carte de presse, <a target=\"_blank\" href=\"https:\/\/www.telerama.fr\/radio\/deces-de-la-journaliste-marine-vlahovic-le-c-ur-en-plus-de-la-rigueur-7023220.php\" class=\"spip_out\" rel=\"external\">note <i>T\u00e9l\u00e9rama<\/i><\/a>.<\/p>\n<h2 class=\"spip\">Une compagnonne de route de Reporterre<\/h2>\n<p>Marine Vlahovic a fr\u00e9quemment collabor\u00e9 <a target=\"_blank\" href=\"https:\/\/reporterre.net\/Marine-Vlahovic#pagination_articles\">avec <i>Reporterre<\/i> en 2015 et 2016<\/a>, avant ces ann\u00e9es de correspondance au Proche-Orient. Elle habitait alors Toulouse, et y suivait pour nous  les luttes \u00e9cologistes et aussi le combat de citoyens alg\u00e9riens contre le gaz de schiste.<\/p>\n<p>Elle a aussi r\u00e9alis\u00e9, avec Elsa Souchay, l\u2019une des enqu\u00eates les plus importantes de la jeune histoire de <i>Reporterre<\/i>, <a target=\"_blank\" href=\"https:\/\/reporterre.net\/Sivens-ce-qui-s-est-vraiment-passe-la-nuit-de-la-mort-de-Remi-Fraisse\">mettant en lumi\u00e8re<\/a> la responsabilit\u00e9 des gendarmes et de leur hi\u00e9rarchie dans la mort du jeune militant \u00e9cologiste R\u00e9mi Fraisse, en 2014.<\/p>\n<p><i>\u00ab<small class=\"fine d-inline\">\u00a0<\/small>Elle avait une int\u00e9grit\u00e9, un sens de la justice et du journalisme \u00e0 toute \u00e9preuve<\/i>, se souvient son amie Elsa Souchay. <i>Elle se frottait \u00e0 des sujets que pas grand monde n\u2019avait le courage de faire et ne l\u00e2chait jamais une cause qui lui semblait juste<\/i>, souligne-t-elle. <i>Elle \u00e9tait tr\u00e8s comp\u00e9tente, c\u2019\u00e9tait une joie de travailler et de partager des moments avec elle, c\u2019\u00e9tait quelqu\u2019un en or.<small class=\"fine d-inline\">\u00a0<\/small>\u00bb<\/i><\/p>\n<p>En juin dernier, c\u2019est avec joie que Herv\u00e9 Kempf, directeur de la r\u00e9daction de <i>Reporterre<\/i>, avait parl\u00e9 avec Marine. Elle avait toujours la m\u00eame \u00e9nergie et aidait notamment une famille d\u2019amis gazaouis, qui avaient perdu leurs quatre enfants dans un bombardement isra\u00e9lien, \u00e0 rejoindre la France. <i>\u00ab<small class=\"fine d-inline\">\u00a0<\/small>Nous avions \u00e9voqu\u00e9 la possibilit\u00e9 de trouver des correspondants \u00e0 Gaza pour raconter le g\u00e9nocide<small class=\"fine d-inline\">\u00a0<\/small>\u00bb<\/i>, raconte-t-il.<\/p>\n<p>C\u2019est avec une grande peine que <i>Reporterre<\/i> a appris le d\u00e9c\u00e8s de Marine. Toute l\u2019\u00e9quipe transmet ses sinc\u00e8res condol\u00e9ances \u00e0 sa famille et \u00e0 ses proches.<\/p>\n<aside class=\"boite_encarts\">\n<div class=\"encart encart_gris noprint\">\n<p><strong>Il est de retour.<\/strong><\/p>\n<p>Dans quelques semaines, Donald Trump se r\u00e9-installera \u00e0 la Maison Blanche.<\/p>\n<p>Un milliardaire, pour qui le r\u00e9chauffement climatique est \u00ab<small class=\"fine d-inline\">\u00a0<\/small>un canular<small class=\"fine d-inline\">\u00a0<\/small>\u00bb, sera \u00e0 la t\u00eate de la plus grande puissance mondiale.<\/p>\n<p>Dans une d\u00e9cennie cruciale pour l\u2019\u00e9cologie, nous ne pouvons pas nous permettre de perdre plus de temps.<\/p>\n<p>La soci\u00e9t\u00e9 civile doit continuer de se soulever, de se mobiliser et de faire pression sur les puissants.<\/p>\n<p>Mais pour agir, il faut savoir.<\/p>\n<p><strong>Depuis 11 ans, nous publions des articles de qualit\u00e9 sur l\u2019\u00e9cologie, en acc\u00e8s libre et sans publicit\u00e9, pour tous.<\/strong><\/p>\n<p>Nous avons la conviction que l\u2019urgence \u00e9cologique est l\u2019enjeu majeur de notre \u00e9poque.<br class=\"autobr\"\/><br \/>\n Et comme plus de 2 millions de lectrices et lecteurs chaque mois, vous partagez sans doute cette conviction&#8230;<\/p>\n<p>Alors si vous en avez les moyens, sachez qu\u2019un don, m\u00eame d\u20191\u20ac, est un acte de soutien fort pour l\u2019\u00e9cologie et le journalisme ind\u00e9pendant.<br class=\"autobr\"\/><br \/>\n (Et \u00e7a vous prendra moins de temps que la lecture de ce texte).<\/p>\n<p><strong>Si vous le pouvez, choisissez un soutien mensuel. Merci.<\/strong><\/p>\n<p><a target=\"_blank\" href=\"https:\/\/reporterre.net\/dons\" class=\"bt_soutenir\">Je soutiens <i>Reporterre<\/i><\/a><\/p>\n<\/p><\/div>\n<div class=\"encart encart_vert noprint montre_1023\">\n<div class=\"infolettre-form-container noprint\">\n<p>Abonnez-vous \u00e0 la lettre d\u2019info de Reporterre<\/p>\n<\/div><\/div>\n<\/aside>\n<aside class=\"boite_apresarticle encart_note\">\n<\/aside>\n<aside class=\"boite_complement texte\">\n<p>      <!-- zone_forum --><br \/>\n          <\/aside>\n<aside class=\"boite_lireaussi noprint\">\n<\/aside>\n<aside class=\"colonne\">\n<div class=\"article_info cache_1023 noprint\">\n        <span class=\"date\">29 novembre 2024  \u00e0 17h34<\/span><\/p>\n<p>    <span class=\"date_modif\">Mis \u00e0 jour le 29 novembre 2024 \u00e0 18h28<\/span>      <\/p>\n<p class=\"duree_lecture\">\n        Dur\u00e9e de lecture : 3 minutes\n      <\/p>\n<\/p><\/div>\n<div class=\"bloc_infolettre\">\n<div class=\"infolettre-form-container noprint\">\n<p>Abonnez-vous \u00e0 la lettre d\u2019info de Reporterre<\/p>\n<\/div><\/div>\n<\/aside>\n<div id=\"galerie\">\n  <img decoding=\"async\" src=\"\" class=\"principale\" id=\"principale\"\/><\/p>\n<p id=\"legende\">legende<\/p>\n<\/div>\n<footer class=\"noprint\">\n<\/footer>\n<\/div>\n<p><br \/>\n<br \/><a href=\"https:\/\/reporterre.net\/Deces-de-Marine-Vlahovic-journaliste-engagee-au-coeur-immense\" target=\"_blank\"\">Source link <\/a><\/p>\n","protected":false},"excerpt":{"rendered":"<p>29 novembre 2024 \u00e0 17h34 Mis \u00e0 jour le 29 novembre 2024 \u00e0 18h28 Dur\u00e9e de lecture : 3 minutes Le corps sans vie de la journaliste ind\u00e9pendante Marine Vlahovic&hellip; <\/p>\n","protected":false},"author":1,"featured_media":1181,"comment_status":"open","ping_status":"open","sticky":false,"template":"","format":"standard","meta":{"footnotes":""},"categories":[1],"tags":[],"class_list":["post-1180","post","type-post","status-publish","format-standard","has-post-thumbnail","hentry","category-non-classe"],"_links":{"self":[{"href":"https:\/\/monde25.info\/index.php\/wp-json\/wp\/v2\/posts\/1180","targetHints":{"allow":["GET"]}}],"collection":[{"href":"https:\/\/monde25.info\/index.php\/wp-json\/wp\/v2\/posts"}],"about":[{"href":"https:\/\/monde25.info\/index.php\/wp-json\/wp\/v2\/types\/post"}],"author":[{"embeddable":true,"href":"https:\/\/monde25.info\/index.php\/wp-json\/wp\/v2\/users\/1"}],"replies":[{"embeddable":true,"href":"https:\/\/monde25.info\/index.php\/wp-json\/wp\/v2\/comments?post=1180"}],"version-history":[{"count":0,"href":"https:\/\/monde25.info\/index.php\/wp-json\/wp\/v2\/posts\/1180\/revisions"}],"wp:featuredmedia":[{"embeddable":true,"href":"https:\/\/monde25.info\/index.php\/wp-json\/wp\/v2\/media\/1181"}],"wp:attachment":[{"href":"https:\/\/monde25.info\/index.php\/wp-json\/wp\/v2\/media?parent=1180"}],"wp:term":[{"taxonomy":"category","embeddable":true,"href":"https:\/\/monde25.info\/index.php\/wp-json\/wp\/v2\/categories?post=1180"},{"taxonomy":"post_tag","embeddable":true,"href":"https:\/\/monde25.info\/index.php\/wp-json\/wp\/v2\/tags?post=1180"}],"curies":[{"name":"wp","href":"https:\/\/api.w.org\/{rel}","templated":true}]}}