{"id":1196,"date":"2024-11-30T01:43:13","date_gmt":"2024-11-30T00:43:13","guid":{"rendered":"https:\/\/monde25.info\/index.php\/2024\/11\/30\/profession-censeur-pro-israelien-par-sam-biddle-le-monde-diplomatique-decembre-2024\/"},"modified":"2024-11-30T01:43:13","modified_gmt":"2024-11-30T00:43:13","slug":"profession-censeur-pro-israelien-par-sam-biddle-le-monde-diplomatique-decembre-2024","status":"publish","type":"post","link":"https:\/\/monde25.info\/index.php\/2024\/11\/30\/profession-censeur-pro-israelien-par-sam-biddle-le-monde-diplomatique-decembre-2024\/","title":{"rendered":"Profession, censeur pro-isra\u00e9lien, par Sam Biddle (Le Monde diplomatique, d\u00e9cembre 2024)"},"content":{"rendered":"<p> <br \/>\n<\/p>\n<div couleurfade=\"e5eef7\" couleurclaire=\"d7e5f3\" couleurpale=\"a8cbef\" couleurmi=\"2f659c\" couleurfoncee=\"124c86\" couleursombre=\"0b1927\" couleurfond=\"4c5e70\" couleurtexte=\"ffffff\">\n<div class=\"enapercu\">\n<figure class=\"spip_document_33830 spip_documents spip_documents_center xl\" style=\"width:890px;\">\n<div class=\"limage\">\n<p>\t\t\t<img loading=\"lazy\" decoding=\"async\" src=\"https:\/\/www.monde-diplomatique.fr\/\/local\/cache-vignettes\/L890xH883\/img028-72-3b672.jpg?1732813466\" width=\"890\" height=\"883\" class=\"spip_logos\" alt=\"JPEG - 259.3\u00a0ko\"\/><\/p><\/div><figcaption>\n<p>Serigne Ibrahima Dieye. \u2013 \u00ab<small class=\"fine\">\u00a0<\/small>De l\u2019incomp\u00e9tence m\u00e9diatique<small class=\"fine\">\u00a0<\/small>\u00bb, 2020<\/p>\n<p>\u00a9 ADAGP, Paris, 2024 &#8211; Galerie C\u00e9cile Fakhoury, Abidjan, Dakar, Paris\n<\/p>\n<\/figcaption><\/figure>\n<p><span class=\"mot-lettrine\"><span class=\"lettrine\">D<\/span>epuis<\/span> 2016, la directrice des politiques pour Isra\u00ebl et la diaspora juive chez Meta, propri\u00e9taire de Facebook et d\u2019Instagram, est une ancienne haute responsable du gouvernement isra\u00e9lien. Avant d\u2019int\u00e9grer l\u2019entreprise de M.\u00a0Mark Zuckerberg, Mme\u00a0Jordana Cutler travaillait \u00e0 l\u2019ambassade d\u2019Isra\u00ebl \u00e0 Washington comme charg\u00e9e des relations publiques et directrice de cabinet<small class=\"fine\">\u00a0<\/small>; elle a particip\u00e9 \u00e0 la campagne du Likoud en 2009, puis conseill\u00e9 le premier ministre Benyamin Netanyahou durant quatre ans.<\/p>\n<p>Des \u00e9changes internes auxquels The Intercept a eu acc\u00e8s r\u00e9v\u00e8lent que Mme\u00a0Cutler a utilis\u00e9 les proc\u00e9dures de remont\u00e9e hi\u00e9rarchique pour faire censurer des comptes Instagram appartenant \u00e0 Students for Justice in Palestine (\u00ab<small class=\"fine\">\u00a0<\/small>\u00c9tudiants pour la justice en Palestine<small class=\"fine\">\u00a0<\/small>\u00bb, SJP), une organisation impliqu\u00e9e dans la mobilisation des campus am\u00e9ricains contre la guerre men\u00e9e par Isra\u00ebl \u00e0 Gaza. Mme\u00a0Cutler aurait ainsi signal\u00e9 aux \u00e9quipes de mod\u00e9ration au moins quatre publications de SJP et divers autres contenus critiquant la politique ext\u00e9rieure men\u00e9e par le gouvernement de M.\u00a0Netanyahou. Pour ce faire, elle aurait invoqu\u00e9 la directive de Meta relative aux <i>\u00ab<small class=\"fine\">\u00a0<\/small>organisations et personnes dangereuses<small class=\"fine\">\u00a0<\/small>\u00bb,<\/i> qui repose sur une liste secr\u00e8te de plusieurs milliers d\u2019entit\u00e9s dont la plate-forme interdit la <i>\u00ab<small class=\"fine\">\u00a0<\/small>glorification<small class=\"fine\">\u00a0<\/small>\u00bb,<\/i> tout en permettant th\u00e9oriquement qu\u2019elles soient mentionn\u00e9es <i>\u00ab<small class=\"fine\">\u00a0<\/small>dans le cadre d\u2019un discours social et politique<small class=\"fine\">\u00a0<\/small>\u00bb<\/i> ou de <i>\u00ab<small class=\"fine\">\u00a0<\/small>discussions neutres<small class=\"fine\">\u00a0<\/small>\u00bb<\/i>.<\/p>\n<p>D\u2019autres services assurent la mod\u00e9ration. On ne sait ce qu\u2019il est finalement advenu des posts en question \u2014 une information que Meta refuse de divulguer. Mais qu\u2019une cadre de la compagnie repr\u00e9sentant les int\u00e9r\u00eats d\u2019un \u00c9tat puisse r\u00e9clamer la suppression de contenus qui vont \u00e0 leur encontre ne laisse pas d\u2019inqui\u00e9ter. <i>\u00ab<small class=\"fine\">\u00a0<\/small>\u00c7a sent le parti pris \u00e0 plein nez,<\/i> d\u00e9clare Mme\u00a0Marwa Fatafta, d\u2019Access Now, une organisation internationale de d\u00e9fense des droits num\u00e9riques. <i>Pas besoin d\u2019\u00eatre devin pour comprendre ce que cette personne a en t\u00eate.<small class=\"fine\">\u00a0<\/small>\u00bb<\/i> Ni\u00a0(&#8230;)<\/p>\n<\/p><\/div>\n<p>Taille de l\u2019article complet\u00a0:\u00a0<span>1\u00a0817<\/span>\u00a0mots.<\/p>\n<div class=\"promo_dispo_article\">\n<h2 class=\"avantbloc\">\n\tCet article est r\u00e9serv\u00e9 aux\u00a0abonn\u00e9s<\/p>\n<\/h2>\n<div class=\"abo_inst\">\n\t<strong>Lyc\u00e9es, biblioth\u00e8ques, administrations, entreprises,<\/strong><br \/>\n\tacc\u00e9dez \u00e0 la base de donn\u00e9es en ligne de tous les articles du <i>Monde diplomatique<\/i> de 1954 \u00e0 nos\u00a0jours.<br \/>\n\t<a target=\"_blank\" id=\"pw-institutions\" class=\"suivi\" href=\"https:\/\/www.monde-diplomatique.fr\/archives\/institutions\">Retrouvez cette\u00a0offre sp\u00e9cifique<\/a>.\n<\/div>\n<\/div><\/div>\n<p><br \/>\n<br \/><a href=\"https:\/\/www.monde-diplomatique.fr\/2024\/12\/BIDDLE\/67877\" target=\"_blank\"\">Source link <\/a><\/p>\n","protected":false},"excerpt":{"rendered":"<p>Serigne Ibrahima Dieye. \u2013 \u00ab\u00a0De l\u2019incomp\u00e9tence m\u00e9diatique\u00a0\u00bb, 2020 \u00a9 ADAGP, Paris, 2024 &#8211; Galerie C\u00e9cile Fakhoury, Abidjan, Dakar, Paris Depuis 2016, la directrice des politiques pour Isra\u00ebl et la diaspora&hellip; <\/p>\n","protected":false},"author":1,"featured_media":1197,"comment_status":"open","ping_status":"open","sticky":false,"template":"","format":"standard","meta":{"footnotes":""},"categories":[1],"tags":[],"class_list":["post-1196","post","type-post","status-publish","format-standard","has-post-thumbnail","hentry","category-non-classe"],"_links":{"self":[{"href":"https:\/\/monde25.info\/index.php\/wp-json\/wp\/v2\/posts\/1196","targetHints":{"allow":["GET"]}}],"collection":[{"href":"https:\/\/monde25.info\/index.php\/wp-json\/wp\/v2\/posts"}],"about":[{"href":"https:\/\/monde25.info\/index.php\/wp-json\/wp\/v2\/types\/post"}],"author":[{"embeddable":true,"href":"https:\/\/monde25.info\/index.php\/wp-json\/wp\/v2\/users\/1"}],"replies":[{"embeddable":true,"href":"https:\/\/monde25.info\/index.php\/wp-json\/wp\/v2\/comments?post=1196"}],"version-history":[{"count":0,"href":"https:\/\/monde25.info\/index.php\/wp-json\/wp\/v2\/posts\/1196\/revisions"}],"wp:featuredmedia":[{"embeddable":true,"href":"https:\/\/monde25.info\/index.php\/wp-json\/wp\/v2\/media\/1197"}],"wp:attachment":[{"href":"https:\/\/monde25.info\/index.php\/wp-json\/wp\/v2\/media?parent=1196"}],"wp:term":[{"taxonomy":"category","embeddable":true,"href":"https:\/\/monde25.info\/index.php\/wp-json\/wp\/v2\/categories?post=1196"},{"taxonomy":"post_tag","embeddable":true,"href":"https:\/\/monde25.info\/index.php\/wp-json\/wp\/v2\/tags?post=1196"}],"curies":[{"name":"wp","href":"https:\/\/api.w.org\/{rel}","templated":true}]}}