{"id":1198,"date":"2024-11-30T02:17:17","date_gmt":"2024-11-30T01:17:17","guid":{"rendered":"https:\/\/monde25.info\/index.php\/2024\/11\/30\/face-au-risque-de-guerre-nucleaire-les-etats-se-reinteressent-aux-abris-anti-atomiques\/"},"modified":"2024-11-30T02:17:17","modified_gmt":"2024-11-30T01:17:17","slug":"face-au-risque-de-guerre-nucleaire-les-etats-se-reinteressent-aux-abris-anti-atomiques","status":"publish","type":"post","link":"https:\/\/monde25.info\/index.php\/2024\/11\/30\/face-au-risque-de-guerre-nucleaire-les-etats-se-reinteressent-aux-abris-anti-atomiques\/","title":{"rendered":"Face au risque de guerre nucl\u00e9aire, les \u00c9tats se r\u00e9int\u00e9ressent aux abris anti-atomiques"},"content":{"rendered":"<p> <br \/>\n<\/p>\n<div>\n<p>D\u2019aust\u00e8res alignements de couchettes m\u00e9talliques, dans un <a target=\"_blank\" href=\"https:\/\/twitter.com\/EuromaidanPR\/status\/1858813216257867796\" class=\"spip_out\" rel=\"external\">parall\u00e9l\u00e9pip\u00e8de aveugle<\/a> compos\u00e9 de plaques d\u2019acier d\u2019un vert glauque aux rivets apparents. La Russie a commenc\u00e9 \u00e0 produire en s\u00e9rie des abris anti-atomiques mobiles, a rapport\u00e9 l\u2019agence <a target=\"_blank\" href=\"https:\/\/www.reuters.com\/world\/europe\/russia-begins-mass-production-radiation-resistant-mobile-bomb-shelters-2024-11-19\/\" class=\"spip_out\" rel=\"external\">Reuters<\/a> mardi 19\u00a0novembre.<\/p>\n<p>D\u2019apr\u00e8s l\u2019institut de recherche du minist\u00e8re des situations d\u2019urgence, ce refuge baptis\u00e9 <i>\u00ab<small class=\"fine d-inline\">\u00a0<\/small><span class=\"caps\">KUB<\/span>-M<small class=\"fine d-inline\">\u00a0<\/small>\u00bb<\/i>, compos\u00e9 d\u2019une salle et d\u2019un bloc technique, peut prot\u00e9ger ses 54\u00a0occupants des ondes de choc, des radiations, des incendies et de multiples autres menaces pour une dur\u00e9e pouvant aller jusqu\u2019\u00e0 48\u00a0heures. Il peut \u00eatre facilement transport\u00e9 sur un camion et connect\u00e9 \u00e0 des r\u00e9serves d\u2019eau, et peut \u00e9galement \u00eatre d\u00e9ploy\u00e9 dans le vaste permafrost du nord de la Russie, a pr\u00e9cis\u00e9 l\u2019institut.<\/p>\n<h2 class=\"spip\">Missiles \u00e0 longue port\u00e9e<\/h2>\n<p>Cette d\u00e9cision intervient dans un contexte de tensions internationales croissantes. Dimanche 17\u00a0novembre, l\u2019administration du pr\u00e9sident Joe Biden <a target=\"_blank\" href=\"https:\/\/www.reuters.com\/world\/biden-lifts-ban-ukraine-using-us-arms-strike-inside-russia-2024-11-17\/\" class=\"spip_out\" rel=\"external\">a autoris\u00e9<\/a> l\u2019Ukraine \u00e0 utiliser des missiles \u00e9tasuniens \u00e0 longue port\u00e9e <span class=\"caps\">ATACMS<\/span> pour frapper la Russie \u2014\u00a0un revirement important de la politique de Washington dans le conflit entre l\u2019Ukraine et la Russie. En r\u00e9ponse, Vladimir Poutine a sign\u00e9 mardi 19\u00a0novembre un d\u00e9cret \u00e9largissant les possibilit\u00e9s de recours aux armes atomiques.<\/p>\n<p>Les autres alli\u00e9s de l\u2019Ukraine lui ont aussi fourni des armes, mais avec des restrictions sur la mani\u00e8re et le moment o\u00f9 elles peuvent \u00eatre utilis\u00e9es \u00e0 l\u2019int\u00e9rieur de la Russie, de crainte que leur utilisation n\u2019entra\u00eene des repr\u00e9sailles qui attireraient les pays de l\u2019Otan dans la guerre ou provoqueraient un conflit nucl\u00e9aire.<\/p>\n<p><a target=\"_blank\" href=\"https:\/\/reporterre.net\/Oui-la-guerre-nucleaire-reste-possible\" class=\"lien_lireaussi\"><strong>Lire aussi : <\/strong> <span>\u00ab<small class=\"fine d-inline\">\u00a0<\/small>Oui, la guerre nucl\u00e9aire reste possible<small class=\"fine d-inline\">\u00a0<\/small>\u00bb<\/span><\/a><\/p>\n<p>Malgr\u00e9 cela, les annonces concernant le d\u00e9veloppement ou la remise en \u00e9tat d\u2019abri anti-atomiques se multiplient sur le continent europ\u00e9en. L\u2019Ukraine s\u2019est lanc\u00e9e cette ann\u00e9e dans la construction d\u2019\u00e9coles <a target=\"_blank\" href=\"https:\/\/fr.euronews.com\/2024\/02\/21\/ukraine-le-pays-construit-des-ecoles-souterraines-munies-dabris-antiatomiques\" class=\"spip_out\" rel=\"external\">dot\u00e9es de refuges anti-nucl\u00e9aires<\/a>.<\/p>\n<p><a target=\"_blank\" href=\"https:\/\/news.dayfr.com\/trends\/3953817.html\" class=\"spip_out\" rel=\"external\">La Su\u00e8de<\/a> a commenc\u00e9 lundi 18\u00a0novembre \u00e0 envoyer \u00e0 ses habitants quelque 5\u00a0millions de livrets d\u2019information sur la conduite \u00e0 tenir en cas d\u2019attaque. Elle \u0153uvre \u00e0 la mise \u00e0 jour des \u00e9quipements de ses abris depuis\u00a02021 et a d\u00e9bloqu\u00e9 en avril dernier une enveloppe de 385\u00a0millions de couronnes (33\u00a0millions d\u2019euros) pour mener \u00e0 bien ce projet.<\/p>\n<p><a target=\"_blank\" href=\"https:\/\/www.ouest-france.fr\/europe\/allemagne\/tous-aux-abris-lallemagne-va-repertorier-ses-bunkers-6ba9ee7c-ab4c-11ef-8248-4f6efd927e57\" class=\"spip_out\" rel=\"external\">L\u2019Allemagne<\/a> a annonc\u00e9 lundi 25\u00a0novembre avoir commenc\u00e9 le recensement des b\u00e2timents publics et priv\u00e9s o\u00f9 sa population pourrait se r\u00e9fugier en cas d\u2019attaque\u00a0: parkings, gares souterraines, etc. Elle en compterait 579, datant pour la plupart de la Guerre froide, qui pourraient abriter 480\u00a0000\u00a0personnes (sur <a target=\"_blank\" href=\"https:\/\/donnees.banquemondiale.org\/pays\/DE\" class=\"spip_out\" rel=\"external\">84,48\u00a0millions d\u2019habitants<\/a> en\u00a02023). Ses habitants sont encourag\u00e9s \u00e0 convertir leurs sous-sols en refuges et le d\u00e9veloppement d\u2019une application g\u00e9olocalisant ces abris est pr\u00e9vu.<\/p>\n<h2 class=\"spip\">370 000 abris en Suisse, un millier en France<\/h2>\n<p>Mais l\u2019\u00c9tat le plus en avance dans ce processus reste la Suisse, qui disposait fin\u00a02022 de pr\u00e8s de 370\u00a0000 abris anti-bombardements, dont 9\u00a0000\u00a0bunkers publics, pour la plupart b\u00e2tis pendant la Guerre froide et entretenus conform\u00e9ment \u00e0 une <a target=\"_blank\" href=\"https:\/\/www.fedlex.admin.ch\/eli\/cc\/2003\/620\/fr\" class=\"spip_out\" rel=\"external\">obligation r\u00e9glementaire<\/a> de 2002. L\u2019ensemble de ses 8,6\u00a0millions d\u2019habitants y auraient une place.<\/p>\n<p>Reste la France, qui ne partage pas cette f\u00e9brilit\u00e9 b\u00e9tonni\u00e8re. En\u00a02023, le s\u00e9nateur de l\u2019Oise Olivier Paccaud <a target=\"_blank\" href=\"https:\/\/www.senat.fr\/questions\/base\/2023\/qSEQ230205279.html\" class=\"spip_out\" rel=\"external\">avait interpell\u00e9<\/a> le ministre des Arm\u00e9es S\u00e9bastien Lecornu sur <i>\u00ab<small class=\"fine d-inline\">\u00a0<\/small>les faibles capacit\u00e9s d\u2019abris souterrains destin\u00e9s \u00e0 prot\u00e9ger la population en cas de conflit arm\u00e9 nucl\u00e9aire<small class=\"fine d-inline\">\u00a0<\/small>\u00bb<\/i>. Selon lui, la France ne comptait qu\u2019\u00e0 peine <i>\u00ab<small class=\"fine d-inline\">\u00a0<\/small>un millier<small class=\"fine d-inline\">\u00a0<\/small>\u00bb<\/i> d\u2019abris\u00a0: 600\u00a0militaires et 400\u00a0civils priv\u00e9s.<\/p>\n<p><i>\u00ab<small class=\"fine d-inline\">\u00a0<\/small>Rapport\u00e9s \u00e0 la population, ces chiffres conf\u00e8rent \u00e0 notre pays un taux de protection contre le risque nucl\u00e9aire d\u2019une insigne faiblesse puisqu\u2019il est \u00e0 peine sup\u00e9rieur \u00e0 0<small class=\"fine d-inline\">\u00a0<\/small>%<small class=\"fine d-inline\">\u00a0<\/small>\u00bb<\/i>, avait-il tanc\u00e9. La Premi\u00e8re ministre \u00c9lisabeth Borne avait r\u00e9pondu que <i>\u00ab<small class=\"fine d-inline\">\u00a0<\/small>depuis\u00a01964, la dissuasion nucl\u00e9aire prot\u00e8ge en permanence la France de toute menace d\u2019agression d\u2019origine \u00e9tatique contre ses int\u00e9r\u00eats vitaux, quelle qu\u2019en soit la forme<small class=\"fine d-inline\">\u00a0<\/small>\u00bb<\/i>.<\/p>\n<blockquote class=\"spip\">\n<p>\u00ab<small class=\"fine d-inline\">\u00a0<\/small>Si l\u2019ennemi choisit de prendre le risque, vous allez mourir<small class=\"fine d-inline\">\u00a0<\/small>\u00bb<\/p>\n<\/blockquote>\n<p><i>\u00ab<small class=\"fine d-inline\">\u00a0<\/small>La dissuasion, c\u2019est l\u2019id\u00e9e que toute atteinte aux int\u00e9r\u00eats vitaux de la France pourrait entra\u00eener une riposte qui causerait \u00e0 l\u2019ennemi des pertes inacceptables<small class=\"fine d-inline\">\u00a0<\/small>\u00bb<\/i>, explique \u00e0 <i>Reporterre<\/i> un haut fonctionnaire au fait du dossier. Les piliers de cette doctrine sont les modernisations successives de l\u2019arsenal nucl\u00e9aire<small class=\"fine d-inline\">\u00a0<\/small>; la pr\u00e9sence permanente d\u2019un sous-marin lanceur d\u2019engins pouvant toucher des cibles m\u00eame tr\u00e8s lointaines<small class=\"fine d-inline\">\u00a0<\/small>; et une doctrine <i>\u00ab<small class=\"fine d-inline\">\u00a0<\/small>ambigu\u00eb<small class=\"fine d-inline\">\u00a0<\/small>\u00bb<\/i>, non \u00e9crite, intimidante en ce qu\u2019elle laisse planer le doute sur le niveau d\u2019agression qui d\u00e9clencherait l\u2019utilisation de l\u2019arme atomique.<\/p>\n<p>Dans cette strat\u00e9gie, la construction d\u2019abris anti-atomiques serait au mieux inutile, au pire contre-productive\u00a0: <i>\u00ab<small class=\"fine d-inline\">\u00a0<\/small>Cela pourrait porter atteinte \u00e0 la cr\u00e9dibilit\u00e9 de la dissuasion, en laissant entendre que nous-m\u00eame ne croirions pas \u00e0 notre propre doctrine<small class=\"fine d-inline\">\u00a0<\/small>\u00bb<\/i>, explique le haut fonctionnaire. La protection que conf\u00e8re cette doctrine de la dissuasion nucl\u00e9aire reste n\u00e9anmoins <a target=\"_blank\" href=\"https:\/\/www.sciencespo.fr\/fr\/actualites\/fact-checking-5-erreurs-sur-les-armes-nucleaires-avec-le-chercheur-benoit-pelopidas\/\" class=\"spip_out\" rel=\"external\">tr\u00e8s discutable<\/a>, insiste Beno\u00eet Pelopidas, fondateur du programme <i>Nuclear Knowledges<\/i> \u00e0 Sciences Po Paris\u00a0: <i>\u00ab<small class=\"fine d-inline\">\u00a0<\/small>La dissuasion n\u2019est pas une protection. C\u2019est le pari que la menace nucl\u00e9aire va convaincre l\u2019ennemi de ne pas frapper. Si l\u2019ennemi choisit de prendre le risque, vous allez mourir ou subir des cons\u00e9quences tr\u00e8s graves.<small class=\"fine d-inline\">\u00a0<\/small>\u00bb<\/i><\/p>\n<div class=\"spip_document_86752 spip_document spip_documents spip_document_image spip_documents_center spip_document_center spip_document_avec_legende\" data-legende-len=\"146\" data-legende-lenx=\"xxx\">\n<figure class=\"spip_doc_inner\">\n      <picture><source type=\"image\/webp\" srcset=\"https:\/\/reporterre.net\/local\/cache-vignettes\/L1050xH700\/tchouboumtchou-0f8ef.jpg@.webp?1732877994\"><img decoding=\"async\" src=\"https:\/\/reporterre.net\/IMG\/jpg\/tchouboumtchou.jpg\" width=\"1200\" height=\"800\" loading=\"lazy\" alt=\"\"\/><br \/>\n    <\/source><\/picture><figcaption class=\"spip_doc_legende\">\n<div class=\"spip_doc_titre\">Les refuges existants, comme celui-ci en Suisse, sont am\u00e9nag\u00e9s en sous-sol.<br \/>\n<i>Kecko from Switzerland (Rheintal <span class=\"caps\">SG<\/span>) \/ <a target=\"_blank\" href=\"https:\/\/commons.wikimedia.org\/wiki\/File:Swiss_Civil_Defense_Bunker_(15896076361).jpg\" class=\"spip_out\" rel=\"external\"><span class=\"caps\">CC<\/span> <span class=\"caps\">BY<\/span> 2.0 \/ Wikimedia Commons<\/a><br \/>\n<\/i><\/div>\n<\/figcaption><\/figure>\n<\/p><\/div>\n<p>Malgr\u00e9 cette doctrine, les entreprises fran\u00e7aises sp\u00e9cialis\u00e9es dans la construction d\u2019abris anti-atomiques pour les particuliers t\u00e9moignent d\u2019un int\u00e9r\u00eat croissant pour leurs produits. Le g\u00e9rant d\u2019Amesis Building International Protect Enzo Petrone se souvient de la d\u00e9claration d\u2019Emmanuel Macron sur un \u00e9ventuel envoi de troupes au sol, en f\u00e9vrier\u00a02024. <i>\u00ab<small class=\"fine d-inline\">\u00a0<\/small>Pendant un mois, on a eu deux cents coups de fil par jour<small class=\"fine d-inline\">\u00a0<\/small>\u00bb<\/i>, raconte-il <a target=\"_blank\" href=\"https:\/\/www.lefigaro.fr\/actualite-france\/pendant-un-mois-on-a-eu-deux-cents-coups-de-fil-par-jour-face-aux-menaces-de-guerre-des-francais-tentes-par-les-bunkers-20240410\" class=\"spip_out\" rel=\"external\">au <i>Figaro<\/i><\/a>.<\/p>\n<p>La soci\u00e9t\u00e9 fran\u00e7aise B\u00fcnkl con\u00e7oit, fabrique et commercialise des refuges souterrains dot\u00e9s de filtres <span class=\"caps\">NRBC<\/span> (nucl\u00e9aire, radiologique, biologique et chimique) et d\u2019une autonomie <i>\u00ab<small class=\"fine d-inline\">\u00a0<\/small>qui d\u00e9passe largement notre capacit\u00e9 psychologique \u00e0 supporter un confinement<small class=\"fine d-inline\">\u00a0<\/small>\u00bb<\/i>, explique son patron Karim Boukarabila. Le tout, pour le prix <i>\u00ab<small class=\"fine d-inline\">\u00a0<\/small>d\u2019une grosse berline allemande<small class=\"fine d-inline\">\u00a0<\/small>\u00bb<\/i> \u2014\u00a0le prix de la prochaine solution technique propos\u00e9e par l\u2019entreprise <i>\u00ab<small class=\"fine d-inline\">\u00a0<\/small>devrait \u00eatre inf\u00e9rieur \u00e0 70\u00a0000\u00a0euros<small class=\"fine d-inline\">\u00a0<\/small>\u00bb<\/i>.<\/p>\n<p>L\u2019entreprise n\u2019a pas souhait\u00e9 communiquer son nombre de ventes, mais observe que la demande augmente depuis le d\u00e9but du conflit en Ukraine. <i>\u00ab<small class=\"fine d-inline\">\u00a0<\/small>On a tous les profils\u00a0: femmes seules, personnes \u00e2g\u00e9es, jeunes couples\u2026 Les gens se renseignent<small class=\"fine d-inline\">\u00a0<\/small>\u00bb<\/i>, raconte Karim Boukarabila. De fait, d\u2019apr\u00e8s un sondage conduit par l\u2019\u00e9quipe de Beno\u00eet Pelopidas en partenariat avec l\u2019<span class=\"caps\">IFOP<\/span>, 17,5<small class=\"fine d-inline\">\u00a0<\/small>% des personnes interrog\u00e9es en\u00a02019 consid\u00e9raient qu\u2019une guerre nucl\u00e9aire faisait partie des trois probl\u00e8mes les plus susceptibles d\u2019affecter leur vie dans les dix ann\u00e9es \u00e0 venir<small class=\"fine d-inline\">\u00a0<\/small>; en octobre\u00a02024, elles \u00e9taient 26,4<small class=\"fine d-inline\">\u00a0<\/small>%.<\/p>\n<blockquote class=\"spip\">\n<p>\u00ab<small class=\"fine d-inline\">\u00a0<\/small>On n\u2019aurait que dix \u00e0 trente minutes pour faire descendre les gens dans les abris<small class=\"fine d-inline\">\u00a0<\/small>\u00bb<\/p>\n<\/blockquote>\n<p>Ces angoisses ne sont pas nouvelles et enflent et refluent au gr\u00e9 de l\u2019actualit\u00e9 internationale. En 1980, dans un contexte de guerre froide, la vente d\u2019abris anti-atomiques \u00e9tait d\u00e9j\u00e0 <i>\u00ab<small class=\"fine d-inline\">\u00a0<\/small>en pleine expansion<small class=\"fine d-inline\">\u00a0<\/small>\u00bb<\/i>, selon <a target=\"_blank\" href=\"https:\/\/www.ina.fr\/ina-eclaire-actu\/1980-abri-anti-atomique-guerre-froide-marche-prive\" class=\"spip_out\" rel=\"external\">un journal d\u2019Antenne\u00a02<\/a>.<\/p>\n<p>De tels abris n\u2019offriraient pourtant qu\u2019une protection pr\u00e9caire et limit\u00e9e \u00e0 la population. Premi\u00e8re difficult\u00e9, atteindre le refuge \u00e0 temps. <i>\u00ab<small class=\"fine d-inline\">\u00a0<\/small>Compte tenu de la vitesse d\u2019un missile balistique et des d\u00e9lais d\u2019alerte, on n\u2019aurait que dix \u00e0 trente minutes pour faire descendre les gens dans les abris<small class=\"fine d-inline\">\u00a0<\/small>\u00bb<\/i>, indique le haut fonctionnaire.<\/p>\n<div class=\"spip_document_86753 spip_document spip_documents spip_document_image spip_documents_center spip_document_center spip_document_avec_legende\" data-legende-len=\"190\" data-legende-lenx=\"xxx\">\n<figure class=\"spip_doc_inner\">\n      <picture><source type=\"image\/webp\" srcset=\"https:\/\/reporterre.net\/local\/cache-vignettes\/L1050xH700\/dodonucleaire-975af.jpg@.webp?1732877995\"><img decoding=\"async\" src=\"https:\/\/reporterre.net\/IMG\/jpg\/dodonucleaire.jpg\" width=\"1200\" height=\"800\" loading=\"lazy\" alt=\"\"\/><br \/>\n    <\/source><\/picture><figcaption class=\"spip_doc_legende\">\n<div class=\"spip_doc_titre\">Un dortoir dans un abri anti-atomique en Suisse. Le pays en compte plusieurs centaines de milliers, dont 9 000 publics.<br \/>\n<i>Kecko from Switzerland (Rheintal <span class=\"caps\">SG<\/span>) \/ <a target=\"_blank\" href=\"https:\/\/commons.wikimedia.org\/wiki\/File:Swiss_Civil_Defense_Bunker_(15897271692).jpg\" class=\"spip_out\" rel=\"external\"><span class=\"caps\">CC<\/span> <span class=\"caps\">BY<\/span> 2.0 \/ Wikimedia Commons<\/a><br \/>\n<\/i><\/div>\n<\/figcaption><\/figure>\n<\/p><\/div>\n<p>M\u00eame s\u2019ils \u00e9taient rejoints \u00e0 temps, de tels abris ne seraient pas la panac\u00e9e. <i>\u00ab<small class=\"fine d-inline\">\u00a0<\/small>S\u2019il y a guerre nucl\u00e9aire majeure, il est fort probable que les gens meurent de faim ou de suffocation dans l\u2019abri, m\u00eame si ces \u00e9quipements peuvent \u00eatre utiles en cas d\u2019attaque conventionnelle ou \u00e9ventuellement de frappe nucl\u00e9aire unique et limit\u00e9e. Il est faux de dire qu\u2019il existe une technologie qui fait que la guerre atomique n\u2019est plus un probl\u00e8me parce qu\u2019on peut vivre en sous-sol<small class=\"fine d-inline\">\u00a0<\/small>\u00bb<\/i>, avertit Beno\u00eet Pelopidas.<\/p>\n<p>\u00c0 la sortie, se poserait la question de la survie \u00e0 long terme dans un territoire d\u00e9vast\u00e9 et irradi\u00e9. Une guerre nucl\u00e9aire pourrait en effet entra\u00eener une famine mondiale et la mort de plus de 5\u00a0milliards de personnes, selon <a target=\"_blank\" href=\"https:\/\/reporterre.net\/Apres-une-guerre-nucleaire-des-milliards-de-personnes-periraient-de-la-faim\" class=\"spip_in\">une \u00e9tude<\/a> publi\u00e9e dans <i>Nature Food<\/i> en ao\u00fbt\u00a02022.<\/p>\n<aside class=\"boite_encarts\">\n<div class=\"encart encart_gris noprint\">\n<p><strong>Il est de retour.<\/strong><\/p>\n<p>Dans quelques semaines, Donald Trump se r\u00e9-installera \u00e0 la Maison Blanche.<\/p>\n<p>Un milliardaire, pour qui le r\u00e9chauffement climatique est \u00ab<small class=\"fine d-inline\">\u00a0<\/small>un canular<small class=\"fine d-inline\">\u00a0<\/small>\u00bb, sera \u00e0 la t\u00eate de la plus grande puissance mondiale.<\/p>\n<p>Dans une d\u00e9cennie cruciale pour l\u2019\u00e9cologie, nous ne pouvons pas nous permettre de perdre plus de temps.<\/p>\n<p>La soci\u00e9t\u00e9 civile doit continuer de se soulever, de se mobiliser et de faire pression sur les puissants.<\/p>\n<p>Mais pour agir, il faut savoir.<\/p>\n<p><strong>Depuis 11 ans, nous publions des articles de qualit\u00e9 sur l\u2019\u00e9cologie, en acc\u00e8s libre et sans publicit\u00e9, pour tous.<\/strong><\/p>\n<p>Nous avons la conviction que l\u2019urgence \u00e9cologique est l\u2019enjeu majeur de notre \u00e9poque.<br class=\"autobr\"\/><br \/>\n Et comme plus de 2 millions de lectrices et lecteurs chaque mois, vous partagez sans doute cette conviction&#8230;<\/p>\n<p>Alors si vous en avez les moyens, sachez qu\u2019un don, m\u00eame d\u20191\u20ac, est un acte de soutien fort pour l\u2019\u00e9cologie et le journalisme ind\u00e9pendant.<br class=\"autobr\"\/><br \/>\n (Et \u00e7a vous prendra moins de temps que la lecture de ce texte).<\/p>\n<p><strong>Si vous le pouvez, choisissez un soutien mensuel. Merci.<\/strong><\/p>\n<p><a target=\"_blank\" href=\"https:\/\/reporterre.net\/dons\" class=\"bt_soutenir\">Je soutiens <i>Reporterre<\/i><\/a><\/p>\n<\/p><\/div>\n<div class=\"encart encart_vert noprint montre_1023\">\n<div class=\"infolettre-form-container noprint\">\n<p>Abonnez-vous \u00e0 la lettre d\u2019info de Reporterre<\/p>\n<\/div><\/div>\n<\/aside>\n<aside class=\"boite_apresarticle encart_note\">\n<h4>Apr\u00e8s cet article<\/h4>\n<p>      <a target=\"_blank\" href=\"https:\/\/reporterre.net\/Oui-la-guerre-nucleaire-reste-possible\" class=\"lien_article\">\n      <picture class=\"vignette_gauche\"><source type=\"image\/webp\" srcset=\"https:\/\/reporterre.net\/https:\/\/reporterre.net\/local\/cache-gd2\/42\/df861f00162da27fbb59884cc5c782.jpg@.webp?1730133506\"><img decoding=\"async\" src=\"https:\/\/reporterre.net\/local\/cache-gd2\/42\/df861f00162da27fbb59884cc5c782.jpg?1730133506\" width=\"450\" height=\"300\" alt=\"\" class=\"marge12\" loading=\"lazy\"\/><br \/>\n<\/source><\/picture>\n<p class=\"libelle\">\n<p>          Entretien \u2014<\/p>\n<p>      Nucl\u00e9aire\n    <\/p>\n<p class=\"titre pol20\">\u00ab<small class=\"fine d-inline\">\u00a0<\/small>Oui, la guerre nucl\u00e9aire reste possible<small class=\"fine d-inline\">\u00a0<\/small>\u00bb<\/p>\n<p>      <\/a><br \/>\n    <\/aside>\n<aside class=\"boite_complement texte\">\n<p>      <!-- zone_forum --><br \/>\n          <\/aside>\n<aside class=\"boite_lireaussi noprint\">\n<\/aside>\n<aside class=\"colonne\">\n<div class=\"article_info cache_1023 noprint\">\n<p>    <span class=\"date\">29 novembre 2024  \u00e0 15h50<\/span><\/p>\n<p>    <span class=\"date_modif\">Mis \u00e0 jour le 29 novembre 2024 \u00e0 17h33<\/span>      <\/p>\n<p class=\"duree_lecture\">\n        Dur\u00e9e de lecture : 7 minutes\n      <\/p>\n<\/p><\/div>\n<div class=\"bloc_infolettre\">\n<div class=\"infolettre-form-container noprint\">\n<p>Abonnez-vous \u00e0 la lettre d\u2019info de Reporterre<\/p>\n<\/div><\/div>\n<\/aside>\n<div id=\"galerie\">\n  <img decoding=\"async\" src=\"\" class=\"principale\" id=\"principale\"\/><\/p>\n<p id=\"legende\">legende<\/p>\n<\/div>\n<footer class=\"noprint\">\n<\/footer>\n<\/div>\n<p><script async src=\"\/\/platform.twitter.com\/widgets.js\" charset=\"utf-8\"><\/script><br \/>\n<br \/><br \/>\n<br \/><a href=\"https:\/\/reporterre.net\/Face-au-risque-de-guerre-nucleaire-les-Etats-se-reinteressent-aux-abris-anti-atomiques\" target=\"_blank\"\">Source link <\/a><\/p>\n","protected":false},"excerpt":{"rendered":"<p>D\u2019aust\u00e8res alignements de couchettes m\u00e9talliques, dans un parall\u00e9l\u00e9pip\u00e8de aveugle compos\u00e9 de plaques d\u2019acier d\u2019un vert glauque aux rivets apparents. La Russie a commenc\u00e9 \u00e0 produire en s\u00e9rie des abris anti-atomiques&hellip; <\/p>\n","protected":false},"author":1,"featured_media":1199,"comment_status":"open","ping_status":"open","sticky":false,"template":"","format":"standard","meta":{"footnotes":""},"categories":[1],"tags":[],"class_list":["post-1198","post","type-post","status-publish","format-standard","has-post-thumbnail","hentry","category-non-classe"],"_links":{"self":[{"href":"https:\/\/monde25.info\/index.php\/wp-json\/wp\/v2\/posts\/1198","targetHints":{"allow":["GET"]}}],"collection":[{"href":"https:\/\/monde25.info\/index.php\/wp-json\/wp\/v2\/posts"}],"about":[{"href":"https:\/\/monde25.info\/index.php\/wp-json\/wp\/v2\/types\/post"}],"author":[{"embeddable":true,"href":"https:\/\/monde25.info\/index.php\/wp-json\/wp\/v2\/users\/1"}],"replies":[{"embeddable":true,"href":"https:\/\/monde25.info\/index.php\/wp-json\/wp\/v2\/comments?post=1198"}],"version-history":[{"count":0,"href":"https:\/\/monde25.info\/index.php\/wp-json\/wp\/v2\/posts\/1198\/revisions"}],"wp:featuredmedia":[{"embeddable":true,"href":"https:\/\/monde25.info\/index.php\/wp-json\/wp\/v2\/media\/1199"}],"wp:attachment":[{"href":"https:\/\/monde25.info\/index.php\/wp-json\/wp\/v2\/media?parent=1198"}],"wp:term":[{"taxonomy":"category","embeddable":true,"href":"https:\/\/monde25.info\/index.php\/wp-json\/wp\/v2\/categories?post=1198"},{"taxonomy":"post_tag","embeddable":true,"href":"https:\/\/monde25.info\/index.php\/wp-json\/wp\/v2\/tags?post=1198"}],"curies":[{"name":"wp","href":"https:\/\/api.w.org\/{rel}","templated":true}]}}