{"id":1218,"date":"2024-11-30T08:59:23","date_gmt":"2024-11-30T07:59:23","guid":{"rendered":"https:\/\/monde25.info\/index.php\/2024\/11\/30\/les-fumees-dincendies-font-15-million-de-morts-par-an\/"},"modified":"2024-11-30T08:59:23","modified_gmt":"2024-11-30T07:59:23","slug":"les-fumees-dincendies-font-15-million-de-morts-par-an","status":"publish","type":"post","link":"https:\/\/monde25.info\/index.php\/2024\/11\/30\/les-fumees-dincendies-font-15-million-de-morts-par-an\/","title":{"rendered":"Les fum\u00e9es d&#039;incendies font 1,5 million de morts par an"},"content":{"rendered":"<p> <br \/>\n<br \/><img loading=\"lazy\" decoding=\"async\" src=\"https:\/\/reporterre.net\/local\/cache-vignettes\/L700xH467\/forest-wood-smoke-orange-usa-flame-829213-pxhere_com-b9c58.jpg?1732890635\" class=\"spip_logo\" width=\"700\" height=\"467\" alt=\"\" \/><\/p>\n<p>La pollution atmosph\u00e9rique li\u00e9e aux incendies est responsable de plus de 1,53\u00a0million de morts par an dans le monde, selon une \u00e9tude parue jeudi 28\u00a0novembre dans la revue The Lancet. <br class=\"autobr\" \/><br \/>\nUne \u00e9quipe de chercheurs internationaux ont calcul\u00e9 un risque relatif par pays concernant les particules fines et l&rsquo;ozone de surface entre\u00a02000 et\u00a02019. Ils se sont bas\u00e9s pour cela sur les fum\u00e9es dues aux feux de for\u00eats ainsi que sur le br\u00fblage des terres agricoles utilis\u00e9 pour le d\u00e9frichage. <br class=\"autobr\" \/><br \/>\n90<small class=\"fine d-inline\">\u00a0<\/small>% de ces\u00a0(\u2026)<\/p>\n<p>                    <a target=\"_blank\" href=\"https:\/\/reporterre.net\/Feux-de-forets-defrichage-agricole-les-fumees-d-incendies-font-1-5-million-de-morts-par?utm_source=RSS&amp;utm_medium=RSS\">Lire la suite<\/a><\/p>\n<p>                    &#8211;<br \/>\n                        <a target=\"_blank\" href=\"https:\/\/reporterre.net\/Breves-20\" rel=\"directory\">En bref<\/a><\/p>\n<p>                    \/<br \/>\n                        <a target=\"_blank\" href=\"https:\/\/reporterre.net\/International\" rel=\"tag\">Monde<\/a><br \/>\n                    ,<br \/>\n                        <a target=\"_blank\" href=\"https:\/\/reporterre.net\/Sante\" rel=\"tag\">Sant\u00e9<\/a><br \/>\n                    ,<br \/>\n                        <a target=\"_blank\" href=\"https:\/\/reporterre.net\/Forets\" rel=\"tag\">For\u00eats<\/a><br \/>\n<br \/><br \/>\n<br \/><a href=\"https:\/\/reporterre.net\/Feux-de-forets-defrichage-agricole-les-fumees-d-incendies-font-1-5-million-de-morts-par\" target=\"_blank\"\">Source link <\/a><\/p>\n","protected":false},"excerpt":{"rendered":"<p>La pollution atmosph\u00e9rique li\u00e9e aux incendies est responsable de plus de 1,53\u00a0million de morts par an dans le monde, selon une \u00e9tude parue jeudi 28\u00a0novembre dans la revue The Lancet.&hellip; <\/p>\n","protected":false},"author":1,"featured_media":1219,"comment_status":"open","ping_status":"open","sticky":false,"template":"","format":"standard","meta":{"footnotes":""},"categories":[1],"tags":[],"class_list":["post-1218","post","type-post","status-publish","format-standard","has-post-thumbnail","hentry","category-non-classe"],"_links":{"self":[{"href":"https:\/\/monde25.info\/index.php\/wp-json\/wp\/v2\/posts\/1218","targetHints":{"allow":["GET"]}}],"collection":[{"href":"https:\/\/monde25.info\/index.php\/wp-json\/wp\/v2\/posts"}],"about":[{"href":"https:\/\/monde25.info\/index.php\/wp-json\/wp\/v2\/types\/post"}],"author":[{"embeddable":true,"href":"https:\/\/monde25.info\/index.php\/wp-json\/wp\/v2\/users\/1"}],"replies":[{"embeddable":true,"href":"https:\/\/monde25.info\/index.php\/wp-json\/wp\/v2\/comments?post=1218"}],"version-history":[{"count":0,"href":"https:\/\/monde25.info\/index.php\/wp-json\/wp\/v2\/posts\/1218\/revisions"}],"wp:featuredmedia":[{"embeddable":true,"href":"https:\/\/monde25.info\/index.php\/wp-json\/wp\/v2\/media\/1219"}],"wp:attachment":[{"href":"https:\/\/monde25.info\/index.php\/wp-json\/wp\/v2\/media?parent=1218"}],"wp:term":[{"taxonomy":"category","embeddable":true,"href":"https:\/\/monde25.info\/index.php\/wp-json\/wp\/v2\/categories?post=1218"},{"taxonomy":"post_tag","embeddable":true,"href":"https:\/\/monde25.info\/index.php\/wp-json\/wp\/v2\/tags?post=1218"}],"curies":[{"name":"wp","href":"https:\/\/api.w.org\/{rel}","templated":true}]}}