{"id":1222,"date":"2024-11-30T10:05:19","date_gmt":"2024-11-30T09:05:19","guid":{"rendered":"https:\/\/monde25.info\/index.php\/2024\/11\/30\/cessez-le-feu-fragile-entre-le-hezbollah-et-israel-au-sud-du-liban-hamas-se-dit-pret-pour-un-accord-serieux-a-gaza\/"},"modified":"2024-11-30T10:05:19","modified_gmt":"2024-11-30T09:05:19","slug":"cessez-le-feu-fragile-entre-le-hezbollah-et-israel-au-sud-du-liban-hamas-se-dit-pret-pour-un-accord-serieux-a-gaza","status":"publish","type":"post","link":"https:\/\/monde25.info\/index.php\/2024\/11\/30\/cessez-le-feu-fragile-entre-le-hezbollah-et-israel-au-sud-du-liban-hamas-se-dit-pret-pour-un-accord-serieux-a-gaza\/","title":{"rendered":"Cessez-le-feu fragile entre le Hezbollah et Isra\u00ebl au sud du Liban, Hamas se dit \u201cpr\u00eat\u201d pour un \u201caccord s\u00e9rieux\u201d \u00e0 Gaza"},"content":{"rendered":"<p> <br \/>\n<\/p>\n<div>\n<p><span data-contrast=\"auto\">Peut-on esp\u00e9rer une tr\u00eave \u00e0 Gaza apr\u00e8s le cessez-le-feu entr\u00e9 en vigueur au sud du Liban entre Isra\u00ebl et le Hezbollah ? Le Hamas se dit \u201cpr\u00eat\u201d. Pour autant, les combats se poursuivent et l\u2019arm\u00e9e isra\u00e9lienne m\u00e8ne toujours des bombardements dans l\u2019enclave palestinienne, faisant des dizaines de morts chaque jour selon les bilans quotidiens des autorit\u00e9s sanitaires gazaouies. L&rsquo;administration Biden dit faire pression sur les bellig\u00e9rants bien que Tel Aviv et son gouvernement ne t\u00e9moignent aucune intention de r\u00e9duire l\u2019intensit\u00e9 des frappes sur Gaza. Beaucoup craignent que cet accord avec le Hezbollah permette \u00e0 Tsahal de retirer ses troupes du sud du Liban, r\u00e9cup\u00e9rer des forces et se concentrer sur le territoire palestinien.<\/span><span data-ccp-props=\"{&quot;134233117&quot;:false,&quot;134233118&quot;:false,&quot;201341983&quot;:0,&quot;335559738&quot;:270,&quot;335559739&quot;:270,&quot;335559740&quot;:324}\">\u00a0<\/span><\/p>\n<p><span data-contrast=\"auto\">Apr\u00e8s plus de deux mois de guerre ouverte, le cabinet du Premier ministre isra\u00e9lien, Benjamin Netanyahou, a donn\u00e9 son feu vert pour un cessez-le-feu avec le Hezbollah. Le plan a \u00e9t\u00e9 pr\u00e9sent\u00e9 par les \u00c9tats-Unis ainsi que par la France, dont la relation avec Isra\u00ebl conna\u00eet de vives tensions, particuli\u00e8rement apr\u00e8s l\u2019approbation de Paris du mandat d\u2019arr\u00eat international lanc\u00e9 contre le chef du gouvernement isra\u00e9lien. Cette rare victoire de la diplomatie, rapportent plusieurs m\u00e9dias, serait li\u00e9e \u00e0 \u201cl\u2019immunit\u00e9\u201d dont b\u00e9n\u00e9ficierait, selon le Quai d\u2019Orsay, Netanyahou en sa qualit\u00e9 de PM d\u2019un pays non-membre de la Cour p\u00e9nale internationale. L\u2019information n\u2019a pas \u00e9t\u00e9 officiellement confirm\u00e9e.<\/span><span data-ccp-props=\"{&quot;134233117&quot;:false,&quot;134233118&quot;:false,&quot;201341983&quot;:0,&quot;335559738&quot;:270,&quot;335559739&quot;:270,&quot;335559740&quot;:324}\">\u00a0<\/span><\/p>\n<p><span data-contrast=\"auto\"><strong>Les bombardements se poursuivent \u00e0 Gaza<\/strong><\/span><span data-ccp-props=\"{&quot;134233117&quot;:false,&quot;134233118&quot;:false,&quot;201341983&quot;:0,&quot;335559738&quot;:150,&quot;335559739&quot;:270,&quot;335559740&quot;:288}\"><strong>\u00a0<\/strong><\/span><\/p>\n<p><span data-contrast=\"auto\">Selon cet accord, l&rsquo;arm\u00e9e isra\u00e9lienne dispose de 60 jours pour se retirer progressivement du sud du Liban. Le Hezbollah doit \u00e9galement se retirer de la fronti\u00e8re sud avec Isra\u00ebl et remonter au nord du fleuve Litani. L&rsquo;accord pr\u00e9voit en outre une prise de contr\u00f4le de la zone frontali\u00e8re du c\u00f4t\u00e9 du Liban par l&rsquo;arm\u00e9e libanaise.\u00a0 Benjamin Netanyahu a d\u00e9clar\u00e9 que la dur\u00e9e du cessez-le-feu d\u00e9pendrait \u00ab\u00a0de ce qui se passera au Liban\u00a0\u00bb, se r\u00e9servant une \u00ab\u00a0totale libert\u00e9 d&rsquo;action militaire \u00ab\u00a0si le Hezbollah \u201cviole l&rsquo;accord ou tente de se r\u00e9armer\u201d.\u00a0<\/span><span data-ccp-props=\"{&quot;134233117&quot;:false,&quot;134233118&quot;:false,&quot;201341983&quot;:0,&quot;335559738&quot;:270,&quot;335559739&quot;:270,&quot;335559740&quot;:324}\">\u00a0<\/span><\/p>\n<p><span data-contrast=\"auto\">Hier, l\u2019arm\u00e9e isra\u00e9lienne a d\u2019ailleurs indiqu\u00e9 avoir \u201couvert le feu\u201d sur des \u201dsuspects\u201d rompant, selon elle, \u201cles conditions du cessez-le-feu\u201d, faisant deux bless\u00e9s. Tsahal a reconnu avoir men\u00e9 une frappe sur une installation du Hezbollah.<\/span><span data-ccp-props=\"{&quot;134233117&quot;:false,&quot;134233118&quot;:false,&quot;201341983&quot;:0,&quot;335559738&quot;:270,&quot;335559739&quot;:270,&quot;335559740&quot;:324}\">\u00a0<\/span><\/p>\n<p><span data-contrast=\"auto\">Tr\u00e8s bien accueilli par de nombreux pays, qui esp\u00e8rent un accord identique \u00e0 Gaza, ce cessez-le-feu permettrait aussi \u00e0 Isra\u00ebl, de l\u2019avis de certains, de laisser souffler son arm\u00e9e, d\u00e9ploy\u00e9e sur deux fronts, et de se concentrer sur l\u2019Iran, avec qui la guerre est devenue ouverte avec un \u00e9change de tirs de missiles et l\u2019assassinat de l\u2019ex-chef du Hamas, Isma\u00ebl Hanniyeh, \u00e0 T\u00e9h\u00e9ran.<\/span><span data-ccp-props=\"{&quot;134233117&quot;:false,&quot;134233118&quot;:false,&quot;201341983&quot;:0,&quot;335559738&quot;:270,&quot;335559739&quot;:270,&quot;335559740&quot;:324}\">\u00a0<\/span><\/p>\n<p><span data-contrast=\"auto\">La suspension des hostilit\u00e9s avec le Hezbollah permet aussi \u00e0 Netanyahou de concentrer les op\u00e9rations de Tsahal sur Gaza, o\u00f9, malgr\u00e9 les appels \u00e0 une tr\u00eave, les condamnations r\u00e9p\u00e9t\u00e9es ainsi que le mandat d\u2019arr\u00eat international visant le PM et son ex-ministre de la D\u00e9fense, les bombardements se poursuivent.\u00a0<\/span><span data-ccp-props=\"{&quot;134233117&quot;:false,&quot;134233118&quot;:false,&quot;201341983&quot;:0,&quot;335559738&quot;:270,&quot;335559739&quot;:270,&quot;335559740&quot;:324}\">\u00a0<\/span><\/p>\n<p><span data-contrast=\"auto\">Le weekend dernier, au moins 120 personnes sont mortes en 48 heures, selon des sources m\u00e9dicales. Mercredi, 15 personnes ont \u00e9t\u00e9 tu\u00e9es, dont certaines se trouvaient dans une \u00e9cole accueillant des personnes d\u00e9plac\u00e9es. Parmi les victimes se trouvaient deux fils d&rsquo;un ancien porte-parole du Hamas, Fawzi Barhoum, selon les m\u00e9decins et Barhoum lui-m\u00eame.<\/span><span data-ccp-props=\"{&quot;134233117&quot;:false,&quot;134233118&quot;:false,&quot;201341983&quot;:0,&quot;335559738&quot;:270,&quot;335559739&quot;:270,&quot;335559740&quot;:324}\">\u00a0<\/span><\/p>\n<p><span data-contrast=\"auto\">Par ailleurs, huit Palestiniens ont \u00e9t\u00e9 tu\u00e9s et des dizaines d&rsquo;autres bless\u00e9s lors d&rsquo;une frappe isra\u00e9lienne qui a touch\u00e9 l&rsquo;\u00e9cole Al-Tabi&rsquo;een, qui abritait des familles d\u00e9plac\u00e9es dans la ville de Gaza.<\/span><span data-ccp-props=\"{&quot;134233117&quot;:false,&quot;134233118&quot;:false,&quot;201341983&quot;:0,&quot;335559738&quot;:270,&quot;335559739&quot;:270,&quot;335559740&quot;:324}\">\u00a0<\/span><\/p>\n<p><span data-contrast=\"auto\">Dans la m\u00eame City, une autre attaque a fait quatre morts. Au nord, o\u00f9 l\u2019arm\u00e9e isra\u00e9lienne m\u00e8ne depuis d\u00e9but octobre une op\u00e9ration, dont le bilan est de plus de 1 400 d\u00e9c\u00e8s selon la D\u00e9fense civile, trois personnes ont \u00e9t\u00e9 tu\u00e9es lors d&rsquo;une frappe a\u00e9rienne isra\u00e9lienne \u00e0 Beit Lahiya. Au total, au moins 33 personnes ont \u00e9t\u00e9 tu\u00e9es entre mardi et mercredi, selon un bilan du minist\u00e8re de la Sant\u00e9 du Hamas, qui \u00e9tablit \u00e0 44 282 le nombre de personnes tu\u00e9es.<\/span><span data-ccp-props=\"{&quot;134233117&quot;:false,&quot;134233118&quot;:false,&quot;201341983&quot;:0,&quot;335559738&quot;:270,&quot;335559739&quot;:270,&quot;335559740&quot;:324}\"><strong>\u00a0<\/strong><\/span><\/p>\n<p><span data-contrast=\"auto\"><strong>Le Hamas \u201cpr\u00eat\u201d \u00e0 conclure \u201cun accord s\u00e9rieux\u201d<\/strong><\/span><span data-ccp-props=\"{&quot;134233117&quot;:false,&quot;134233118&quot;:false,&quot;201341983&quot;:0,&quot;335559738&quot;:150,&quot;335559739&quot;:270,&quot;335559740&quot;:288}\"><strong>\u00a0<\/strong><\/span><\/p>\n<p><span data-contrast=\"auto\">Dans son expos\u00e9 lundi dernier devant les membres du Conseil de s\u00e9curit\u00e9, Muhannad Hadi, Coordonnateur sp\u00e9cial adjoint pour le processus de paix au Moyen-Orient et Coordonnateur humanitaire des Nations Unies pour le territoire palestinien occup\u00e9, a d\u00e9crit l\u2019horreur qui \u201cse poursuit sans fin en vue \u00e0 Gaza, \u00e0 l\u2019approche de l\u2019hiver\u201d. Il a notamment d\u00e9plor\u00e9 une situation humanitaire catastrophique, d\u00e9non\u00e7ant le pillage des aides, notamment celles qui sont achemin\u00e9es par les convois de l\u2019ONU.<\/span><span data-ccp-props=\"{&quot;134233117&quot;:false,&quot;134233118&quot;:false,&quot;201341983&quot;:0,&quot;335559738&quot;:270,&quot;335559739&quot;:270,&quot;335559740&quot;:324}\">\u00a0<\/span><\/p>\n<p><span data-contrast=\"auto\">Mercredi, la Russie a annonc\u00e9 avoir exp\u00e9di\u00e9 un 32e paquet d\u2019aide, d\u2019une contenance de 28 tonnes. Selon un communiqu\u00e9 du minist\u00e8re russe des Situations d&rsquo;urgence, un vol sp\u00e9cial a livr\u00e9 le lot \u00e0 l&rsquo;\u00c9gypte, comprenant de la nourriture, des produits de premi\u00e8re n\u00e9cessit\u00e9 et de l&rsquo;\u00e9quipement de r\u00e9habilitation technique. Jusque-l\u00e0, Moscou a livr\u00e9 827 tonnes d&rsquo;aide humanitaire dans la r\u00e9gion depuis le d\u00e9but du conflit en octobre 2023.<\/span><span data-ccp-props=\"{&quot;134233117&quot;:false,&quot;134233118&quot;:false,&quot;201341983&quot;:0,&quot;335559738&quot;:270,&quot;335559739&quot;:270,&quot;335559740&quot;:324}\">\u00a0<\/span><\/p>\n<p><span data-contrast=\"auto\">Le m\u00eame jour, le Hamas, r\u00e9agissant au cessez-le-feu au Liban, \u201cune victoire et une r\u00e9ussite majeure pour la r\u00e9sistance\u201d, s&rsquo;est dit \u00ab\u00a0pr\u00eat\u00a0\u00bb \u00e0 conclure un accord \u201cs\u00e9rieux\u201d de tr\u00eave avec Isra\u00ebl \u201cpour \u00e9changer des prisonniers\u201d.\u00a0<\/span><span data-ccp-props=\"{&quot;134233117&quot;:false,&quot;134233118&quot;:false,&quot;201341983&quot;:0,&quot;335559738&quot;:270,&quot;335559739&quot;:270,&quot;335559740&quot;:324}\">\u00a0<\/span><\/p>\n<p><span data-contrast=\"auto\">Le pr\u00e9sident am\u00e9ricain Joe Biden a affirm\u00e9 que son administration faisait pression dans ce sens. \u201cDans les jours \u00e0 venir, les \u00c9tats-Unis feront de nouveau pression sur la Turquie, l&rsquo;\u00c9gypte, le Qatar, Isra\u00ebl et d&rsquo;autres pays pour parvenir \u00e0 un cessez-le-feu \u00e0 Gaza, \u00e0 la lib\u00e9ration des otages et \u00e0 la fin de la guerre sans le Hamas au pouvoir\u201d, a-t-il indiqu\u00e9.<\/span><\/p>\n<\/div>\n<p><script>(function(d, s, id) {  var js, fjs = d.getElementsByTagName(s)[0];  if (d.getElementById(id)) return;  js = d.createElement(s); js.id = id;  js.src = \"\/\/connect.facebook.net\/fr_FR\/sdk.js#xfbml=1&version=v2.3\";  fjs.parentNode.insertBefore(js, fjs);}(document, \"script\", \"facebook-jssdk\"));<\/script><br \/>\n<br \/><br \/>\n<br \/><a href=\"https:\/\/www.francesoir.fr\/politique-monde\/cessez-le-feu-fragile-entre-le-hezbollah-et-israel-au-sud-du-liban-hamas-se-dit\" target=\"_blank\"\">Source link <\/a><\/p>\n","protected":false},"excerpt":{"rendered":"<p>Peut-on esp\u00e9rer une tr\u00eave \u00e0 Gaza apr\u00e8s le cessez-le-feu entr\u00e9 en vigueur au sud du Liban entre Isra\u00ebl et le Hezbollah ? Le Hamas se dit \u201cpr\u00eat\u201d. Pour autant, les&hellip; <\/p>\n","protected":false},"author":1,"featured_media":1223,"comment_status":"open","ping_status":"open","sticky":false,"template":"","format":"standard","meta":{"footnotes":""},"categories":[1],"tags":[],"class_list":["post-1222","post","type-post","status-publish","format-standard","has-post-thumbnail","hentry","category-non-classe"],"_links":{"self":[{"href":"https:\/\/monde25.info\/index.php\/wp-json\/wp\/v2\/posts\/1222","targetHints":{"allow":["GET"]}}],"collection":[{"href":"https:\/\/monde25.info\/index.php\/wp-json\/wp\/v2\/posts"}],"about":[{"href":"https:\/\/monde25.info\/index.php\/wp-json\/wp\/v2\/types\/post"}],"author":[{"embeddable":true,"href":"https:\/\/monde25.info\/index.php\/wp-json\/wp\/v2\/users\/1"}],"replies":[{"embeddable":true,"href":"https:\/\/monde25.info\/index.php\/wp-json\/wp\/v2\/comments?post=1222"}],"version-history":[{"count":0,"href":"https:\/\/monde25.info\/index.php\/wp-json\/wp\/v2\/posts\/1222\/revisions"}],"wp:featuredmedia":[{"embeddable":true,"href":"https:\/\/monde25.info\/index.php\/wp-json\/wp\/v2\/media\/1223"}],"wp:attachment":[{"href":"https:\/\/monde25.info\/index.php\/wp-json\/wp\/v2\/media?parent=1222"}],"wp:term":[{"taxonomy":"category","embeddable":true,"href":"https:\/\/monde25.info\/index.php\/wp-json\/wp\/v2\/categories?post=1222"},{"taxonomy":"post_tag","embeddable":true,"href":"https:\/\/monde25.info\/index.php\/wp-json\/wp\/v2\/tags?post=1222"}],"curies":[{"name":"wp","href":"https:\/\/api.w.org\/{rel}","templated":true}]}}