{"id":123,"date":"2024-11-14T22:49:21","date_gmt":"2024-11-14T21:49:21","guid":{"rendered":"https:\/\/monde25.info\/index.php\/2024\/11\/14\/assauts-contre-lhistoire-par-benoit-breville-le-monde-diplomatique-juin-2023\/"},"modified":"2024-11-14T22:49:21","modified_gmt":"2024-11-14T21:49:21","slug":"assauts-contre-lhistoire-par-benoit-breville-le-monde-diplomatique-juin-2023","status":"publish","type":"post","link":"https:\/\/monde25.info\/index.php\/2024\/11\/14\/assauts-contre-lhistoire-par-benoit-breville-le-monde-diplomatique-juin-2023\/","title":{"rendered":"Assauts contre l\u2019histoire, par Beno\u00eet Br\u00e9ville (Le Monde diplomatique, juin 2023)"},"content":{"rendered":"<p> <br \/>\n<\/p>\n<div couleurfade=\"fde9e5\" couleurclaire=\"f5e7d5\" couleurpale=\"f3d0a4\" couleurmi=\"be2e0d\" couleurfoncee=\"8e220a\" couleursombre=\"2f0b03\" couleurfond=\"7b554c\" couleurtexte=\"ffffff\">\n<p><span class=\"mot-lettrine\"><span class=\"lettrine\">Q<\/span>uiconque<\/span> d\u00e9couvrirait la seconde guerre mondiale \u00e0 l\u2019aune de ses comm\u00e9morations en\u00a02023 n\u2019y comprendrait pas grand-chose. Le 27\u00a0janvier, le directeur du Mus\u00e9e d\u2019Auschwitz c\u00e9l\u00e9brait l\u2019anniversaire de la lib\u00e9ration du camp sans inviter ses lib\u00e9rateurs. La Russie a bien \u00e9t\u00e9 \u00e9voqu\u00e9e lors du discours protocolaire, mais seulement pour comparer Auschwitz et la guerre en Ukraine \u2014 <i>\u00ab<small class=\"fine\">\u00a0<\/small>une fois encore, des innocents sont tu\u00e9s en masse en Europe<small class=\"fine\">\u00a0<\/small>\u00bb.<\/i> Le 25\u00a0avril, le pr\u00e9sident n\u00e9ofasciste du S\u00e9nat italien, M.\u00a0Ignazio La Russa, a lui aussi f\u00eat\u00e9 la lib\u00e9ration de son pays en fustigeant Moscou. En visite \u00e0 Prague ce jour-l\u00e0, il s\u2019est recueilli devant le M\u00e9morial Jan Palach<span class=\"spip_note_ref\">\u00a0(<a target=\"_blank\" href=\"http:\/\/www.monde-diplomatique.fr\/2023\/06\/BREVILLE\/65832#nb1\" class=\"spip_note\" rel=\"appendix\" title=\"Du nom d\u2019un \u00e9tudiant qui s\u2019est immol\u00e9 par le feu en janvier\u00a01969 pour protester\u00a0(...)\" id=\"nh1\">1<\/a>)<\/span>, puis il a visit\u00e9 un camp de concentration nazi. <i>\u00ab<small class=\"fine\">\u00a0<\/small>Une tentative mesquine de jeter dans le m\u00eame chaudron \u201ctous les totalitarismes du XXe\u00a0si\u00e8cle\u201d, dans une nuit o\u00f9 toutes les vaches sont noires, au point qu\u2019on finit par ne plus voir de vaches du tout<small class=\"fine\">\u00a0<\/small>\u00bb,<\/i> a comment\u00e9 la philosophe et journaliste Cinzia Sciuto<span class=\"spip_note_ref\">\u00a0(<a target=\"_blank\" href=\"http:\/\/www.monde-diplomatique.fr\/2023\/06\/BREVILLE\/65832#nb2\" class=\"spip_note\" rel=\"appendix\" title=\"Cinzia Ciuto, \u00ab\u00a0La destra che ha paura del 25 aprile\u00a0\u00bb, MicroMega, 24\u00a0avril\u00a0\u00a0(...)\" id=\"nh2\">2<\/a>)<\/span>.<\/p>\n<p>Qui peut en effet percevoir, \u00e0 la vue de ces c\u00e9r\u00e9monies, que la plus gigantesque d\u00e9faite inflig\u00e9e aux troupes de la Wehrmacht le fut \u00e0 Stalingrad<small class=\"fine\">\u00a0<\/small>? Que onze millions de soldats sovi\u00e9tiques sont tomb\u00e9s au combat contre l\u2019Allemagne, sans parler des quinze millions de civils tu\u00e9s<small class=\"fine\">\u00a0<\/small>? Il y a soixante\u00a0ans, le pr\u00e9sident am\u00e9ricain John F. Kennedy admettait sans rechigner qu\u2019<i>\u00ab<small class=\"fine\">\u00a0<\/small>aucune nation dans l\u2019histoire des guerres n\u2019a autant souffert que l\u2019Union sovi\u00e9tique au cours de la seconde guerre mondiale<\/i><span class=\"spip_note_ref\">\u00a0(<a target=\"_blank\" href=\"http:\/\/www.monde-diplomatique.fr\/2023\/06\/BREVILLE\/65832#nb3\" class=\"spip_note\" rel=\"appendix\" title=\"Discours \u00e0 l\u2019Universit\u00e9 am\u00e9ricaine de Washington, 10\u00a0juin\u00a01963.\" id=\"nh3\">3<\/a>)<\/span><i><small class=\"fine\">\u00a0<\/small>\u00bb.<\/i> Nul dirigeant occidental ne se risque plus \u00e0 un tel constat. Invasion de l\u2019Ukraine oblige, toute mention favorable \u00e0 l\u2019Union sovi\u00e9tique ou \u00e0 la Russie est d\u00e9sormais prohib\u00e9e.<\/p>\n<p>Depuis un an, une vague r\u00e9visionniste balaie l\u2019Europe. \u00c0 l\u2019Est, des rues dont le nom n\u2019avait pas chang\u00e9 apr\u00e8s la chute du Mur sont d\u00e9baptis\u00e9es par centaines, des statues d\u00e9boulonn\u00e9es, des \u00e9difices ras\u00e9s. Non contente d\u2019avoir d\u00e9truit \u00e0 Riga un ob\u00e9lisque de quatre-vingts m\u00e8tres d\u00e9di\u00e9 \u00e0 la victoire de l\u2019Arm\u00e9e rouge sur les nazis, la Lettonie a r\u00e9pertori\u00e9 soixante-neuf autres vestiges comm\u00e9moratifs de ce type qu\u2019elle compte d\u00e9molir. La liste estonienne comporte plus de quatre cents sites, tandis qu\u2019en Lituanie la purge s\u2019\u00e9tend aux \u0153uvres r\u00e9alis\u00e9es par des artistes nationaux soup\u00e7onn\u00e9s de sympathie avec le communisme<span class=\"spip_note_ref\">\u00a0(<a target=\"_blank\" href=\"http:\/\/www.monde-diplomatique.fr\/2023\/06\/BREVILLE\/65832#nb4\" class=\"spip_note\" rel=\"appendix\" title=\"Adam J. Sacks, \u00ab\u00a0Equating the Soviet Union with nazi Germany is terrible\u00a0(...)\" id=\"nh4\">4<\/a>)<\/span>. Le pass\u00e9 figure parmi les victimes de la guerre en Ukraine, o\u00f9 des mercenaires russes tatou\u00e9s de croix gamm\u00e9es pr\u00e9tendent mener une op\u00e9ration de \u00ab<small class=\"fine\">\u00a0<\/small>d\u00e9nazification<small class=\"fine\">\u00a0<\/small>\u00bb. \u00c0 chacun ses manipulations\u2026<\/p>\n<p>\u00c0 l\u2019Ouest, la bataille m\u00e9morielle se joue dans les Parlements. Imitant leurs homologues allemands et europ\u00e9ens, les d\u00e9put\u00e9s fran\u00e7ais ont adopt\u00e9, le 28\u00a0mars, \u00e0 la demande de Kiev, une r\u00e9solution reconnaissant le caract\u00e8re \u00ab<small class=\"fine\">\u00a0<\/small>g\u00e9nocidaire<small class=\"fine\">\u00a0<\/small>\u00bb de la famine ukrainienne de 1932-1933. Un acte <i>\u00ab<small class=\"fine\">\u00a0<\/small>important pour entretenir le soutien des opinions publiques occidentales, lequel est d\u00e9terminant pour l\u2019issue du conflit arm\u00e9 [en Ukraine]<small class=\"fine\">\u00a0<\/small>\u00bb,<\/i> justifient ses promoteurs. Le sujet ne fait pourtant pas consensus parmi les sp\u00e9cialistes, qui d\u00e9battent du caract\u00e8re cibl\u00e9 et ethnique de cette famine, comme de son aggravation intentionnelle et de son ampleur. Mais, quand il s\u2019agit de condamner Moscou, l\u2019histoire n\u2019est qu\u2019une arme de plus.<\/p>\n<\/p><\/div>\n<p><br \/>\n<br \/><a href=\"https:\/\/www.monde-diplomatique.fr\/2023\/06\/BREVILLE\/65832\" target=\"_blank\"\">Source link <\/a><\/p>\n","protected":false},"excerpt":{"rendered":"<p>Quiconque d\u00e9couvrirait la seconde guerre mondiale \u00e0 l\u2019aune de ses comm\u00e9morations en\u00a02023 n\u2019y comprendrait pas grand-chose. Le 27\u00a0janvier, le directeur du Mus\u00e9e d\u2019Auschwitz c\u00e9l\u00e9brait l\u2019anniversaire de la lib\u00e9ration du camp&hellip; <\/p>\n","protected":false},"author":1,"featured_media":124,"comment_status":"open","ping_status":"open","sticky":false,"template":"","format":"standard","meta":{"footnotes":""},"categories":[1],"tags":[],"class_list":["post-123","post","type-post","status-publish","format-standard","has-post-thumbnail","hentry","category-non-classe"],"_links":{"self":[{"href":"https:\/\/monde25.info\/index.php\/wp-json\/wp\/v2\/posts\/123","targetHints":{"allow":["GET"]}}],"collection":[{"href":"https:\/\/monde25.info\/index.php\/wp-json\/wp\/v2\/posts"}],"about":[{"href":"https:\/\/monde25.info\/index.php\/wp-json\/wp\/v2\/types\/post"}],"author":[{"embeddable":true,"href":"https:\/\/monde25.info\/index.php\/wp-json\/wp\/v2\/users\/1"}],"replies":[{"embeddable":true,"href":"https:\/\/monde25.info\/index.php\/wp-json\/wp\/v2\/comments?post=123"}],"version-history":[{"count":0,"href":"https:\/\/monde25.info\/index.php\/wp-json\/wp\/v2\/posts\/123\/revisions"}],"wp:featuredmedia":[{"embeddable":true,"href":"https:\/\/monde25.info\/index.php\/wp-json\/wp\/v2\/media\/124"}],"wp:attachment":[{"href":"https:\/\/monde25.info\/index.php\/wp-json\/wp\/v2\/media?parent=123"}],"wp:term":[{"taxonomy":"category","embeddable":true,"href":"https:\/\/monde25.info\/index.php\/wp-json\/wp\/v2\/categories?post=123"},{"taxonomy":"post_tag","embeddable":true,"href":"https:\/\/monde25.info\/index.php\/wp-json\/wp\/v2\/tags?post=123"}],"curies":[{"name":"wp","href":"https:\/\/api.w.org\/{rel}","templated":true}]}}