{"id":1238,"date":"2024-11-30T15:41:00","date_gmt":"2024-11-30T14:41:00","guid":{"rendered":"https:\/\/monde25.info\/index.php\/2024\/11\/30\/en-cisjordanie-occupee-une-recolte-des-olives-a-haut-risque\/"},"modified":"2024-11-30T15:41:00","modified_gmt":"2024-11-30T14:41:00","slug":"en-cisjordanie-occupee-une-recolte-des-olives-a-haut-risque","status":"publish","type":"post","link":"https:\/\/monde25.info\/index.php\/2024\/11\/30\/en-cisjordanie-occupee-une-recolte-des-olives-a-haut-risque\/","title":{"rendered":"En Cisjordanie occup\u00e9e, une r\u00e9colte des olives \u00e0 haut risque"},"content":{"rendered":"<p> <br \/>\n<\/p>\n<div>\n<p class=\"indication_lieu\">Beyrouth (Liban), reportage<\/p>\n<p>Normalement, la r\u00e9colte des olives est une saison emplie de joie en Palestine. <i>\u00ab<small class=\"fine d-inline\">\u00a0<\/small>Chaque ann\u00e9e, on se r\u00e9unit en famille autour de la cueillette, on fait bouillir le th\u00e9 traditionnel sur un feu de bois, on chante, on danse. Les oliviers sont sacr\u00e9s pour nous, ils repr\u00e9sentent notre cause<small class=\"fine d-inline\">\u00a0<\/small>\u00bb<\/i>, t\u00e9moigne par t\u00e9l\u00e9phone Mohammed Fahmi al-Marii, la cinquantaine. L\u2019agriculteur vit \u00e0 Kufr Dan, un village pr\u00e8s de J\u00e9nine, o\u00f9 il cultive des champs et 15\u00a0000\u00a0m<sup class=\"typo_exposants\">2<\/sup> d\u2019oliviers. <i>\u00ab<small class=\"fine d-inline\">\u00a0<\/small>On produit l\u2019huile surtout pour nos familles et nos voisins, on en vend une partie et on en distribue aux d\u00e9munis<\/i>, explique-t-il. <i>Mais cette ann\u00e9e, la r\u00e9colte est vraiment difficile \u00e0 cause des incursions de l\u2019arm\u00e9e et des colons.<small class=\"fine d-inline\">\u00a0<\/small>\u00bb<\/i><\/p>\n<p>C\u2019est que J\u00e9nine, grande ville du nord de la Cisjordanie occup\u00e9e, a fait l\u2019objet de nombreux raids de l\u2019arm\u00e9e isra\u00e9lienne cette ann\u00e9e. Elle a m\u00eame \u00e9t\u00e9 <a target=\"_blank\" href=\"https:\/\/reporterre.net\/La-pire-offensive-israelienne-depuis-vingt-ans-detruit-villages-et-champs-en-Cisjordanie\">assi\u00e9g\u00e9e pendant deux semaines<\/a>, en septembre dernier. Plus de <a target=\"_blank\" href=\"https:\/\/www.ochaopt.org\/content\/west-bank-casualties-property-damage-and-displacement-october-2024\" class=\"spip_out\" rel=\"external\">193 personnes<\/a> y ont \u00e9t\u00e9 tu\u00e9es et 710\u00a0bless\u00e9es en un an. Depuis, la ville et ses environs vivent au rythme des incursions de soldats isra\u00e9liens venant affronter des factions arm\u00e9es palestiniennes. <i>\u00ab<small class=\"fine d-inline\">\u00a0<\/small>Chaque fois que cela arrive, les souks [march\u00e9s] sont ferm\u00e9s et on ne peut vendre ni notre huile, ni nos fruits et l\u00e9gumes<small class=\"fine d-inline\">\u00a0<\/small>\u00bb<\/i>, soupire-t-il.<\/p>\n<div class=\"spip_document_86735 spip_document spip_documents spip_document_image spip_documents_center spip_document_center spip_document_avec_legende\" data-legende-len=\"136\" data-legende-lenx=\"xxx\">\n<figure class=\"spip_doc_inner\">\n      <picture><source type=\"image\/webp\" srcset=\"https:\/\/reporterre.net\/local\/cache-vignettes\/L1050xH700\/1_-_-240301_21_ld_pernot_img_1505_pernot_240301-62afd.jpg@.webp?1732800422\"><img decoding=\"async\" src=\"https:\/\/reporterre.net\/IMG\/jpg\/1_-_-240301_21_ld_pernot_img_1505_pernot_240301.jpg\" width=\"1200\" height=\"800\" loading=\"lazy\" alt=\"\"\/><br \/>\n    <\/source><\/picture><figcaption class=\"spip_doc_legende\">\n<p>Des collines recouvertes d\u2019oliviers dans le village de Saffa, en Cisjordanie occup\u00e9e, le 1<sup class=\"typo_exposants\">er<\/sup>\u00a0mars 2024.<br \/>\n<i>\u00a9 Philippe Pernot \/ Reporterre<\/i><\/p>\n<\/figcaption><\/figure>\n<\/p><\/div>\n<p>Mohammed Fahmi al-Marii et de nombreux r\u00e9coltants ont d\u00e9j\u00e0 termin\u00e9 la r\u00e9colte et ont besoin de l\u2019\u00e9couler, alors que d\u2019autres attendent encore que leurs olives grossissent. <i>\u00ab<small class=\"fine d-inline\">\u00a0<\/small>Je pr\u00e9f\u00e8re r\u00e9colter vers le milieu de la saison pour avoir une huile au go\u00fbt bien balanc\u00e9e. Elle est exquise, cette ann\u00e9e, de tr\u00e8s haute qualit\u00e9<small class=\"fine d-inline\">\u00a0<\/small>\u00bb<\/i>, dit-il fi\u00e8rement. Mais la r\u00e9colte lui a laiss\u00e9 un go\u00fbt amer.<\/p>\n<p>Plusieurs membres de la coop\u00e9rative ol\u00e9icole de Kufr Dan, dont il est le responsable, ne peuvent plus acc\u00e9der \u00e0 leurs champs \u00e0 cause de checkpoints de l\u2019arm\u00e9e isra\u00e9lienne, dit-il. <i>\u00ab<small class=\"fine d-inline\">\u00a0<\/small>Ici, nous sommes relativement \u00e9pargn\u00e9s des attaques de colons, mais cela reste difficile. L\u2019arm\u00e9e vient avec ses bulldozers et d\u00e9truit les champs, les routes et toute l\u2019infrastructure civile<small class=\"fine d-inline\">\u00a0<\/small>\u00bb<\/i>, t\u00e9moigne-t-il, vid\u00e9os \u00e0 l\u2019appui.<\/p>\n<h2 class=\"spip\">Terres confisqu\u00e9es<\/h2>\n<p>\u00c0 une heure et demie au sud de J\u00e9nine, dans le centre de la Cisjordanie occup\u00e9e, les attaques de colons sont en pleine recrudescence. <i>\u00ab<small class=\"fine d-inline\">\u00a0<\/small>Ils ont install\u00e9 des bases avanc\u00e9es sur les collines environnantes \u00e0 la mi-octobre et ont confisqu\u00e9 250 000 m<sup class=\"typo_exposants\">2<\/sup> de terres arables, qui appartiennent \u00e0 des familles b\u00e9douines<small class=\"fine d-inline\">\u00a0<\/small>\u00bb<\/i>, dit par t\u00e9l\u00e9phone Mostafa Hamad, maire du <a target=\"_blank\" href=\"https:\/\/reporterre.net\/En-Cisjordanie-un-ecovillage-accueille-les-refugies-de-Gaza\">village <i>\u00ab<small class=\"fine d-inline\">\u00a0<\/small>\u00e9cologique<small class=\"fine d-inline\">\u00a0<\/small>\u00bb<\/i> de Farkha<\/a>.<\/p>\n<p>La coop\u00e9rative ol\u00e9icole y produit une huile d\u2019olive biologique de qualit\u00e9, export\u00e9e vers l\u2019\u00e9tranger. Ici, chaque habitant travaille la terre et poss\u00e8de un petit potager personnel. <i>\u00ab<small class=\"fine d-inline\">\u00a0<\/small>On est totalement autosuffisants en fruits et l\u00e9gumes, cela fait partie de la philosophie de notre ville [ancr\u00e9e dans le communisme depuis les ann\u00e9es 1960]<small class=\"fine d-inline\">\u00a0<\/small>\u00bb<\/i>, explique le maire.<\/p>\n<p>\u00c0 quelques kilom\u00e8tres des collines stri\u00e9es de restanques et du village en pierres anciennes se dresse la colonie isra\u00e9lienne d\u2019Ariel. Plus de 20 000 Isra\u00e9liens y vivent en toute ill\u00e9galit\u00e9 vis-\u00e0-vis du droit international et y ont m\u00eame install\u00e9 une zone industrielle qui <a target=\"_blank\" href=\"https:\/\/reporterre.net\/Comment-Israel-a-delocalise-ses-activites-polluantes-en-Palestine\">pollue les terres<\/a> de Farkha et des communes palestiniennes environnantes. Ses colons grignotent progressivement les terres de Farkha \u2014 d\u00e9j\u00e0 bien avant le 7\u00a0octobre 2023. Mais apr\u00e8s l\u2019op\u00e9ration militaire du Hamas \u00e0 Gaza et dans le sud d\u2019Isra\u00ebl, les attaques de colons ont brutalement augment\u00e9 \u2014 par vengeance, et pour finalement s\u2019approprier des terres longtemps d\u00e9sir\u00e9es.<\/p>\n<div class=\"spip_document_86732 spip_document spip_documents spip_document_image spip_documents_center spip_document_center spip_document_avec_legende\" data-legende-len=\"153\" data-legende-lenx=\"xxx\">\n<figure class=\"spip_doc_inner\">\n      <picture><source type=\"image\/webp\" srcset=\"https:\/\/reporterre.net\/local\/cache-vignettes\/L1050xH700\/10_-_-240305_48_ld_pernot_img_2998-2_pernot_240305-1878a.jpg@.webp?1732800423\"><img decoding=\"async\" src=\"https:\/\/reporterre.net\/IMG\/jpg\/10_-_-240305_48_ld_pernot_img_2998-2_pernot_240305.jpg\" width=\"1200\" height=\"800\" loading=\"lazy\" alt=\"\"\/><br \/>\n    <\/source><\/picture><figcaption class=\"spip_doc_legende\">\n<p>Mostafa Hamad, maire du village de Farkha (Cisjordanie occup\u00e9e), observe la colonie isra\u00e9lienne d\u2019Ariel, le 5\u00a0mars 2024.<br \/>\n<i>\u00a9 Philippe Pernot \/ Reporterre<\/i><\/p>\n<\/figcaption><\/figure>\n<\/p><\/div>\n<p><i>\u00ab<small class=\"fine d-inline\">\u00a0<\/small>Le 1<sup class=\"typo_exposants\">er<\/sup>\u00a0novembre, un groupe de colons est descendu du poste avanc\u00e9 et nous a interdit d\u2019acc\u00e9der \u00e0 une parcelle de 8 000 m<sup class=\"typo_exposants\">2<\/sup> d\u2019oliviers, nous mena\u00e7ant de mort. Ils occupent maintenant 1 250 000 m<sup class=\"typo_exposants\">2<\/sup> de nos terres au total [soit environ un sixi\u00e8me des terres du village]<small class=\"fine d-inline\">\u00a0<\/small>\u00bb<\/i>, affirme Mostafa Hamad. Depuis cet assaut, 22\u00a0b\u00e9douins et leurs 450\u00a0moutons ont trouv\u00e9 refuge \u00e0 m\u00eame le village de Farkha, et les villageois craignent pour leur avenir.<\/p>\n<p><i>\u00ab<small class=\"fine d-inline\">\u00a0<\/small>C\u2019est une strat\u00e9gie afin de terroriser les Palestiniens, et nous forcer \u00e0 quitter nos terres<small class=\"fine d-inline\">\u00a0<\/small>\u00bb<\/i>, affirme le jeune maire. Il estime le manque \u00e0 gagner \u00e0 4 000 dollars (3 800 euros) juste pour la vente d\u2019huile d\u2019olive \u2014 une perte consid\u00e9rable, alors que le salaire moyen en Cisjordanie est de 300\u00a0dollars (280 euros) mensuels.<\/p>\n<p><i>\u00ab<small class=\"fine d-inline\">\u00a0<\/small>Notre agriculture d\u00e9pend fortement des saisons, et celle des olives repr\u00e9sente un h\u00e9ritage historique et culturel important pour nous. Il ne s\u2019agit pas seulement de tirer de l\u2019argent des olives, mais il existe une connexion entre le fermier palestinien et sa terre<\/i>, explique Mostafa Hamad. <i>C\u2019est pourquoi ils veulent agresser davantage les gens pendant cette saison.<small class=\"fine d-inline\">\u00a0<\/small>\u00bb<\/i><\/p>\n<div class=\"spip_document_86734 spip_document spip_documents spip_document_image spip_documents_center spip_document_center spip_document_avec_legende\" data-legende-len=\"167\" data-legende-lenx=\"xxx\">\n<figure class=\"spip_doc_inner\">\n      <picture><source type=\"image\/webp\" srcset=\"https:\/\/reporterre.net\/local\/cache-vignettes\/L1050xH700\/12_-_-240315_48_ld_pernot_img_6563_pernot_240315-d888b.jpg@.webp?1732800423\"><img decoding=\"async\" src=\"https:\/\/reporterre.net\/IMG\/jpg\/12_-_-240315_48_ld_pernot_img_6563_pernot_240315.jpg\" width=\"1200\" height=\"800\" loading=\"lazy\" alt=\"\"\/><br \/>\n    <\/source><\/picture><figcaption class=\"spip_doc_legende\">\n<p>Des soldates isra\u00e9liennes contr\u00f4lent les rues du march\u00e9 de la vieille ville de J\u00e9rusalem-Est, en Cisjordanie occup\u00e9e, le 15\u00a0mars 2024.<br \/>\n<i>\u00a9 Philippe Pernot \/ Reporterre<\/i><\/p>\n<\/figcaption><\/figure>\n<\/p><\/div>\n<p>Depuis le 1<sup class=\"typo_exposants\">er<\/sup>\u00a0octobre 2024, l\u2019Organisation des Nations unies (<span class=\"caps\">ONU<\/span>) <a target=\"_blank\" href=\"https:\/\/www.ochaopt.org\/content\/humanitarian-situation-update-238-west-bank\" class=\"spip_out\" rel=\"external\">a document\u00e9<\/a> 203\u00a0incidents impliquant des colons directement li\u00e9s \u00e0 la r\u00e9colte des olives<small class=\"fine d-inline\">\u00a0<\/small>; 69 Palestiniens ont \u00e9t\u00e9 bless\u00e9s par des colons isra\u00e9liens<small class=\"fine d-inline\">\u00a0<\/small>; 13 par les forces isra\u00e9liennes<small class=\"fine d-inline\">\u00a0<\/small>; plus de 1\u00a0600\u00a0oliviers br\u00fbl\u00e9s, sci\u00e9s ou vandalis\u00e9s<small class=\"fine d-inline\">\u00a0<\/small>; et de nombreuses r\u00e9coltes et outils vol\u00e9s. Au total, presque 800\u00a0Palestiniens ont \u00e9t\u00e9 tu\u00e9s et presque 12 000 arr\u00eat\u00e9s par les forces d\u2019occupation isra\u00e9liennes en Cisjordanie depuis le 7\u00a0octobre 2023.<\/p>\n<h2 class=\"spip\">\u00ab<small class=\"fine d-inline\">\u00a0<\/small>Isra\u00ebl a annex\u00e9 la Cisjordanie en silence<small class=\"fine d-inline\">\u00a0<\/small>\u00bb<\/h2>\n<p>Le pire, c\u2019est l\u2019annexion croissante de la Cisjordanie, tombant de plus en plus sous contr\u00f4le isra\u00e9lien. En t\u00e9moignent les <a target=\"_blank\" href=\"https:\/\/www.middleeasteye.net\/news\/land-day-palestinians-anniversary-war-death-land-theft\" class=\"spip_out\" rel=\"external\">840 checkpoints<\/a> \u00e9tablis par les forces isra\u00e9liennes depuis le 7\u00a0octobre 2023, barrant les routes \u00e0 des lieux et heures al\u00e9atoires et soumettant les Palestiniens \u00e0 des contr\u00f4les humiliants.<\/p>\n<p><i>\u00ab<small class=\"fine d-inline\">\u00a0<\/small>D\u00e9sol\u00e9 pour le retard, j\u2019ai \u00e9t\u00e9 coinc\u00e9 une heure devant un checkpoint<small class=\"fine d-inline\">\u00a0<\/small>\u00bb<\/i>, s\u2019excuse ainsi Moayyad Bsharat, coordinateur pour le syndicat des Comit\u00e9s du travail agricole (<span class=\"caps\">UAWC<\/span>, en anglais), lors de notre interview t\u00e9l\u00e9phonique. Il revenait de son bureau \u00e0 Ramallah \u00e0 son domicile \u00e0 J\u00e9richo. Un trajet qui lui a pris trois heures, au lieu d\u2019une heure. <i>\u00ab<small class=\"fine d-inline\">\u00a0<\/small>C\u2019est totalement arbitraire<\/i>, soupire-t-il. <i>Ils peuvent fouiller nos t\u00e9l\u00e9phones. \u00c0 la moindre mention de la cause palestinienne ou de Gaza, ils peuvent nous arr\u00eater et nous torturer.<small class=\"fine d-inline\">\u00a0<\/small>\u00bb<\/i><\/p>\n<div class=\"spip_document_86729 spip_document spip_documents spip_document_image spip_documents_center spip_document_center spip_document_avec_legende\" data-legende-len=\"193\" data-legende-lenx=\"xxx\">\n<figure class=\"spip_doc_inner\">\n      <picture><source type=\"image\/webp\" srcset=\"https:\/\/reporterre.net\/local\/cache-vignettes\/L1050xH700\/2_-_-240303_12_ld_pernot_img_1999_pernot_240303-d1470.jpg@.webp?1732800606\"><img decoding=\"async\" src=\"https:\/\/reporterre.net\/IMG\/jpg\/2_-_-240303_12_ld_pernot_img_1999_pernot_240303.jpg\" width=\"1200\" height=\"800\" loading=\"lazy\" alt=\"\"\/><br \/>\n    <\/source><\/picture><figcaption class=\"spip_doc_legende\">\n<p>Un olivier pousse dans les champs de la coop\u00e9rative de femmes de Bil\u2019in, entour\u00e9e de la colonie isra\u00e9lienne de Modi\u2019in Illit (Cisjordanie occup\u00e9e), 3\u00a0mars 2024.<br \/>\n<i>\u00a9 Philippe Pernot \/ Reporterre<\/i><\/p>\n<\/figcaption><\/figure>\n<\/p><\/div>\n<p>L\u2019acc\u00e8s aux oliveraies est ainsi devenu de plus en plus restreint par les forces d\u2019occupation. <i>\u00ab<small class=\"fine d-inline\">\u00a0<\/small>Dans certains villages, jusque 80<small class=\"fine d-inline\">\u00a0<\/small>% des olives ne peuvent pas \u00eatre r\u00e9colt\u00e9es, pour la deuxi\u00e8me saison d\u2019affil\u00e9e<small class=\"fine d-inline\">\u00a0<\/small>\u00bb<\/i>, dit-il. Pour cause\u00a0: de nombreuses aires agricoles palestiniennes sont situ\u00e9es en zone C, sous contr\u00f4le de l\u2019arm\u00e9e isra\u00e9lienne (61<small class=\"fine d-inline\">\u00a0<\/small>% de la Cisjordanie occup\u00e9e), qui exige des permis pour autoriser l\u2019acc\u00e8s. Sauf qu\u2019ils sont difficiles \u00e0 obtenir\u00a0: de nombreuses familles ont h\u00e9rit\u00e9 des terres de leurs anc\u00eatres sans documents juridiques. Dans beaucoup de cas, les autorit\u00e9s isra\u00e9liennes autorisent les r\u00e9coltants \u00e0 acc\u00e9der \u00e0 leurs terres que 1\u00a0ou\u00a02\u00a0jours par an. Difficile d\u2019entretenir ses oliviers et de r\u00e9colter dans ces conditions.<\/p>\n<p>La catastrophe climatique est venue perturber la saison d\u00e9j\u00e0 tr\u00e8s agit\u00e9e. <i>\u00ab<small class=\"fine d-inline\">\u00a0<\/small>Dans beaucoup d\u2019endroits, elle a \u00e9t\u00e9 retard\u00e9e, les olives n\u2019avaient pas suffisamment grossi \u00e0 cause des jours de gr\u00eale et des canicules intenses<small class=\"fine d-inline\">\u00a0<\/small>\u00bb<\/i>, soupire-t-il.<\/p>\n<p>Certains producteurs ont vu leur production diminuer d\u2019un tiers pour cette raison. <i>\u00ab<small class=\"fine d-inline\">\u00a0<\/small>Pour compenser, il faudrait pouvoir irriguer plus souvent, sauf que les Isra\u00e9liens emp\u00eachent les gens d\u2019acc\u00e9der \u00e0 leurs terres<\/i>, rappelle-t-il. <i>C\u2019est vraiment difficile \u00e0 vivre. Un vieux r\u00e9coltant a pleur\u00e9 chaudement\u00a0en me racontant que pour la premi\u00e8re fois de son histoire familiale, il a d\u00fb acheter de l\u2019huile d\u2019olive industrielle.\u00a0Isra\u00ebl a annex\u00e9 la Cisjordanie en silence, on vit sous une occupation totale.<small class=\"fine d-inline\">\u00a0<\/small>\u00bb<\/i><\/p>\n<p><center><br \/>\n  <\/p>\n<p><\/center><\/p>\n<aside class=\"boite_encarts\">\n<div class=\"encart encart_gris noprint\">\n<p><strong>Il est de retour.<\/strong><\/p>\n<p>Dans quelques semaines, Donald Trump se r\u00e9-installera \u00e0 la Maison Blanche.<\/p>\n<p>Un milliardaire, pour qui le r\u00e9chauffement climatique est \u00ab<small class=\"fine d-inline\">\u00a0<\/small>un canular<small class=\"fine d-inline\">\u00a0<\/small>\u00bb, sera \u00e0 la t\u00eate de la plus grande puissance mondiale.<\/p>\n<p>Dans une d\u00e9cennie cruciale pour l\u2019\u00e9cologie, nous ne pouvons pas nous permettre de perdre plus de temps.<\/p>\n<p>La soci\u00e9t\u00e9 civile doit continuer de se soulever, de se mobiliser et de faire pression sur les puissants.<\/p>\n<p>Mais pour agir, il faut savoir.<\/p>\n<p><strong>Depuis 11 ans, nous publions des articles de qualit\u00e9 sur l\u2019\u00e9cologie, en acc\u00e8s libre et sans publicit\u00e9, pour tous.<\/strong><\/p>\n<p>Nous avons la conviction que l\u2019urgence \u00e9cologique est l\u2019enjeu majeur de notre \u00e9poque.<br class=\"autobr\"\/><br \/>\n Et comme plus de 2 millions de lectrices et lecteurs chaque mois, vous partagez sans doute cette conviction&#8230;<\/p>\n<p>Alors si vous en avez les moyens, sachez qu\u2019un don, m\u00eame d\u20191\u20ac, est un acte de soutien fort pour l\u2019\u00e9cologie et le journalisme ind\u00e9pendant.<br class=\"autobr\"\/><br \/>\n (Et \u00e7a vous prendra moins de temps que la lecture de ce texte).<\/p>\n<p><strong>Si vous le pouvez, choisissez un soutien mensuel. Merci.<\/strong><\/p>\n<p><a target=\"_blank\" href=\"https:\/\/reporterre.net\/dons\" class=\"bt_soutenir\">Je soutiens <i>Reporterre<\/i><\/a><\/p>\n<\/p><\/div>\n<div class=\"encart encart_vert noprint montre_1023\">\n<div class=\"infolettre-form-container noprint\">\n<p>Abonnez-vous \u00e0 la lettre d\u2019info de Reporterre<\/p>\n<\/div><\/div>\n<\/aside>\n<aside class=\"boite_apresarticle encart_note\">\n<h4>Apr\u00e8s cet article<\/h4>\n<p>      <a target=\"_blank\" href=\"https:\/\/reporterre.net\/En-Cisjordanie-les-colons-israeliens-pillent-les-cultivateurs-d-olives\" class=\"lien_article\">\n      <picture class=\"vignette_gauche\"><source type=\"image\/webp\" srcset=\"https:\/\/reporterre.net\/local\/cache-gd2\/02\/fd71e48c30838b7d4200b49f47eeb5.jpg@.webp?1730139689\"><img decoding=\"async\" src=\"https:\/\/reporterre.net\/local\/cache-gd2\/02\/fd71e48c30838b7d4200b49f47eeb5.jpg?1730139689\" width=\"450\" height=\"300\" alt=\"\" class=\"marge12\" loading=\"lazy\"\/><br \/>\n<\/source><\/picture>\n<p class=\"libelle\">\n<p>          Reportage \u2014<\/p>\n<p>      Monde\n    <\/p>\n<p class=\"titre pol20\">En Cisjordanie, les colons isra\u00e9liens pillent les cultivateurs d\u2019olives<\/p>\n<p>      <\/a><br \/>\n    <\/aside>\n<aside class=\"boite_complement texte\">\n<p>      <!-- zone_forum --><br \/>\n          <\/aside>\n<aside class=\"boite_lireaussi noprint\">\n<\/aside>\n<aside class=\"colonne\">\n<div class=\"article_info cache_1023 noprint\">\n<p>    <span class=\"date\">30 novembre 2024  \u00e0 09h30<\/span><\/p>\n<p class=\"duree_lecture\">\n        Dur\u00e9e de lecture : 7 minutes\n      <\/p>\n<\/p><\/div>\n<div class=\"bloc_infolettre\">\n<div class=\"infolettre-form-container noprint\">\n<p>Abonnez-vous \u00e0 la lettre d\u2019info de Reporterre<\/p>\n<\/div><\/div>\n<\/aside>\n<div id=\"galerie\">\n  <img decoding=\"async\" src=\"\" class=\"principale\" id=\"principale\"\/><\/p>\n<p id=\"legende\">legende<\/p>\n<\/div>\n<footer class=\"noprint\">\n<\/footer>\n<\/div>\n<p><br \/>\n<br \/><a href=\"https:\/\/reporterre.net\/En-Cisjordanie-occupee-une-recolte-des-olives-a-haut-risque\" target=\"_blank\"\">Source link <\/a><\/p>\n","protected":false},"excerpt":{"rendered":"<p>Beyrouth (Liban), reportage Normalement, la r\u00e9colte des olives est une saison emplie de joie en Palestine. \u00ab\u00a0Chaque ann\u00e9e, on se r\u00e9unit en famille autour de la cueillette, on fait bouillir&hellip; <\/p>\n","protected":false},"author":1,"featured_media":1239,"comment_status":"open","ping_status":"open","sticky":false,"template":"","format":"standard","meta":{"footnotes":""},"categories":[1],"tags":[],"class_list":["post-1238","post","type-post","status-publish","format-standard","has-post-thumbnail","hentry","category-non-classe"],"_links":{"self":[{"href":"https:\/\/monde25.info\/index.php\/wp-json\/wp\/v2\/posts\/1238","targetHints":{"allow":["GET"]}}],"collection":[{"href":"https:\/\/monde25.info\/index.php\/wp-json\/wp\/v2\/posts"}],"about":[{"href":"https:\/\/monde25.info\/index.php\/wp-json\/wp\/v2\/types\/post"}],"author":[{"embeddable":true,"href":"https:\/\/monde25.info\/index.php\/wp-json\/wp\/v2\/users\/1"}],"replies":[{"embeddable":true,"href":"https:\/\/monde25.info\/index.php\/wp-json\/wp\/v2\/comments?post=1238"}],"version-history":[{"count":0,"href":"https:\/\/monde25.info\/index.php\/wp-json\/wp\/v2\/posts\/1238\/revisions"}],"wp:featuredmedia":[{"embeddable":true,"href":"https:\/\/monde25.info\/index.php\/wp-json\/wp\/v2\/media\/1239"}],"wp:attachment":[{"href":"https:\/\/monde25.info\/index.php\/wp-json\/wp\/v2\/media?parent=1238"}],"wp:term":[{"taxonomy":"category","embeddable":true,"href":"https:\/\/monde25.info\/index.php\/wp-json\/wp\/v2\/categories?post=1238"},{"taxonomy":"post_tag","embeddable":true,"href":"https:\/\/monde25.info\/index.php\/wp-json\/wp\/v2\/tags?post=1238"}],"curies":[{"name":"wp","href":"https:\/\/api.w.org\/{rel}","templated":true}]}}