{"id":1240,"date":"2024-11-30T16:13:51","date_gmt":"2024-11-30T15:13:51","guid":{"rendered":"https:\/\/monde25.info\/index.php\/2024\/11\/30\/la-guerre-contre-la-syrie-menee-par-israel-les-etats-unis-lukraine-lei-et-al-qaida-sintensifie-desormais\/"},"modified":"2024-11-30T16:13:51","modified_gmt":"2024-11-30T15:13:51","slug":"la-guerre-contre-la-syrie-menee-par-israel-les-etats-unis-lukraine-lei-et-al-qaida-sintensifie-desormais","status":"publish","type":"post","link":"https:\/\/monde25.info\/index.php\/2024\/11\/30\/la-guerre-contre-la-syrie-menee-par-israel-les-etats-unis-lukraine-lei-et-al-qaida-sintensifie-desormais\/","title":{"rendered":"La guerre contre la Syrie, men\u00e9e par Isra\u00ebl, les \u00c9tats-Unis, l\u2019Ukraine, l\u2019EI et Al-Qa\u00efda, s\u2019intensifie d\u00e9sormais"},"content":{"rendered":"<p> <br \/>\n<\/p>\n<div>\n<p>par <strong>Eric Zuesse<\/strong><\/p>\n<p>La grande journaliste d\u2019investigation ind\u00e9pendante contre l\u2019imp\u00e9rialisme, Vanessa Beeley (d\u00e9test\u00e9e par les milliardaires am\u00e9ricains et alli\u00e9s) a titr\u00e9 le 28 novembre : \u00ab<em><a target=\"_blank\" href=\"https:\/\/beeley.substack.com\/p\/terrorist-factions-loyal-to-israel\" target=\"_blank\" rel=\"noopener\" title=\"\">Les factions terroristes fid\u00e8les \u00e0 Isra\u00ebl lancent une offensive majeure \u00e0 Alep et Idlib : imm\u00e9diatement apr\u00e8s l\u2019entr\u00e9e en vigueur du cessez-le-feu entre le Liban et Isra\u00ebl. En cons\u00e9quence, les terroristes en Syrie ont lanc\u00e9 une offensive majeure contre les forces syriennes<\/a><\/em>\u00bb.<\/p>\n<p>Dans cet article, elle rapporte qu\u2019il s\u2019agit d\u2019une tentative (dans la continuit\u00e9, en fait, d\u2019Obama, Trump Biden, Trump) de renverser et de remplacer le gouvernement syrien actuel afin de briser les lignes d\u2019approvisionnement en armes du groupe chiite Hezbollah, et que cette invasion de la Syrie b\u00e9n\u00e9ficie \u00e9galement du soutien des Arabes du \u00abGolfe\u00bb, en r\u00e9f\u00e9rence aux roitelets compradores du Moyen-Orient. Ce sont des musulmans sunnites et anti-chiites, parce que le chiisme s\u2019oppose au r\u00e9gime h\u00e9r\u00e9ditaire et \u00e0 l\u2019imp\u00e9rialisme ; <a target=\"_blank\" href=\"https:\/\/archive.is\/TvZBT\" target=\"_blank\" rel=\"noopener\" title=\"\">ces roitelets consid\u00e8rent donc que les pays \u00e0 dominante chiite<\/a> \u2013 l\u2019Iran, l\u2019Irak, la Syrie et le Liban \u2013 mettent en danger leur propre domination.<\/p>\n<p>Voici le rapport de Beeley\u00a0:<\/p>\n<p>(s\u2019ouvre avec un reportage vid\u00e9o de 3 minutes d\u2019elle par <em>RT news<\/em> le matin du 28 novembre, transcription ici\u00a0:<\/p>\n<p><em>Eh bien, passons maintenant \u00e0 Vanessa Beely, qui est une journaliste d\u2019investigation ind\u00e9pendante bas\u00e9e \u00e0 Damas. Vanessa, c\u2019est une nouvelle de derni\u00e8re minute, mais pouvez-vous simplement nous mettre au courant des d\u00e9tails de cette offensive, que savez-vous jusqu\u2019\u00e0 pr\u00e9sent ?<\/em><\/p>\n<p>Oui, je n\u2019ai pas eu beaucoup de temps pour entrer en contact avec des sources \u00e0 Alep. Bien s\u00fbr, je suis bas\u00e9e \u00e0 Damas. Mais d\u2019apr\u00e8s ce qu\u2019ils m\u2019ont dit, plut\u00f4t que de tomber aux mains des terroristes, l\u2019arm\u00e9e syrienne a fait ce qu\u2019elle fait souvent dans ces situations. Elle s\u2019est retir\u00e9e de ces zones pour \u00e9viter des pertes excessives et permettre aux terroristes de se conglom\u00e9rer dans cette zone avant de contre-attaquer. Les gens me disent \u00e0 Alep que les bruits qu\u2019ils entendent leur rappellent les premiers jours de la guerre \u00e0 Alep, c\u2019est donc significatif. Mais nous entendons \u00e9galement parler depuis un certain temps de la possibilit\u00e9 d\u2019une attaque majeure d\u2019Al-Qaida ou de Hayat al-Sham (comme on les a maintenant rebaptis\u00e9s) une attaque majeure. Nous savons que, notamment gr\u00e2ce aux services de renseignement russes, des forces sp\u00e9ciales et des agents militaires et de renseignement ukrainiens ont aid\u00e9 les terroristes \u00e0 s\u2019armer et \u00e0 se pr\u00e9parer \u00e0 une offensive majeure \u00e0 Idlib, et bien s\u00fbr, le moment choisi est tr\u00e8s important. \u00c0 4 heures du matin aujourd\u2019hui, le cessez-le-feu est entr\u00e9 en vigueur entre Isra\u00ebl et le Liban, et avant le cessez-le-feu \u00e0 4 heures du matin, Isra\u00ebl a bombard\u00e9 plusieurs endroits de la fronti\u00e8re entre le Liban et la Syrie. Dans le m\u00eame temps, bien s\u00fbr, Isra\u00ebl a historiquement soutenu les attaques des groupes terroristes dans le nord-ouest, et dans le centre de la Syrie, par exemple, l\u2019EI, tr\u00e8s r\u00e9cemment, Isra\u00ebl a bombard\u00e9 un quartier g\u00e9n\u00e9ral des forces auxiliaires qui, la veille, combattaient une avanc\u00e9e de l\u2019\u00c9tat islamique depuis la base am\u00e9ricaine d\u2019Al-Tanaf, \u00e0 la fronti\u00e8re avec la Jordanie. Le moment choisi pour cette attaque est donc, je pense, tr\u00e8s important. Je pense que la Syrie sera d\u00e9sormais la cible d\u2019attaques \u00e0 la fois de la part d\u2019Isra\u00ebl et des forces terroristes (islamistes sunnites) toujours implant\u00e9es en Syrie. Mais pour l\u2019instant, c\u2019est la panique.<\/p>\n<p>Fin de son reportage vid\u00e9o)<\/p>\n<p>Ce qui suit est un article que j\u2019ai publi\u00e9 sur Telegram ce matin apr\u00e8s 24 heures de combats entre l\u2019arm\u00e9e arabe syrienne et les <strong>factions terroristes soutenues par Isra\u00ebl, la Turquie et l\u2019Axe de la terreur am\u00e9ricain<\/strong>. Les attaques terroristes ont commenc\u00e9 par des attentats suicides qui auraient \u00e9t\u00e9 supervis\u00e9s par le chef de Hayat Tahrir Al Sham (Al-Qa\u00efda) lui-m\u00eame, Abou Mohammed Al Jolani (non pas qu\u2019il se soit suicid\u00e9 bien s\u00fbr). Le conflit s\u2019est d\u00e9sormais \u00e9tendu \u00e0 l\u2019est de la ville d\u2019Idlib et au sud de Saraqeb, dans le sud d\u2019Idlib.<\/p>\n<p>Mon message :<\/p>\n<p>Les brigades de l\u2019arm\u00e9e arabe syrienne, y compris les forces sp\u00e9ciales et la Quatri\u00e8me Division, continuent de pilonner les positions terroristes avec des tirs d\u2019artillerie dans l\u2019ouest et le sud d\u2019Alep tandis que la Russie et la Syrie bombardent derri\u00e8re les lignes ennemies pour couper les lignes d\u2019approvisionnement et les voies de fuite \u2013 la Syrie a cr\u00e9\u00e9 un pi\u00e8ge pour faire tomber les mandataires turcs et les gangs Jolani soutenus par les \u00c9tats-Unis.<\/p>\n<h5 class=\"wp-block-heading\"><strong>Vid\u00e9o des forces sp\u00e9ciales de la SAA (montr\u00e9e<\/strong>)<\/h5>\n<p>Cette attaque est \u00e9voqu\u00e9e et planifi\u00e9e depuis le d\u00e9but de l\u2019agression isra\u00e9lienne contre le Liban. L\u2019implication ukrainienne a \u00e9galement \u00e9t\u00e9 signal\u00e9e par l\u2019arm\u00e9e russe en Syrie \u2013 fournissant des armes, une formation, des drones et un soutien tout en offrant des salaires d\u00e9cents aux mercenaires extr\u00e9mistes \u00e9trangers pour combattre en Ukraine contre la Russie \u2013 rejoignant l\u2019\u00c9tat islamique d\u00e9j\u00e0 pr\u00e9sent sur le terrain en Ukraine. Le cessez-le-feu entre Isra\u00ebl et le Liban est entr\u00e9 en vigueur hier \u00e0 4 heures du matin. Presque imm\u00e9diatement, les forces terroristes soutenues par les sionistes ont lanc\u00e9 leur offensive tant attendue.<\/p>\n<p>Biden a promis davantage de d\u2019armes \u00e0 Isra\u00ebl, Netanyahou s\u2019est joint aux nombreux g\u00e9nocidaires sionistes pour menacer le pr\u00e9sident syrien Assad \u2013 des avions de guerre am\u00e9ricains ont \u00e9t\u00e9 envoy\u00e9s dans les bases a\u00e9riennes normalis\u00e9es (avec Isra\u00ebl) des \u00c9tats du Golfe et les services de renseignement isra\u00e9liens auraient r\u00e9cemment visit\u00e9 Erdogan.<\/p>\n<p>La guerre de changement de r\u00e9gime qui a d\u00e9but\u00e9 en 2011 a conduit au g\u00e9nocide \u00e0 Gaza et au Liban, \u00e0 \u00abl\u2019\u00e9radication\u00bb de la R\u00e9sistance. La Syrie sera d\u00e9sormais la cible de la destruction des lignes d\u2019approvisionnement en armes et des installations de fabrication qui permettraient de r\u00e9armer le Hezbollah pendant le cessez-le-feu.<\/p>\n<p>Il y aura des tentatives pour d\u00e9truire l\u2019infrastructure du pont terrestre qui am\u00e8ne les mat\u00e9riaux depuis l\u2019Iran, via l\u2019Irak et la Syrie jusqu\u2019au Liban. Cela inclut les lignes d\u2019approvisionnement de secours humanitaire essentielles. Isra\u00ebl ciblera la d\u00e9fense a\u00e9rienne syrienne comme il le fait depuis des ann\u00e9es apr\u00e8s que les terroristes qu\u2019ils soutiennent ont \u00e9galement saisi et occup\u00e9 des bases de d\u00e9fense a\u00e9rienne \u00e0 partir de 2011.<\/p>\n<p>Le Hezbollah, la R\u00e9sistance islamique en Irak et d\u2019autres factions de la r\u00e9sistance r\u00e9gionale op\u00e9rant depuis l\u2019int\u00e9rieur de la Syrie seront cibl\u00e9s sans \u00e9gard au nombre de morts parmi les civils. L\u2019\u00c9tat islamique et Al-Qa\u00efda seront incit\u00e9s \u00e0 attaquer les positions de l\u2019arm\u00e9e arabe syrienne et \u00e0 cr\u00e9er des fronts pour \u00e9loigner les forces syriennes du sud, o\u00f9 Isra\u00ebl pourrait se pr\u00e9parer \u00e0 une invasion terrestre depuis les territoires occup\u00e9s du Golan.<\/p>\n<p>\u00c0 mon avis, cela fait au moins partie de l\u2019agenda sioniste\/am\u00e9ricain et le cessez-le-feu leur permet de se concentrer sur la Syrie en attendant que Trump soit sur le tr\u00f4ne am\u00e9ricain. <strong>La Syrie est le c\u0153ur battant de la R\u00e9sistance et doit \u00eatre prot\u00e9g\u00e9e \u00e0 tout prix<\/strong>. C\u2019est aussi la derni\u00e8re ligne de front (en dehors du Y\u00e9men) avant l\u2019Iran.<\/p>\n<p>Des jours troubles s\u2019annoncent mais la R\u00e9sistance et en particulier la Syrie l\u2019emportera. Les forces syriennes combattent depuis 14 ans et poss\u00e8dent une exp\u00e9rience du terrain, et elles sont difficiles \u00e0 vaincre. Les forces russes entra\u00eenent depuis un certain temps d\u00e9j\u00e0 les brigades syriennes dans toutes les r\u00e9gions de Syrie. L\u2019op\u00e9ration antiterroriste russe va reprendre. Ce n\u2019est pas la Syrie de 2011\/12. Laissez-les essayer.<\/p>\n<p>Nota Bene. Cette offensive terroriste constitue \u00e9galement une violation de l\u2019accord de cessez-le-feu d\u2019Idlib de 2020 [elle avait en fait commenc\u00e9 en 2017] <a target=\"_blank\" href=\"https:\/\/archive.is\/IlHS0\" target=\"_blank\" rel=\"noopener\" title=\"\">n\u00e9goci\u00e9 entre la Turquie et la Russie<\/a> et cela entra\u00eenera donc peut-\u00eatre une expansion des efforts de lib\u00e9ration dans les zones syriennes contr\u00f4l\u00e9es par proxies de la Turquie, au nord et au nord-ouest. Erdogan tente peut-\u00eatre de faire pression sur le pr\u00e9sident Assad pour qu\u2019il normalise les relations avec la Turquie, mais il ne conna\u00eet pas encore son ennemi qui redoublera d\u2019efforts pour expulser les groupes terroristes du territoire syrien \u2013 peut-\u00eatre en les envoyant en Turquie, c\u2019est de l\u00e0 qu\u2019ils sont venus.<\/p>\n<p>Je fournirai davantage de rapports \u00e0 mesure que les \u00e9v\u00e9nements \u00e9voluent.<\/p>\n<p>source\u00a0: <a target=\"_blank\" href=\"https:\/\/substack.com\/@ericzuesse\" target=\"_blank\" rel=\"noopener\" title=\"\">Eric Zuesse<\/a> via <a target=\"_blank\" href=\"https:\/\/numidia-liberum.blogspot.com\/2024\/11\/la-guerre-contre-la-syrie-menee-par.html\" target=\"_blank\" rel=\"noopener\" title=\"\">La Cause du Peuple<\/a><\/p>\n<div class=\"sharedaddy sd-block sd-like jetpack-likes-widget-wrapper jetpack-likes-widget-unloaded\" id=\"like-post-wrapper-237719536-433283-674b2b1ec3332\" data-src=\"https:\/\/widgets.wp.com\/likes\/?ver=14.0#blog_id=237719536&amp;post_id=433283&amp;origin=reseauinternational.net&amp;obj_id=237719536-433283-674b2b1ec3332&amp;n=1\" data-name=\"like-post-frame-237719536-433283-674b2b1ec3332\" data-title=\"Aimer ou rebloguer\">\n<h3 class=\"sd-title\">J\u2019aime \u00e7a\u00a0:<\/h3>\n<p><span class=\"button\"><span>J\u2019aime<\/span><\/span> <span class=\"loading\">chargement\u2026<\/span><\/p>\n<p><span class=\"sd-text-color\"\/><a target=\"_blank\" class=\"sd-link-color\"\/><\/div>\n<p><meta itemscope=\"\" itemprop=\"mainEntityOfPage\" itemtype=\"https:\/\/schema.org\/WebPage\" itemid=\"https:\/\/reseauinternational.net\/la-guerre-contre-la-syrie-menee-par-israel-les-etats-unis-lukraine-lei-et-al-qaida-sintensifie-desormais\/\"\/><meta itemprop=\"headline\" content=\"La guerre contre la Syrie, men\u00e9e par Isra\u00ebl, les \u00c9tats-Unis, l\u2019Ukraine, l\u2019EI et Al-Qa\u00efda, s\u2019intensifie d\u00e9sormais\"\/><span style=\"display: none;\" itemprop=\"author\" itemscope=\"\" itemtype=\"https:\/\/schema.org\/Person\"><meta itemprop=\"name\" content=\"R\u00e9seau International\"\/><\/span><span style=\"display: none;\" itemprop=\"image\" itemscope=\"\" itemtype=\"https:\/\/schema.org\/ImageObject\"><meta itemprop=\"url\" content=\"https:\/\/i0.wp.com\/reseauinternational.net\/wp-content\/uploads\/2024\/11\/Sans-titre-28-3.png?fit=800%2C467&amp;ssl=1\"\/><meta itemprop=\"width\" content=\"800\"\/><meta itemprop=\"height\" content=\"467\"\/><\/span><span style=\"display: none;\" itemprop=\"publisher\" itemscope=\"\" itemtype=\"https:\/\/schema.org\/Organization\"><span style=\"display: none;\" itemprop=\"logo\" itemscope=\"\" itemtype=\"https:\/\/schema.org\/ImageObject\"><meta itemprop=\"url\" content=\"https:\/\/reseauinternational.net\/wp-content\/uploads\/2022\/06\/Capture-de\u0301cran-2022-06-14-a\u0300-16.51.07.png\"\/><\/span><meta itemprop=\"name\" content=\"R\u00e9seau International\"\/><\/span><meta itemprop=\"datePublished\" content=\"2024-11-30T12:06:48+00:00\"\/><meta itemprop=\"dateModified\" content=\"2024-11-30T12:07:06+00:00\"\/><\/div>\n<p><br \/>\n<br \/><a href=\"https:\/\/reseauinternational.net\/la-guerre-contre-la-syrie-menee-par-israel-les-etats-unis-lukraine-lei-et-al-qaida-sintensifie-desormais\/\" target=\"_blank\"\">Source link <\/a><\/p>\n","protected":false},"excerpt":{"rendered":"<p>par Eric Zuesse La grande journaliste d\u2019investigation ind\u00e9pendante contre l\u2019imp\u00e9rialisme, Vanessa Beeley (d\u00e9test\u00e9e par les milliardaires am\u00e9ricains et alli\u00e9s) a titr\u00e9 le 28 novembre : \u00abLes factions terroristes fid\u00e8les \u00e0&hellip; <\/p>\n","protected":false},"author":1,"featured_media":1241,"comment_status":"open","ping_status":"open","sticky":false,"template":"","format":"standard","meta":{"footnotes":""},"categories":[1],"tags":[],"class_list":["post-1240","post","type-post","status-publish","format-standard","has-post-thumbnail","hentry","category-non-classe"],"_links":{"self":[{"href":"https:\/\/monde25.info\/index.php\/wp-json\/wp\/v2\/posts\/1240","targetHints":{"allow":["GET"]}}],"collection":[{"href":"https:\/\/monde25.info\/index.php\/wp-json\/wp\/v2\/posts"}],"about":[{"href":"https:\/\/monde25.info\/index.php\/wp-json\/wp\/v2\/types\/post"}],"author":[{"embeddable":true,"href":"https:\/\/monde25.info\/index.php\/wp-json\/wp\/v2\/users\/1"}],"replies":[{"embeddable":true,"href":"https:\/\/monde25.info\/index.php\/wp-json\/wp\/v2\/comments?post=1240"}],"version-history":[{"count":0,"href":"https:\/\/monde25.info\/index.php\/wp-json\/wp\/v2\/posts\/1240\/revisions"}],"wp:featuredmedia":[{"embeddable":true,"href":"https:\/\/monde25.info\/index.php\/wp-json\/wp\/v2\/media\/1241"}],"wp:attachment":[{"href":"https:\/\/monde25.info\/index.php\/wp-json\/wp\/v2\/media?parent=1240"}],"wp:term":[{"taxonomy":"category","embeddable":true,"href":"https:\/\/monde25.info\/index.php\/wp-json\/wp\/v2\/categories?post=1240"},{"taxonomy":"post_tag","embeddable":true,"href":"https:\/\/monde25.info\/index.php\/wp-json\/wp\/v2\/tags?post=1240"}],"curies":[{"name":"wp","href":"https:\/\/api.w.org\/{rel}","templated":true}]}}