{"id":1242,"date":"2024-11-30T16:46:46","date_gmt":"2024-11-30T15:46:46","guid":{"rendered":"https:\/\/monde25.info\/index.php\/2024\/11\/30\/le-rocco-siffredi-de-la-politique-africaine-partie-i\/"},"modified":"2024-11-30T16:46:46","modified_gmt":"2024-11-30T15:46:46","slug":"le-rocco-siffredi-de-la-politique-africaine-partie-i","status":"publish","type":"post","link":"https:\/\/monde25.info\/index.php\/2024\/11\/30\/le-rocco-siffredi-de-la-politique-africaine-partie-i\/","title":{"rendered":"Le Rocco Siffredi de la politique africaine &#8211; partie I"},"content":{"rendered":"<p> <br \/>\n<\/p>\n<div>\n<p>Pardonnez-moi je vous prie, d&rsquo;aborder aujourd&rsquo;hui un sujet d\u00e9lib\u00e9r\u00e9ment grivois, dans cette rubrique qui normalement a vocation \u00e0 traiter des sujets \u00e9minemment s\u00e9rieux. D&rsquo;abord, parce que c&rsquo;est ce sujet lui-m\u00eame qui s&rsquo;est invit\u00e9 dans l&rsquo;actualit\u00e9 il y a une quinzaine de jours, et ensuite et surtout parce que, malheureusement, vu la tournure que la g\u00e9opolitique a prise ces derniers temps, il est fort possible qu&rsquo;\u00e0 tr\u00e8s court terme, nous n&rsquo;ayons plus jamais l&rsquo;occasion de rire de quoi que ce soit. Plut\u00f4t uniquement des occasions de pleurer. Si tant est qu&rsquo;une personne puisse rire ou pleurer de quelque chose lorsque tout le monde est mort.<\/p>\n<p>En effet, les politiciens \u00e9tatiques comptent \u00e9norm\u00e9ment de <a target=\"_blank\" href=\"https:\/\/www.francesoir.fr\/opinions-editos\/guibord-macron-s-en-va-t-en-guerre\" target=\"_blank\">va-t\u2019en guerre<\/a>\u00a0dans leurs rangs, notamment <a target=\"_blank\" href=\"https:\/\/francesoir.fr\/opinions-editos\/conquistador\" target=\"_blank\">parmi les fran\u00e7ais <\/a>(<a target=\"_blank\" href=\"https:\/\/youtube.com\/shorts\/sX4jBEs_reY?si=fIz-P_koOPBmybAq\">ici<\/a>, <a target=\"_blank\" href=\"https:\/\/youtu.be\/d5fZ-IwmtOg?si=XYf3ju7F2BccpAeL\">ici<\/a> et <a target=\"_blank\" href=\"https:\/\/youtu.be\/8JlrlUH6KXc?si=WjFBiFu5CCjjXmH7\">ici<\/a>)\u00a0: avec un ancien ministre qui d\u00e9fend des troupes au sol, ou\u00a0<a target=\"_blank\" href=\"https:\/\/www.francesoir.fr\/opinions-editos\/objectif-guerre-mais-laquelle\" target=\"_blank\">le pr\u00e9sident Macron<\/a> <a target=\"_blank\" href=\"https:\/\/youtu.be\/8JlrlUH6KXc?si=WjFBiFu5CCjjXmH7\">lqui lui soutient la politique am\u00e9ricaine d\u2019envoi de missiles longue port\u00e9e sur le territoire russe<\/a> (sur la base d\u2019un d\u00e9claratif dans le New York Times sans que cela ait \u00e9t\u00e9 confirm\u00e9 par le d\u00e9partement d\u2019\u00c9tat am\u00e9ricain) et enfin <a target=\"_blank\" href=\"https:\/\/www.youtube.com\/watch?v=d5fZ-IwmtOg\">les propos d\u00e9lirants d\u2019un ministre des Affaires \u00e9trang\u00e8res<\/a>.<\/p>\n<p><iframe loading=\"lazy\" title=\"Bernard #Kouchner veut envoyer les troupes fran\u00e7aises en #Ukraine #OTAN #arm\u00e9e #Russie #politique\" width=\"1110\" height=\"624\" src=\"https:\/\/www.youtube.com\/embed\/sX4jBEs_reY?feature=oembed\" frameborder=\"0\" allow=\"accelerometer; autoplay; clipboard-write; encrypted-media; gyroscope; picture-in-picture; web-share\" referrerpolicy=\"strict-origin-when-cross-origin\" allowfullscreen><\/iframe><\/p>\n<p>Tout cela sans l\u2019aval du Parlement ni du peuple fran\u00e7ais, donc en d\u00e9pit du bon sens et des lois en vigueur dans le pays ainsi que du <a target=\"_blank\" href=\"https:\/\/www.ohchr.org\/fr\/instruments-mechanisms\/instruments\/international-covenant-civil-and-political-rights#:~:text=Toute%20propagande%20en%20faveur%20de,est%20interdit%20par%20la%20loi.\">Pacte international relatif aux droits civils et politiques<\/a> ratifi\u00e9 en 1966 \u00e0 l\u2019ONU qui convient que \u00ab\u00a0<em>toute propagande en faveur de la guerre est interdite par la loi<\/em>.\u00a0\u00bb.\u00a0<\/p>\n<p>Ce sujet peut h\u00e9las s&rsquo;inviter \u00e0 tout moment d\u00e9sormais dans l&rsquo;actualit\u00e9 est\u00a0<strong>l&rsquo;annonce d&rsquo;une d\u00e9claration de guerre officielle entre la France et la Russie<\/strong>. \u00c0 savoir une guerre militaire synonyme de d\u00e9clenchement d&rsquo;une troisi\u00e8me guerre mondiale, elle-m\u00eame probablement synonyme d&rsquo;apocalypse nucl\u00e9aire. Ou pire\u00a0! L&rsquo;arr\u00eat de TPMP.<\/p>\n<p>Mais bon\u00a0? \u00c0 part d\u00e9noncer ici sans rel\u00e2che les turpitudes des uns et des autres pour nous y conduire de force, \u00e0 la guerre militaire contre la Russie, qu&rsquo;est-ce que vous voulez que j&rsquo;y fasse\u00a0?<\/p>\n<p>\u00c9videmment, nous, citoyens incorporables de force dans l&rsquo;arm\u00e9e fran\u00e7aise que nous sommes tous, gr\u00e2ce \u00e0 la loi de programmation militaire que les parlementaires ont vot\u00e9e en ao\u00fbt 2023 (1), si nous avions \u00e0 choisir entre, soit devoir aller nous faire \u00e9triper en Ukraine pour satisfaire aux pulsions belliqueuses d&rsquo;Emmanuel Macron, <a target=\"_blank\" href=\"https:\/\/youtu.be\/OrC2z40jmEY?si=9LM98wLrIMhx_zJZ\">soit nous contenter de \u00ab\u00a0<strong>la temp\u00eate<\/strong>\u00a0\u00bb institutionnelle<\/a> que Michel Barnier nous a promise avant-hier, si son Gouvernement est renvers\u00e9 par une motion de censure (2), tant pis\u00a0: je pense qu&rsquo;\u00e0 99,99\u2009% au moins, nous choisirions la catastrophe que cela serait, heureusement pour nous, uniquement pour Michel Barnier, la d\u00e9mission forc\u00e9e de cet homme.<\/p>\n<p>Diable\u00a0!<\/p>\n<p>Michel Barnier est l&rsquo;homme qu&rsquo;Emmanuel Macron a nomm\u00e9 Premier Ministre en septembre 2024, pour continuer la politique qu&rsquo;il m\u00e8ne depuis sept ans, Emmanuel Macron, alors que les r\u00e9sultats des \u00e9lections l\u00e9gislatives juillet 2024 montrent clairement que le peuple fran\u00e7ais ne veut plus de cette politique. Cette politique qui de surcro\u00eet est men\u00e9e en application d&rsquo;un texte impos\u00e9 au peuple fran\u00e7ais contre sa volont\u00e9, rejet\u00e9 qu&rsquo;il fut par le r\u00e9f\u00e9rendum de 2005, \u00e0 savoir le texte du Trait\u00e9 de Lisbonne. Et qui a \u00e9crit ce texte\u00a0? Michel Barnier. La boucle est boucl\u00e9e.<\/p>\n<p>Enfin&#8230; presque. Il manque une derni\u00e8re petite rotation pour la boucler compl\u00e8tement. Il l&rsquo;a commenc\u00e9 hier en prenant la parole dans Notre-Dame sans titre, <a target=\"_blank\" href=\"https:\/\/bonsens.info\/bonsens-org-met-en-demeure-larcheveche-de-paris-de-demander-au-president-de-tenir-son-discours-de-chantier-du-29-novembre-en-dehors-de-notre-dame\/\" target=\"_blank\">tel que l&rsquo;a expliqu\u00e9 l&rsquo;association BonSens.org<\/a> dans <a target=\"_blank\" href=\"https:\/\/www.francesoir.fr\/politique-france\/discours-de-macron-notre-dame-deuxieme-son-de-cloche-pour-mgr-ulrich\" target=\"_blank\">une seconde \u00ab vol\u00e9e de cloches \u00bb \u00e0 Monseigneur Ulrich<\/a>. En ce faisant, Emmanuel Macron montrait une fois encore le peu de consid\u00e9ration qu&rsquo;il avait pour ses concitoyens, mais surtout le peu de respect qu&rsquo;il a de montrer l&rsquo;exemple de respecter la loi qui consacre de ne pas tenir de discours au sein d&rsquo;un \u00e9difice consacr\u00e9 au culte. \u00ab\u00a0Un v\u00e9ritable blasph\u00e8me\u00a0\u00bb pour les chr\u00e9tiens.\u00a0\u00a0<\/p>\n<p>Mais cette derni\u00e8re petite rotation est aussi illustr\u00e9e ci-apr\u00e8s. Par exemple, <strong>Emmanuel Macron s&rsquo;octroyant les pleins pouvoirs<\/strong>. Comment\u00a0? Sur le fondement de l&rsquo;article 16 de la Constitution. (3) \u00c0 savoir en invoquant \u00ab\u00a0<em>le fonctionnement des pouvoirs publics constitutionnels<\/em>\u00a0\u00bb qui effectivement sera \u00ab\u00a0<em>interrompu\u00a0<\/em>\u00bb, si le Gouvernement de Michel Barnier est renvers\u00e9. Et parce qu&rsquo;il en sera de m\u00eame pour tout autre Premier Ministre qu&rsquo;Emmanuel Macron nommerait ensuite, \u00e0 la place de Michel Barnier, puisque vu la composition de l&rsquo;Assembl\u00e9e nationale issue des \u00e9lections l\u00e9gislatives anticip\u00e9es, tant \u00e0 gauche, \u00e0 droite, qu&rsquo;au centre, il est impossible de constituer une majorit\u00e9. La majorit\u00e9 \u00e0 l&rsquo;Assembl\u00e9e nationale indispensable \u00e0 agir pour que le Gouvernement ne soit pas renvers\u00e9. Emmanuel Macron serait donc pleinement en droit, en tant que pr\u00e9sident de la R\u00e9publique, de prendre \u00ab <em>les mesures exig\u00e9es par ces circonstances<\/em>\u00a0\u00bb, et d&rsquo;imposer aux Fran\u00e7ais, sans d\u00e9bat ni recours possible, le budget 2025, ce budget 100\u2009% contraire aux pr\u00e9occupations des Fran\u00e7ais et aux int\u00e9r\u00eats de la France, pour l&rsquo;adoption duquel Emmanuel Macron a nomm\u00e9 Michel Barnier Premier Ministre. Notamment en invoquant l&rsquo;urgence li\u00e9e au fait que la France doit pr\u00e9senter son budget 2025 \u00e0 la Commission europ\u00e9enne, pour validation, au plus tard le 31 d\u00e9cembre 2024. Pourquoi\u00a0? Parce que invoquer cette urgence, satisferait pleinement \u00e0 la condition pos\u00e9e par le deuxi\u00e8me alin\u00e9a de l&rsquo;article 16 de la Constitution, pour donner \u00e0 Emmanuel Macron, la latitude totale \u00e0 laquelle il aspire par cette entremise, concernant la nature et le contenu des \u00ab\u00a0mesures\u00a0\u00bb qu&rsquo;il prendra, le cas \u00e9ch\u00e9ant, en application de l&rsquo;article 16 de la Constitution\u00a0:<\/p>\n<blockquote>\n<p>\u00ab\u00a0<em>Ces mesures doivent \u00eatre inspir\u00e9es par la volont\u00e9 d&rsquo;assurer aux pouvoirs publics constitutionnels, dans les moindres d\u00e9lais, les moyens d&rsquo;accomplir leur mission<\/em>.\u00a0\u00bb (3)<\/p>\n<\/blockquote>\n<p>Bingo\u00a0!<\/p>\n<p>Cela pourra durer pendant 30 jours minimum, 60 jours sans aucun doute, et tr\u00e8s certainement m\u00eame au-del\u00e0, \u00e9tant donn\u00e9 que pour que le pr\u00e9sident de la R\u00e9publique puisse faire l&rsquo;application de l&rsquo;article 16 de la Constitution au-del\u00e0 de 30 jours, puis de 60 jours, il suffit que le Conseil constitutionnel valide la d\u00e9cision du pr\u00e9sident de prolonger cette application. (3)<\/p>\n<p>Le Conseil constitutionnel \u00e9tant totalement \u00e0 la botte d&rsquo;Emmanuel Macron, lui, validera cette d\u00e9cision.<\/p>\n<p>On retrouve l\u00e0 ce que je <a target=\"_blank\" href=\"https:\/\/edition.francesoir.fr\/opinions-editos\/hara-kiri-ou-tora-tora-tora\">vous ai dit<\/a> <a target=\"_blank\" href=\"https:\/\/edition.francesoir.fr\/opinions-editos\/hara-kiri-ou-tora-tora-tora-episode-2\">dans cette rubrique en commentaire<\/a> de la d\u00e9cision prise par Emmanuel Macron de dissoudre l&rsquo;Assembl\u00e9e Nationale.\u00a0\u00c0 savoir\u00a0que cette d\u00e9cision, <strong>il l&rsquo;a prise expr\u00e8s<\/strong> dans le but escompt\u00e9 qu&rsquo;elle conduise in fine \u00e0 ce que <strong>le fonctionnement des pouvoirs publics constitutionnels soit interrompu<\/strong>, par l&rsquo;impossibilit\u00e9 de constituer une majorit\u00e9 parlementaire au sein de la nouvelle composition de l&rsquo;Assembl\u00e9e Nationale, issue de cette dissolution.<\/p>\n<p>D&rsquo;o\u00f9 la mise en avant immense et continue de la liste RN op\u00e9r\u00e9e par tous les m\u00e9dias durant la campagne des \u00e9lections europ\u00e9ennes, avec en m\u00eame temps un d\u00e9nigrement de la liste macroniste op\u00e9r\u00e9 similairement\u00a0; un d\u00e9nigrement facilit\u00e9 par le placement \u00e0 la t\u00eate de la liste macroniste (d\u00e9cid\u00e9 \u00e0 cet effet par Emmanuel Macron), de <a target=\"_blank\" href=\"https:\/\/youtube.com\/shorts\/PuNvT8rVpaI?si=mw4mZ18KVWgeEoGn\">la ridicule au possible Val\u00e9rie Hayer<\/a> (question cr\u00e9dibilit\u00e9). Voyez plut\u00f4t dans ce clip parodique.<\/p>\n<p><iframe loading=\"lazy\" title=\"Val\u00e9rie Hayer en musique !\" width=\"1110\" height=\"624\" src=\"https:\/\/www.youtube.com\/embed\/PuNvT8rVpaI?feature=oembed\" frameborder=\"0\" allow=\"accelerometer; autoplay; clipboard-write; encrypted-media; gyroscope; picture-in-picture; web-share\" referrerpolicy=\"strict-origin-when-cross-origin\" allowfullscreen><\/iframe><\/p>\n<p>\u00a0<\/p>\n<p>Car avec la victoire de la liste RN aux \u00e9lections europ\u00e9ennes et la d\u00e9faite de la liste macroniste, Emmanuel Macron a ainsi eu le pr\u00e9texte qu&rsquo;il lui fallait, pour pouvoir prendre la d\u00e9cision de dissoudre l&rsquo;Assembl\u00e9e nationale. Le faire au motif officiel fallacieux invoqu\u00e9 par lui, qu&rsquo;il a pris cette d\u00e9cision pour que le peuple fasse part de son choix et que la d\u00e9mocratie puisse s&rsquo;exprimer.<\/p>\n<p>Un motif dont le caract\u00e8re 100\u2009% fallacieux sera r\u00e9v\u00e9l\u00e9 au grand jour, si, invoquant l&rsquo;interruption du \u00ab\u00a0<em> fonctionnement des pouvoirs publics constitutionnels\u00a0<\/em>\u00bb cons\u00e9cutivement \u00e0 la d\u00e9mission forc\u00e9e de Michel Barnier, Emmanuel Macron fait application de l&rsquo;article 16 de la Constitution.<\/p>\n<p>Parce que n&rsquo;en d\u00e9plaise \u00e0 ceux qui affirment que, si le Gouvernement de Michel Barnier est renvers\u00e9 par une motion de censure d\u00e9pos\u00e9e \u00e0 l&rsquo;occasion du vote final du budget 2025, Emmanuel Macron sera \u00ab\u00a0oblig\u00e9\u00a0\u00bb de d\u00e9missionner, ce n&rsquo;est pas cela qui arrivera. Non. Ce qui arrivera si le Gouvernement Barnier est renvers\u00e9, c&rsquo;est ce que je vous ai affirm\u00e9 ici comme \u00e9tant couru d&rsquo;avance, et que je r\u00e9p\u00e8te l\u00e0 : Emmanuel Macron fera application de l&rsquo;article 16 de la Constitution.<\/p>\n<p>Croyez-moi, ceci n&rsquo;augure rien de bon. Au contraire. Ceci laisse h\u00e9las obligatoirement pr\u00e9sager un chaos en tous points, tr\u00e8s nettement plus terrible encore, que celui d\u00e9j\u00e0 catastrophique pour la France et pour les Fran\u00e7ais, auquel a conduit le simulacre de d\u00e9mocratie que nous subissons depuis qu&rsquo;Emmanuel Macron est arriv\u00e9 au pouvoir.<\/p>\n<p>Donc j&rsquo;insiste, puisque c&rsquo;est peut-\u00eatre la derni\u00e8re occasion que nous avons de le faire, offrons-nous aujourd&rsquo;hui un sujet d\u00e9lib\u00e9r\u00e9ment grivois. \u00ab\u00a0<em>\u00c9grillard<\/em>\u00a0\u00bb, m\u00eame, \u00e0 savoir \u00ab\u00a0<em>Qui tient du libertinage<\/em>\u00a0\u00bb, me souffle un Petit Robert qui s&rsquo;y conna\u00eet, \u00ab\u00a0<em>Grand expert qu&rsquo;il est en la mati\u00e8re<\/em>\u00a0\u00bb, m&rsquo;a affirm\u00e9 Ma\u00eetre Cap\u00e9lo, en atteste la d\u00e9finition qu&rsquo;il donne du mot \u00ab\u00a0n\u00e9crophilie\u00a0\u00bb sur le dark web\u00a0:<\/p>\n<p>\u00ab\u00a0<em>N\u00e9crophilie\u00a0: exc\u00e8s de galanterie \u00e0 titre posthume.<\/em>\u00a0\u00bb<\/p>\n<p>Et c&rsquo;est vrai que c&rsquo;est dr\u00f4le.<\/p>\n<p>Voil\u00e0. Nous voici arriv\u00e9 au moment o\u00f9, normalement, je devrais encha\u00eener en vous disant enfin qui est \u00ab\u00a0<em>Le Rocco Siffredi de la politique africaine<\/em>\u00a0\u00bb que j&rsquo;ai \u00e9voqu\u00e9 en titre, et pourquoi je l&rsquo;ai appel\u00e9 ainsi. Mais, bon, comme voil\u00e0 d\u00e9j\u00e0 trois pages format A4 d&rsquo;\u00e9criture que nous venons de passer ensemble, vous \u00e0 les lire, moi \u00e0 les r\u00e9diger, je vous propose de faire une pause.\u00a0<\/p>\n<p>Afin de nous accorder un petit entracte o\u00f9 vous pouvez vous d\u00e9lecter non pas d&rsquo;une glace ou d&rsquo;un michoko, mais de la lecture du \u00ab <a target=\"_blank\" href=\"https:\/\/francesoir.fr\/opinions-editos-tribunes\/j-accuseversion-augmentee-lettre-aux-francais\" target=\"_blank\">J&rsquo;accuse. .. ! version augment\u00e9e <\/a>\u00bb dont nous a gratifi\u00e9 l&rsquo;anthropologue Jean-Dominique Michel. \u00a0<\/p>\n<p><iframe loading=\"lazy\" title=\"&quot;J&#039;accuse&quot; : Lettre aux Fran\u00e7ais par Xavier Azalbert\" width=\"1110\" height=\"624\" src=\"https:\/\/www.youtube.com\/embed\/55m6DjQV9Xk?feature=oembed\" frameborder=\"0\" allow=\"accelerometer; autoplay; clipboard-write; encrypted-media; gyroscope; picture-in-picture; web-share\" referrerpolicy=\"strict-origin-when-cross-origin\" allowfullscreen><\/iframe><\/p>\n<p>\u00c0 tout de suite&#8230;<\/p>\n<p>\u00a0<\/p>\n<p>\u00a0<\/p>\n<p>(1) en prenant soin de s&rsquo;exclure du champ d&rsquo;application de cette loi. L&rsquo;obligation d&rsquo;incorporer l&rsquo;arm\u00e9e fran\u00e7aise en cas de d\u00e9claration de guerre vise \u00ab\u00a0<em>tout citoyen fran\u00e7ais o\u00f9 qu&rsquo;il se trouve et toute autre personne physique pr\u00e9sente sur le territoire fran\u00e7ais<\/em>\u00a0\u00bb, sauf les parlementaires fran\u00e7ais, les d\u00e9put\u00e9s europ\u00e9ens et les membres du Gouvernement. Pardi\u00a0! Simone Weil l&rsquo;a dit nagu\u00e8re fort justement : \u00ab\u00a0<em>Toutes les d\u00e9cisions qui engagent des vies humaines sont prises par ceux qui ne risquent rien<\/em>.\u00a0\u00bb<\/p>\n<p>Je vous en reparlerai lors d&rsquo;un prochain \u00e9dito.<\/p>\n<p>(2) la motion de censure qui va \u00eatre d\u00e9pos\u00e9e par le NFP lors du vote final d&rsquo;un budget 2025, et qui sera vot\u00e9 par le RN, a-t-on appris par l&rsquo;interm\u00e9diaire de son fougueux porte-\u00e9tendard du moment, Jean-Philippe Tanguy\u00a0: <a target=\"_blank\" href=\"https:\/\/www.bfmtv.com\/politique\/front-national\/nous-voterons-la-motion-de-censure-avec-la-gauche-le-rn-reste-bien-decide-a-faire-tomber-michel-barnier_AV-202411270641.html\">\u00ab\u00a0Nous voterons la motion de censure avec la gauche\u00a0\u00bb: le RN reste bien d\u00e9cid\u00e9 \u00e0 faire tomber Michel Barnier<\/a><\/p>\n<p>\u00a0<\/p>\n<p>(3) <a target=\"_blank\" href=\"https:\/\/www.legifrance.gouv.fr\/loda\/article_lc\/LEGIARTI000019241008\/2020-10-30\">texte int\u00e9gral de l&rsquo;article 16 de la Constitution\u00a0<\/a>:<\/p>\n<p>Lorsque les institutions de la R\u00e9publique, l&rsquo;ind\u00e9pendance de la Nation, l&rsquo;int\u00e9grit\u00e9 de son territoire ou l&rsquo;ex\u00e9cution de ses engagements internationaux sont menac\u00e9s (1) d&rsquo;une mani\u00e8re grave et imm\u00e9diate et que le fonctionnement r\u00e9gulier des pouvoirs publics constitutionnels est interrompu, le pr\u00e9sident de la R\u00e9publique prend les mesures exig\u00e9es par ces circonstances, apr\u00e8s consultation officielle du Premier ministre, des Pr\u00e9sidents des Assembl\u00e9es ainsi que du Conseil constitutionnel.<\/p>\n<p>Il en informe la Nation par un message.<\/p>\n<p>Ces mesures doivent \u00eatre inspir\u00e9es par la volont\u00e9 d&rsquo;assurer aux pouvoirs publics constitutionnels, dans les moindres d\u00e9lais, les moyens d&rsquo;accomplir leur mission. Le Conseil constitutionnel est consult\u00e9 \u00e0 leur sujet.<\/p>\n<p>Le Parlement se r\u00e9unit de plein droit.<\/p>\n<p>L&rsquo;Assembl\u00e9e nationale ne peut \u00eatre dissoute pendant l&rsquo;exercice des pouvoirs exceptionnels.<\/p>\n<p>Apr\u00e8s trente jours d&rsquo;exercice des pouvoirs exceptionnels, le Conseil constitutionnel peut \u00eatre saisi par le Pr\u00e9sident de l&rsquo;Assembl\u00e9e nationale, le Pr\u00e9sident du S\u00e9nat, soixante d\u00e9put\u00e9s ou soixante s\u00e9nateurs, aux fins d&rsquo;examiner si les conditions \u00e9nonc\u00e9es au premier alin\u00e9a demeurent r\u00e9unies. Il se prononce dans les d\u00e9lais les plus brefs par un avis public. Il proc\u00e8de de plein droit \u00e0 cet examen et se prononce dans les m\u00eames conditions au terme de soixante jours d&rsquo;exercice des pouvoirs exceptionnels et \u00e0 tout moment au-del\u00e0 de cette dur\u00e9e.<\/p>\n<p>\u00a0<\/p>\n<p>\u00a0<\/p>\n<\/div>\n<p><script>(function(d, s, id) {  var js, fjs = d.getElementsByTagName(s)[0];  if (d.getElementById(id)) return;  js = d.createElement(s); js.id = id;  js.src = \"\/\/connect.facebook.net\/fr_FR\/sdk.js#xfbml=1&version=v2.3\";  fjs.parentNode.insertBefore(js, fjs);}(document, \"script\", \"facebook-jssdk\"));<\/script><br \/>\n<br \/><br \/>\n<br \/><a href=\"https:\/\/www.francesoir.fr\/opinions-editos\/le-rocco-siffredi-de-la-politique-africaine-partie-i\" target=\"_blank\"\">Source link <\/a><\/p>\n","protected":false},"excerpt":{"rendered":"<p>Pardonnez-moi je vous prie, d&rsquo;aborder aujourd&rsquo;hui un sujet d\u00e9lib\u00e9r\u00e9ment grivois, dans cette rubrique qui normalement a vocation \u00e0 traiter des sujets \u00e9minemment s\u00e9rieux. D&rsquo;abord, parce que c&rsquo;est ce sujet lui-m\u00eame&hellip; <\/p>\n","protected":false},"author":1,"featured_media":0,"comment_status":"open","ping_status":"open","sticky":false,"template":"","format":"standard","meta":{"footnotes":""},"categories":[1],"tags":[],"class_list":["post-1242","post","type-post","status-publish","format-standard","hentry","category-non-classe"],"_links":{"self":[{"href":"https:\/\/monde25.info\/index.php\/wp-json\/wp\/v2\/posts\/1242","targetHints":{"allow":["GET"]}}],"collection":[{"href":"https:\/\/monde25.info\/index.php\/wp-json\/wp\/v2\/posts"}],"about":[{"href":"https:\/\/monde25.info\/index.php\/wp-json\/wp\/v2\/types\/post"}],"author":[{"embeddable":true,"href":"https:\/\/monde25.info\/index.php\/wp-json\/wp\/v2\/users\/1"}],"replies":[{"embeddable":true,"href":"https:\/\/monde25.info\/index.php\/wp-json\/wp\/v2\/comments?post=1242"}],"version-history":[{"count":0,"href":"https:\/\/monde25.info\/index.php\/wp-json\/wp\/v2\/posts\/1242\/revisions"}],"wp:attachment":[{"href":"https:\/\/monde25.info\/index.php\/wp-json\/wp\/v2\/media?parent=1242"}],"wp:term":[{"taxonomy":"category","embeddable":true,"href":"https:\/\/monde25.info\/index.php\/wp-json\/wp\/v2\/categories?post=1242"},{"taxonomy":"post_tag","embeddable":true,"href":"https:\/\/monde25.info\/index.php\/wp-json\/wp\/v2\/tags?post=1242"}],"curies":[{"name":"wp","href":"https:\/\/api.w.org\/{rel}","templated":true}]}}