{"id":1249,"date":"2024-11-30T18:58:01","date_gmt":"2024-11-30T17:58:01","guid":{"rendered":"https:\/\/monde25.info\/index.php\/2024\/11\/30\/le-president-senegalais-veut-fermer-les-bases-militaires-francaises-suivi-par-le-tchad\/"},"modified":"2024-11-30T18:58:01","modified_gmt":"2024-11-30T17:58:01","slug":"le-president-senegalais-veut-fermer-les-bases-militaires-francaises-suivi-par-le-tchad","status":"publish","type":"post","link":"https:\/\/monde25.info\/index.php\/2024\/11\/30\/le-president-senegalais-veut-fermer-les-bases-militaires-francaises-suivi-par-le-tchad\/","title":{"rendered":"Le pr\u00e9sident s\u00e9n\u00e9galais veut fermer les bases militaires fran\u00e7aises, suivi par le Tchad&#8230;"},"content":{"rendered":"<p> <br \/>\n<\/p>\n<div>\n<div class=\"intro-text\">\n<p><span class=\"dropcap \" style=\"background-color: #ffffff; color: #000000; border-color: #ffffff;\"><strong>E<\/strong><\/span>n une journ\u00e9e, deux pays africains ont d\u00e9cid\u00e9 de fermer les bases militaires fran\u00e7aises, le S\u00e9n\u00e9gal ainsi que le Tchad, et ce n\u2019est pas un hasard. Apr\u00e8s les d\u00e9saccords et les relations houleuses avec le Mali, la situation se d\u00e9grade de plus en plus depuis que macron est au pouvoir. Au m\u00eame moment les rapports diplomatiques avec l\u2019Alg\u00e9rie se tendent\u2026<\/p>\n<\/div>\n<hr\/>\n<hr\/>\n<blockquote>\n<p class=\"fig-standfirst\"><strong>Bassirou Diomaye Faye a aussi annonc\u00e9 dans un entretien que son homologue fran\u00e7ais Emmanuel Macron avait reconnu dans une lettre que les forces coloniales fran\u00e7aises avaient commis un\u00a0<i>\u00ab<\/i>massacre<i>\u00bb<\/i>\u00a0\u00e0 Thiaroye, en 1944.<\/strong><\/p>\n<p class=\"fig-paragraph\">Le pr\u00e9sident s\u00e9n\u00e9galais Bassirou Diomaye Faye a indiqu\u00e9 jeudi dans un entretien avec l\u2019AFP que la France allait devoir fermer ses bases militaires au\u00a0<a target=\"_blank\" href=\"http:\/\/www.lefigaro.fr\/international\/on-s-attendait-a-une-nouvelle-victoire-mais-peut-etre-pas-d-une-telle-ampleur-au-senegal-le-triomphe-electoral-du-camp-sonko-20241120\" data-fig-type=\"Article\" data-gtm-custom-categorie=\"navigation\" data-gtm-custom-action=\"crossclick\" data-gtm-custom-label=\"Contextuel\" data-gtm-event=\"customEventSPE\" data-fig-domain=\"LEFIGARO\" data-mrf-link=\"http:\/\/www.lefigaro.fr\/international\/on-s-attendait-a-une-nouvelle-victoire-mais-peut-etre-pas-d-une-telle-ampleur-au-senegal-le-triomphe-electoral-du-camp-sonko-20241120\">S\u00e9n\u00e9gal<\/a>, dont la pr\u00e9sence est incompatible selon lui avec la souverainet\u00e9 de son pays.\u00a0<em>\u00abLe S\u00e9n\u00e9gal est un pays ind\u00e9pendant, c\u2019est un pays souverain et la souverainet\u00e9 ne s\u2019accommode pas de la pr\u00e9sence de bases militaires dans un pays souverain\u00bb<\/em>, a dit Bassirou Diomaye Faye dans cet entretien au palais pr\u00e9sidentiel\u2026<\/p>\n<p><a target=\"_blank\" href=\"https:\/\/www.lefigaro.fr\/international\/senegal-macron-reconnait-un-massacre-par-les-forces-coloniales-en-1944-selon-le-president-senegalais-20241128\">Source<\/a>.<\/p>\n<\/blockquote>\n<hr\/>\n<p><img loading=\"lazy\" decoding=\"async\" class=\"alignnone size-large wp-image-6048003 aligncenter\" src=\"https:\/\/www.lelibrepenseur.org\/wp-content\/uploads\/2024\/11\/Tchad-rompt-liens-France-defenses-bases-militaires-e1732873378475-766x1024.jpg\" alt=\"\" width=\"766\" height=\"1024\" srcset=\"https:\/\/www.lelibrepenseur.org\/wp-content\/uploads\/2024\/11\/Tchad-rompt-liens-France-defenses-bases-militaires-e1732873378475-766x1024.jpg 766w, https:\/\/www.lelibrepenseur.org\/wp-content\/uploads\/2024\/11\/Tchad-rompt-liens-France-defenses-bases-militaires-e1732873378475-225x300.jpg 225w, https:\/\/www.lelibrepenseur.org\/wp-content\/uploads\/2024\/11\/Tchad-rompt-liens-France-defenses-bases-militaires-e1732873378475-768x1026.jpg 768w, https:\/\/www.lelibrepenseur.org\/wp-content\/uploads\/2024\/11\/Tchad-rompt-liens-France-defenses-bases-militaires-e1732873378475-18x24.jpg 18w, https:\/\/www.lelibrepenseur.org\/wp-content\/uploads\/2024\/11\/Tchad-rompt-liens-France-defenses-bases-militaires-e1732873378475-27x36.jpg 27w, https:\/\/www.lelibrepenseur.org\/wp-content\/uploads\/2024\/11\/Tchad-rompt-liens-France-defenses-bases-militaires-e1732873378475-36x48.jpg 36w, https:\/\/www.lelibrepenseur.org\/wp-content\/uploads\/2024\/11\/Tchad-rompt-liens-France-defenses-bases-militaires-e1732873378475-600x802.jpg 600w, https:\/\/www.lelibrepenseur.org\/wp-content\/uploads\/2024\/11\/Tchad-rompt-liens-France-defenses-bases-militaires-e1732873378475-750x1002.jpg 750w, https:\/\/www.lelibrepenseur.org\/wp-content\/uploads\/2024\/11\/Tchad-rompt-liens-France-defenses-bases-militaires-e1732873378475.jpg 940w\" sizes=\"auto, (max-width: 766px) 100vw, 766px\"\/><\/p>\n<hr\/>\n<figure id=\"attachment_6048000\" aria-describedby=\"caption-attachment-6048000\" style=\"width: 480px\" class=\"wp-caption aligncenter\"><img loading=\"lazy\" decoding=\"async\" class=\"wp-image-6048000\" src=\"https:\/\/www.lelibrepenseur.org\/wp-content\/uploads\/2024\/11\/Capture-decran-2024-11-29-103006-833x1024.png\" alt=\"Le pr\u00e9sident s\u00e9n\u00e9galais veut fermer les bases militaires fran\u00e7aises, suivi par le Tchad...\" width=\"480\" height=\"590\" srcset=\"https:\/\/www.lelibrepenseur.org\/wp-content\/uploads\/2024\/11\/Capture-decran-2024-11-29-103006-833x1024.png 833w, https:\/\/www.lelibrepenseur.org\/wp-content\/uploads\/2024\/11\/Capture-decran-2024-11-29-103006-244x300.png 244w, https:\/\/www.lelibrepenseur.org\/wp-content\/uploads\/2024\/11\/Capture-decran-2024-11-29-103006-768x944.png 768w, https:\/\/www.lelibrepenseur.org\/wp-content\/uploads\/2024\/11\/Capture-decran-2024-11-29-103006-20x24.png 20w, https:\/\/www.lelibrepenseur.org\/wp-content\/uploads\/2024\/11\/Capture-decran-2024-11-29-103006-29x36.png 29w, https:\/\/www.lelibrepenseur.org\/wp-content\/uploads\/2024\/11\/Capture-decran-2024-11-29-103006-39x48.png 39w, https:\/\/www.lelibrepenseur.org\/wp-content\/uploads\/2024\/11\/Capture-decran-2024-11-29-103006-600x737.png 600w, https:\/\/www.lelibrepenseur.org\/wp-content\/uploads\/2024\/11\/Capture-decran-2024-11-29-103006-750x921.png 750w, https:\/\/www.lelibrepenseur.org\/wp-content\/uploads\/2024\/11\/Capture-decran-2024-11-29-103006.png 984w\" sizes=\"auto, (max-width: 480px) 100vw, 480px\"\/><figcaption id=\"caption-attachment-6048000\" class=\"wp-caption-text\">Le pr\u00e9sident s\u00e9n\u00e9galais veut fermer les bases militaires fran\u00e7aises, suivi par le Tchad\u2026<\/figcaption><\/figure>\n<\/p><\/div>\n<p><br \/>\n<br \/><a href=\"https:\/\/www.lelibrepenseur.org\/le-president-senegalais-veut-fermer-les-bases-militaires-francaises-suivi-par-le-tchad\/\" target=\"_blank\"\">Source link <\/a><\/p>\n","protected":false},"excerpt":{"rendered":"<p>En une journ\u00e9e, deux pays africains ont d\u00e9cid\u00e9 de fermer les bases militaires fran\u00e7aises, le S\u00e9n\u00e9gal ainsi que le Tchad, et ce n\u2019est pas un hasard. Apr\u00e8s les d\u00e9saccords et&hellip; <\/p>\n","protected":false},"author":1,"featured_media":1250,"comment_status":"open","ping_status":"open","sticky":false,"template":"","format":"standard","meta":{"footnotes":""},"categories":[1],"tags":[],"class_list":["post-1249","post","type-post","status-publish","format-standard","has-post-thumbnail","hentry","category-non-classe"],"_links":{"self":[{"href":"https:\/\/monde25.info\/index.php\/wp-json\/wp\/v2\/posts\/1249","targetHints":{"allow":["GET"]}}],"collection":[{"href":"https:\/\/monde25.info\/index.php\/wp-json\/wp\/v2\/posts"}],"about":[{"href":"https:\/\/monde25.info\/index.php\/wp-json\/wp\/v2\/types\/post"}],"author":[{"embeddable":true,"href":"https:\/\/monde25.info\/index.php\/wp-json\/wp\/v2\/users\/1"}],"replies":[{"embeddable":true,"href":"https:\/\/monde25.info\/index.php\/wp-json\/wp\/v2\/comments?post=1249"}],"version-history":[{"count":0,"href":"https:\/\/monde25.info\/index.php\/wp-json\/wp\/v2\/posts\/1249\/revisions"}],"wp:featuredmedia":[{"embeddable":true,"href":"https:\/\/monde25.info\/index.php\/wp-json\/wp\/v2\/media\/1250"}],"wp:attachment":[{"href":"https:\/\/monde25.info\/index.php\/wp-json\/wp\/v2\/media?parent=1249"}],"wp:term":[{"taxonomy":"category","embeddable":true,"href":"https:\/\/monde25.info\/index.php\/wp-json\/wp\/v2\/categories?post=1249"},{"taxonomy":"post_tag","embeddable":true,"href":"https:\/\/monde25.info\/index.php\/wp-json\/wp\/v2\/tags?post=1249"}],"curies":[{"name":"wp","href":"https:\/\/api.w.org\/{rel}","templated":true}]}}