{"id":1251,"date":"2024-11-30T19:31:51","date_gmt":"2024-11-30T18:31:51","guid":{"rendered":"https:\/\/monde25.info\/index.php\/2024\/11\/30\/la-tempete-qui-vient-est-elle-deja-la-debriefing-avec-nicolas-vidal-sur-son-nouveau-livre\/"},"modified":"2024-11-30T19:31:51","modified_gmt":"2024-11-30T18:31:51","slug":"la-tempete-qui-vient-est-elle-deja-la-debriefing-avec-nicolas-vidal-sur-son-nouveau-livre","status":"publish","type":"post","link":"https:\/\/monde25.info\/index.php\/2024\/11\/30\/la-tempete-qui-vient-est-elle-deja-la-debriefing-avec-nicolas-vidal-sur-son-nouveau-livre\/","title":{"rendered":"\u00ab La temp\u00eate qui vient \u00bb , est-elle d\u00e9j\u00e0 l\u00e0 ? Debriefing avec Nicolas Vidal sur son nouveau livre"},"content":{"rendered":"<p> <br \/>\n<\/p>\n<div id=\"post-164174\">\n<div class=\"entry-meta\">\n\t\t\t\t\t\t<span class=\"author vcard\"><i class=\"crycon-author crycon-metas\" title=\"Auteur\"\/><br \/>\n\t\t\t\t<a target=\"_blank\" class=\"url fn n\" rel=\"author\" href=\"https:\/\/lesmoutonsenrages.fr\/author\/voltigeur\/\" title=\"Voir tous les artciles par Volti\">Volti<\/a><\/span><span><br \/>\n\t\t\t\t\t\t<i class=\"crycon-time crycon-metas\" title=\"Date\"\/><br \/>\n\t\t\t\t\t\t<time class=\"onDate date published\" datetime=\"2024-11-30T08:00:00+01:00\"><br \/>\n\t\t\t\t\t\t\t<a target=\"_blank\" href=\"https:\/\/lesmoutonsenrages.fr\/2024\/11\/30\/la-tempete-qui-vient-est-elle-deja-la-debriefing-avec-nicolas-vidal-sur-son-nouveau-livre-france-soir\/\" rel=\"bookmark\">samedi 30 novembre 2024<\/a><br \/>\n\t\t\t\t\t\t<\/time><br \/>\n\t\t\t\t\t<\/span><time class=\"updated\" datetime=\"2024-11-30T07:36:04+01:00\">samedi 30 novembre 2024<\/time><span class=\"bl_categ\"><i class=\"crycon-folder-open crycon-metas\" title=\"Cat\u00e9gories\"\/><a target=\"_blank\" href=\"https:\/\/lesmoutonsenrages.fr\/category\/pour-le-changement\/actions-et-alternatives\/\" rel=\"tag\">Actions et alternatives<\/a>, <a target=\"_blank\" href=\"https:\/\/lesmoutonsenrages.fr\/category\/argent-politique-geopolitique\/analyse\/\" rel=\"tag\">Analyse<\/a>, <a target=\"_blank\" href=\"https:\/\/lesmoutonsenrages.fr\/category\/argent-politique-geopolitique\/argent-et-politique\/\" rel=\"tag\">Argent et politique<\/a>, <a target=\"_blank\" href=\"https:\/\/lesmoutonsenrages.fr\/category\/culture\/\" rel=\"tag\">Culture<\/a>, <a target=\"_blank\" href=\"https:\/\/lesmoutonsenrages.fr\/category\/argent-politique-geopolitique\/argent-et-politique\/droits-et-libertes\/\" rel=\"tag\">Droits et libert\u00e9s<\/a>, <a target=\"_blank\" href=\"https:\/\/lesmoutonsenrages.fr\/category\/economie\/\" rel=\"tag\">\u00c9conomie<\/a>, <a target=\"_blank\" href=\"https:\/\/lesmoutonsenrages.fr\/category\/culture\/education\/\" rel=\"tag\">\u00c9ducation<\/a>, <a target=\"_blank\" href=\"https:\/\/lesmoutonsenrages.fr\/category\/culture\/histoire\/\" rel=\"tag\">Histoire<\/a>, <a target=\"_blank\" href=\"https:\/\/lesmoutonsenrages.fr\/category\/lecture\/\" rel=\"tag\">Lecture<\/a>, <a target=\"_blank\" href=\"https:\/\/lesmoutonsenrages.fr\/category\/opinion\/liberte-dexpression\/\" rel=\"tag\">Libert\u00e9 d&rsquo;expression<\/a>, <a target=\"_blank\" href=\"https:\/\/lesmoutonsenrages.fr\/category\/n-o-m\/\" rel=\"tag\">N.O.M<\/a>, <a target=\"_blank\" href=\"https:\/\/lesmoutonsenrages.fr\/category\/opinion\/\" rel=\"tag\">Opinion<\/a>, <a target=\"_blank\" href=\"https:\/\/lesmoutonsenrages.fr\/category\/pour-le-changement\/\" rel=\"tag\">Pour le changement<\/a>, <a target=\"_blank\" href=\"https:\/\/lesmoutonsenrages.fr\/category\/reflexion\/\" rel=\"tag\">R\u00e9flexion<\/a>, <a target=\"_blank\" href=\"https:\/\/lesmoutonsenrages.fr\/category\/argent-politique-geopolitique\/argent-et-politique\/scandale\/\" rel=\"tag\">Scandale<\/a>, <a target=\"_blank\" href=\"https:\/\/lesmoutonsenrages.fr\/category\/argent-politique-geopolitique\/argent-et-politique\/temoignage\/\" rel=\"tag\">T\u00e9moignage<\/a>, <a target=\"_blank\" href=\"https:\/\/lesmoutonsenrages.fr\/category\/vos-alertes-infos\/\" rel=\"tag\">Vos alertes-infos<\/a>, <a target=\"_blank\" href=\"https:\/\/lesmoutonsenrages.fr\/category\/vos-alertes-infos\/vous-nous-avez-ecrit\/\" rel=\"tag\">Vous nous avez \u00e9crit<\/a><\/span> \t\t\t\t\t<\/div>\n<p><!-- .entry-meta --><\/p>\n<div class=\"entry-content\">\n<p>Source <a target=\"_blank\" href=\"https:\/\/edition.francesoir.fr\/videos-les-debriefings\/la-tempete-qui-vient-est-elle-deja-la-debriefing-avec-nicolas-vidal-sur-son\" data-type=\"link\" data-id=\"https:\/\/edition.francesoir.fr\/videos-les-debriefings\/la-tempete-qui-vient-est-elle-deja-la-debriefing-avec-nicolas-vidal-sur-son\">France-Soir<\/a><\/p>\n<p>Nicolas Vidal, journaliste-fondateur de Putsch m\u00e9dia, il est aussi auteur. Auteur de livres \u00ab\u00a0punchy\u00a0\u00bb comme la couleur de leurs couvertures, mais surtout de leur contenu avec des mots hauts en couleur. Dans son dernier punch, \u00ab\u00a0la Temp\u00eate qui vient\u00a0\u00bb, Nicolas fait une analyse de la situation en France et la couche dans un livre de 50 pages \u00e0 la couverture jaune. Jaune comme la couleur des Gilets Jaunes, mouvement qu\u2019il a suivi de tr\u00e8s pr\u00e8s, pour se retrouver museler par le Grand D\u00e9bat d\u2019Emmanuel Macron.<\/p>\n<p><span id=\"more-164174\"\/><\/p>\n<p>La situation a chang\u00e9 en France, les agriculteurs font de plus en plus peurs au gouvernement avec les derniers vents de r\u00e9volte en cours. Dans ce debriefing, men\u00e9 tambour battant, Nicolas r\u00e9pond aux questions d\u2019actualit\u00e9 en illustrant le contenu de son analyse. Le vent souffle, mais d\u2019o\u00f9 vient-il ? Des \u00c9tats-Unis avec l\u2019\u00e9lection de Donald Trump que les m\u00e9dias fran\u00e7ais n\u2019ont pas voulu voir ? Du Royaume-Uni o\u00f9 une p\u00e9tition pour des \u00e9lections g\u00e9n\u00e9rales atteint le record de 2.5 millions de signatures ? Ou tout simplement du Parlement fran\u00e7ais o\u00f9 se d\u00e9bat actuellement un budget sous haute tension.<\/p>\n<p><a target=\"_blank\" href=\"https:\/\/edition.francesoir.fr\/videos-les-debriefings\/la-tempete-qui-vient-est-elle-deja-la-debriefing-avec-nicolas-vidal-sur-son\" data-type=\"link\" data-id=\"https:\/\/edition.francesoir.fr\/videos-les-debriefings\/la-tempete-qui-vient-est-elle-deja-la-debriefing-avec-nicolas-vidal-sur-son\"><strong>VOIR LA VID\u00c9O<\/strong><\/a><\/p>\n<p>Un vent, un ouragan, La temp\u00eate qui vient, un livre \u00e0 offrir en guise de lecture pour No\u00ebl, pour petits et grands. \u00c9dit\u00e9 par Putsch Media.<\/p>\n<div class=\"wp-block-image\">\n<figure class=\"aligncenter size-large\"><img fetchpriority=\"high\" decoding=\"async\" width=\"223\" height=\"330\" src=\"https:\/\/lesmoutonsenrages.fr\/wp-content\/uploads\/2024\/11\/image-122-223x330.png\" alt=\"\" class=\"wp-image-164175\" srcset=\"https:\/\/lesmoutonsenrages.fr\/wp-content\/uploads\/2024\/11\/image-122-223x330.png 223w, https:\/\/lesmoutonsenrages.fr\/wp-content\/uploads\/2024\/11\/image-122-203x300.png 203w, https:\/\/lesmoutonsenrages.fr\/wp-content\/uploads\/2024\/11\/image-122-101x150.png 101w, https:\/\/lesmoutonsenrages.fr\/wp-content\/uploads\/2024\/11\/image-122.png 362w\" sizes=\"(max-width: 223px) 100vw, 223px\"\/><\/figure>\n<\/div>\n<p>Lire aussi :<\/p>\n<p>Tous les articles, la tribune libre et commentaires sont sous la responsabilit\u00e9 de leurs auteurs. Les Moutons Enrag\u00e9s ne sauraient \u00eatre tenus responsables de leur contenu ou orientation.<\/p>\n<\/p><\/div>\n<p><!-- .entry-content --><\/p>\n<footer class=\"entry-meta\">\n\t\t\t\t\t\t<span class=\"bl_bookmark\"><i class=\"crycon-bookmark crycon-metas\" title=\"Marquer le permalien\"\/> <a target=\"_blank\" href=\"https:\/\/lesmoutonsenrages.fr\/2024\/11\/30\/la-tempete-qui-vient-est-elle-deja-la-debriefing-avec-nicolas-vidal-sur-son-nouveau-livre-france-soir\/\" title=\"Permalien \u00e0  \u00ab La temp\u00eate qui vient \u00bb , est-elle d\u00e9j\u00e0 l\u00e0 ? Debriefing avec Nicolas Vidal sur son nouveau livre | France-Soir\" rel=\"bookmark\"> Signet<\/a>.<\/span>\t\t\t\t\t\t\t\t\t\t\t<\/footer>\n<p><!-- .entry-meta -->\n\t\t\t\t<\/div>\n<p><br \/>\n<br \/><a href=\"https:\/\/lesmoutonsenrages.fr\/2024\/11\/30\/la-tempete-qui-vient-est-elle-deja-la-debriefing-avec-nicolas-vidal-sur-son-nouveau-livre-france-soir\/\" target=\"_blank\"\">Source link <\/a><\/p>\n","protected":false},"excerpt":{"rendered":"<p>Volti samedi 30 novembre 2024 samedi 30 novembre 2024Actions et alternatives, Analyse, Argent et politique, Culture, Droits et libert\u00e9s, \u00c9conomie, \u00c9ducation, Histoire, Lecture, Libert\u00e9 d&rsquo;expression, N.O.M, Opinion, Pour le changement,&hellip; <\/p>\n","protected":false},"author":1,"featured_media":1252,"comment_status":"open","ping_status":"open","sticky":false,"template":"","format":"standard","meta":{"footnotes":""},"categories":[1],"tags":[],"class_list":["post-1251","post","type-post","status-publish","format-standard","has-post-thumbnail","hentry","category-non-classe"],"_links":{"self":[{"href":"https:\/\/monde25.info\/index.php\/wp-json\/wp\/v2\/posts\/1251","targetHints":{"allow":["GET"]}}],"collection":[{"href":"https:\/\/monde25.info\/index.php\/wp-json\/wp\/v2\/posts"}],"about":[{"href":"https:\/\/monde25.info\/index.php\/wp-json\/wp\/v2\/types\/post"}],"author":[{"embeddable":true,"href":"https:\/\/monde25.info\/index.php\/wp-json\/wp\/v2\/users\/1"}],"replies":[{"embeddable":true,"href":"https:\/\/monde25.info\/index.php\/wp-json\/wp\/v2\/comments?post=1251"}],"version-history":[{"count":0,"href":"https:\/\/monde25.info\/index.php\/wp-json\/wp\/v2\/posts\/1251\/revisions"}],"wp:featuredmedia":[{"embeddable":true,"href":"https:\/\/monde25.info\/index.php\/wp-json\/wp\/v2\/media\/1252"}],"wp:attachment":[{"href":"https:\/\/monde25.info\/index.php\/wp-json\/wp\/v2\/media?parent=1251"}],"wp:term":[{"taxonomy":"category","embeddable":true,"href":"https:\/\/monde25.info\/index.php\/wp-json\/wp\/v2\/categories?post=1251"},{"taxonomy":"post_tag","embeddable":true,"href":"https:\/\/monde25.info\/index.php\/wp-json\/wp\/v2\/tags?post=1251"}],"curies":[{"name":"wp","href":"https:\/\/api.w.org\/{rel}","templated":true}]}}