{"id":1253,"date":"2024-11-30T20:04:39","date_gmt":"2024-11-30T19:04:39","guid":{"rendered":"https:\/\/monde25.info\/index.php\/2024\/11\/30\/la-demande-dimmunite-de-la-france-a-legard-de-netanyahou-na-aucune-validite-juridique-enfant-de-la-societe-sott-net\/"},"modified":"2024-11-30T20:04:39","modified_gmt":"2024-11-30T19:04:39","slug":"la-demande-dimmunite-de-la-france-a-legard-de-netanyahou-na-aucune-validite-juridique-enfant-de-la-societe-sott-net","status":"publish","type":"post","link":"https:\/\/monde25.info\/index.php\/2024\/11\/30\/la-demande-dimmunite-de-la-france-a-legard-de-netanyahou-na-aucune-validite-juridique-enfant-de-la-societe-sott-net\/","title":{"rendered":"La demande d&rsquo;immunit\u00e9 de la France \u00e0 l&rsquo;\u00e9gard de Netanyahou n&rsquo;a aucune validit\u00e9 juridique \u2014 Enfant de la Soci\u00e9t\u00e9 \u2014 Sott.net"},"content":{"rendered":"<p> <br \/>\n<\/p>\n<div>\n<div class=\"article-image-large to-center\"><a target=\"_blank\" href=\"https:\/\/fr.sott.net\/image\/s35\/707169\/full\/GettyImages_2110550184_scaled_.jpg\" target=\"_blank\" title=\"\u00a9 FABRICE COFFRINI\/AFP via Getty\"><img decoding=\"async\" src=\"https:\/\/fr.sott.net\/image\/s35\/707169\/large\/GettyImages_2110550184_scaled_.jpg\" alt=\"Francesca Albanese\" title=\"Cliquer pour agrandir\"\/><\/a><\/p>\n<p><span class=\"tiny\">\u00a9 FABRICE COFFRINI\/AFP via Getty<\/span><span class=\"caption\">Francesca Albanese, rapporteuse sp\u00e9ciale des Nations Unies sur la situation des droits dans les territoires palestiniens, s&rsquo;exprime lors d&rsquo;une conf\u00e9rence de presse pendant une session du Conseil des droits de l&rsquo;homme des Nations Unies, \u00e0 Gen\u00e8ve, le 27 mars 2024.<\/span><\/p>\n<\/div>\n<p> La rapporteuse sp\u00e9ciale des Nations unies sur les territoires palestiniens occup\u00e9s, Francesca Albanese, a rejet\u00e9 hier l&rsquo;affirmation de la France selon laquelle le Premier ministre isra\u00e9lien Benjamin Netanyahu et son ancien ministre de la d\u00e9fense Yoav Gallant b\u00e9n\u00e9ficient de l&rsquo;immunit\u00e9 diplomatique et ne peuvent donc pas \u00eatre arr\u00eat\u00e9s \u00e0 la suite de l&rsquo;\u00e9mission de mandats d&rsquo;arr\u00eat \u00e0 leur encontre par la Cour p\u00e9nale internationale (CPI).<\/p>\n<p>Le ministre fran\u00e7ais des affaires \u00e9trang\u00e8res, Jean-No\u00ebl Barrot, a d\u00e9clar\u00e9 mercredi que certains dirigeants pouvaient b\u00e9n\u00e9ficier d&rsquo;une immunit\u00e9 en vertu du Statut de Rome, le trait\u00e9 instituant la CPI.<\/p>\n<p>M. Barrot a soulign\u00e9 que le Statut de Rome \u00ab traite des questions d&rsquo;immunit\u00e9 pour certains dirigeants \u00bb, ajoutant que ces questions rel\u00e8vent en dernier ressort des autorit\u00e9s judiciaires.<\/p>\n<p>Interrog\u00e9 sur la validit\u00e9 juridique de cette affirmation, M. Albanese a r\u00e9pondu : \u00ab Non, parce que cette question a d\u00e9j\u00e0 \u00e9t\u00e9 r\u00e9solue par la Cour dans le cas d&rsquo;Omar Al-Bashir dans le pass\u00e9, et personne ne l&rsquo;a [contest\u00e9e]. \u00bb<\/p>\n<p>M. Al-Bashir est l&rsquo;ancien pr\u00e9sident du Soudan qui a \u00e9t\u00e9 inculp\u00e9 par la CPI en 2009 et 2010 pour crimes de guerre et crimes contre l&rsquo;humanit\u00e9 \u00e0 l&rsquo;encontre de civils au Darfour.<\/p>\n<p>\u00ab L&rsquo;argument de l&rsquo;immunit\u00e9 de l&rsquo;\u00c9tat ne peut \u00eatre invoqu\u00e9. La Cour l&rsquo;a d\u00e9j\u00e0 dit \u00bb, a d\u00e9clar\u00e9 Mme Albanese.<\/p>\n<p>Elle a soulign\u00e9 que le fait d&rsquo;entraver l&rsquo;ex\u00e9cution d&rsquo;un mandat d&rsquo;arr\u00eat de la CPI pouvait \u00eatre consid\u00e9r\u00e9 comme une violation de l&rsquo;article 70 du Statut de Rome.\n<\/p>\n<blockquote class=\"typ1\"><p>\n\u00ab Je tiens \u00e0 souligner que le fait d&rsquo;entraver l&rsquo;ex\u00e9cution d&rsquo;un mandat d&rsquo;arr\u00eat de la CPI pourrait \u00eatre consid\u00e9r\u00e9 comme une violation de l&rsquo;article 70, une entrave \u00e0 l&rsquo;administration de la justice, ce qui constitue un d\u00e9lit, une infraction p\u00e9nale en soi \u00bb, a-t-elle d\u00e9clar\u00e9.\n<\/p><\/blockquote>\n<p>Elle a \u00e9galement qualifi\u00e9 de \u00ab deux poids, deux mesures \u00bb les approches contradictoires de la France \u00e0 l&rsquo;\u00e9gard du mandat d&rsquo;arr\u00eat contre M. Netanyahou et de celui d\u00e9livr\u00e9 contre le pr\u00e9sident russe Vladimir Poutine en mars 2023 &#8211; un \u00c9tat non partie.<\/p>\n<p><em>Traduction : AFPS<\/em>\n\t\t<\/p>\n<\/div>\n<p><br \/>\n<br \/><a href=\"https:\/\/fr.sott.net\/article\/44135-Rapporteuse-de-l-ONU-La-demande-d-immunite-de-la-France-a-l-egard-de-Netanyahou-n-a-aucune-validite-juridique\" target=\"_blank\"\">Source link <\/a><\/p>\n","protected":false},"excerpt":{"rendered":"<p>\u00a9 FABRICE COFFRINI\/AFP via GettyFrancesca Albanese, rapporteuse sp\u00e9ciale des Nations Unies sur la situation des droits dans les territoires palestiniens, s&rsquo;exprime lors d&rsquo;une conf\u00e9rence de presse pendant une session du&hellip; <\/p>\n","protected":false},"author":1,"featured_media":1254,"comment_status":"open","ping_status":"open","sticky":false,"template":"","format":"standard","meta":{"footnotes":""},"categories":[1],"tags":[],"class_list":["post-1253","post","type-post","status-publish","format-standard","has-post-thumbnail","hentry","category-non-classe"],"_links":{"self":[{"href":"https:\/\/monde25.info\/index.php\/wp-json\/wp\/v2\/posts\/1253","targetHints":{"allow":["GET"]}}],"collection":[{"href":"https:\/\/monde25.info\/index.php\/wp-json\/wp\/v2\/posts"}],"about":[{"href":"https:\/\/monde25.info\/index.php\/wp-json\/wp\/v2\/types\/post"}],"author":[{"embeddable":true,"href":"https:\/\/monde25.info\/index.php\/wp-json\/wp\/v2\/users\/1"}],"replies":[{"embeddable":true,"href":"https:\/\/monde25.info\/index.php\/wp-json\/wp\/v2\/comments?post=1253"}],"version-history":[{"count":0,"href":"https:\/\/monde25.info\/index.php\/wp-json\/wp\/v2\/posts\/1253\/revisions"}],"wp:featuredmedia":[{"embeddable":true,"href":"https:\/\/monde25.info\/index.php\/wp-json\/wp\/v2\/media\/1254"}],"wp:attachment":[{"href":"https:\/\/monde25.info\/index.php\/wp-json\/wp\/v2\/media?parent=1253"}],"wp:term":[{"taxonomy":"category","embeddable":true,"href":"https:\/\/monde25.info\/index.php\/wp-json\/wp\/v2\/categories?post=1253"},{"taxonomy":"post_tag","embeddable":true,"href":"https:\/\/monde25.info\/index.php\/wp-json\/wp\/v2\/tags?post=1253"}],"curies":[{"name":"wp","href":"https:\/\/api.w.org\/{rel}","templated":true}]}}