{"id":1259,"date":"2024-11-30T23:23:10","date_gmt":"2024-11-30T22:23:10","guid":{"rendered":"https:\/\/monde25.info\/index.php\/2024\/11\/30\/moscou-regrette-que-berlin-ferme-le-bureau-de-pervy-kanal-et-expulse-deux-journalistes-allemands-lambassadeur-russe-convoque\/"},"modified":"2024-11-30T23:23:10","modified_gmt":"2024-11-30T22:23:10","slug":"moscou-regrette-que-berlin-ferme-le-bureau-de-pervy-kanal-et-expulse-deux-journalistes-allemands-lambassadeur-russe-convoque","status":"publish","type":"post","link":"https:\/\/monde25.info\/index.php\/2024\/11\/30\/moscou-regrette-que-berlin-ferme-le-bureau-de-pervy-kanal-et-expulse-deux-journalistes-allemands-lambassadeur-russe-convoque\/","title":{"rendered":"Moscou regrette que Berlin ferme le bureau de Pervy Kanal et expulse deux journalistes allemands, l\u2019ambassadeur russe convoqu\u00e9"},"content":{"rendered":"<p> <br \/>\n<\/p>\n<div>\n<p><span data-contrast=\"auto\">Nouvelle escalade entre Berlin et Moscou. Diplomatique et m\u00e9diatique, cette fois-ci. La Russie a annonc\u00e9 mercredi sa d\u00e9cision d\u2019expulser deux journalistes du groupe audiovisuel public allemand, ARD, \u201cen r\u00e9ponse\u201d \u00e0 une fermeture du bureau allemand de la cha\u00eene de t\u00e9l\u00e9vision Pervy Kanal \u201csur ordre de Berlin\u201d, qui oblige ses correspondants \u00e0 quitter le territoire. L\u2019Allemagne d\u00e9ment \u00eatre responsable de cette fermeture, convoquant l\u2019ambassadeur russe pour d\u00e9noncer une expulsion \u201cinacceptable\u201d pour des raisons \u201cfausses et mensong\u00e8res\u201d.<\/span><span data-ccp-props=\"{&quot;134233117&quot;:false,&quot;134233118&quot;:false,&quot;201341983&quot;:0,&quot;335559738&quot;:270,&quot;335559739&quot;:270,&quot;335559740&quot;:324}\">\u00a0<\/span><\/p>\n<p><span data-contrast=\"auto\">Mercredi, Ivan Blago\u00ef, correspondant \u00e0 Berlin de Pervy Canal (\u2018Premi\u00e8re chaine\u2019 en russe, NDLR) a annonc\u00e9 \u00e0 l\u2019antenne son obligation de quitter le territoire allemand, avec son cam\u00e9raman, Dmitri Volkov. La pr\u00e9sentatrice du journal t\u00e9l\u00e9vis\u00e9 a annonc\u00e9 dans la foul\u00e9e la fermeture du bureau de la cha\u00eene et ce, \u201csur ordre de Berlin\u201d.<\/span><span data-ccp-props=\"{&quot;134233117&quot;:false,&quot;134233118&quot;:false,&quot;201341983&quot;:0,&quot;335559738&quot;:270,&quot;335559739&quot;:270,&quot;335559740&quot;:324}\">\u00a0<\/span><\/p>\n<p><span data-contrast=\"auto\"><strong>Titres de s\u00e9jour non renouvel\u00e9s, Moscou r\u00e9plique vite<\/strong><\/span><span data-ccp-props=\"{&quot;134233117&quot;:false,&quot;134233118&quot;:false,&quot;201341983&quot;:0,&quot;335559738&quot;:150,&quot;335559739&quot;:270,&quot;335559740&quot;:288}\"><strong>\u00a0<\/strong><\/span><\/p>\n<p><span data-contrast=\"auto\">Le correspondant russe a affirm\u00e9 que les autorit\u00e9s allemandes consid\u00e8rent la chaine comme une \u201cmenace pour la s\u00e9curit\u00e9\u201d du pays et comme un \u201corgane de propagande\u201d et ce, malgr\u00e9 une large audience russophone sur son sol. Pervy Canal a diffus\u00e9 un document de l&rsquo;Office de l&rsquo;immigration de la ville de Berlin, indiquant \u00e0 Ivan Blago\u00ef la d\u00e9cision des autorit\u00e9s de ne pas lui renouveler son titre de s\u00e9jour. Le journaliste est alors pri\u00e9 de quitter l\u2019Allemagne sous peine d\u2019expulsion.\u00a0<\/span><span data-ccp-props=\"{&quot;134233117&quot;:false,&quot;134233118&quot;:false,&quot;201341983&quot;:0,&quot;335559738&quot;:270,&quot;335559739&quot;:270,&quot;335559740&quot;:324}\">\u00a0<\/span><\/p>\n<p><span data-contrast=\"auto\">L\u2019annonce de Pervy Canal, qui fait l\u2019objet de sanctions de l\u2019UE, fait vite r\u00e9agir le vice-ministre des Affaires \u00e9trang\u00e8res, Alexander Grouchko. Dans une d\u00e9claration \u00e0 Ria Novosti, il a affirm\u00e9 que la Russie est \u201ccontrainte\u201d de r\u00e9agir en vertu du principe de r\u00e9ciprocit\u00e9.\u00a0<\/span><span data-ccp-props=\"{&quot;134233117&quot;:false,&quot;134233118&quot;:false,&quot;201341983&quot;:0,&quot;335559738&quot;:270,&quot;335559739&quot;:270,&quot;335559740&quot;:324}\">\u00a0<\/span><\/p>\n<p><span data-contrast=\"auto\">\u00ab\u00a0Nous voyons cela de mani\u00e8re n\u00e9gative, c&rsquo;est une violation flagrante de tous les principes fondamentaux de la communication internationale, y compris le respect de la libert\u00e9 d&rsquo;expression. Nous consid\u00e9rons cela comme une nouvelle d\u00e9marche inamicale des autorit\u00e9s allemandes. Bien entendu, nous continuerons \u00e0 d\u00e9fendre les droits de nos journalistes en utilisant tous les moyens n\u00e9cessaires \u00e0 cette fin. Mais si aucune avanc\u00e9e en mati\u00e8re de respect de leurs droits n&rsquo;est r\u00e9alis\u00e9e, il faudra r\u00e9pondre par r\u00e9ciprocit\u00e9\u00a0\u00bb, a-t-il <\/span><a target=\"_blank\" href=\"https:\/\/ria.ru\/20241127\/pervyykanal-1985960643.html\"><span data-contrast=\"none\" data-ccp-charstyle=\"Hyperlink\">averti<\/span><\/a><span data-contrast=\"auto\">.\u00a0<\/span><span data-ccp-props=\"{&quot;134233117&quot;:false,&quot;134233118&quot;:false,&quot;201341983&quot;:0,&quot;335559738&quot;:270,&quot;335559739&quot;:270,&quot;335559740&quot;:324}\">\u00a0<\/span><\/p>\n<p><span data-contrast=\"auto\">La promesse est vite appliqu\u00e9e. Le m\u00eame jour, la diplomatie russe a annonc\u00e9 \u201cprendre des mesures \u00e9quivalentes en repr\u00e9sailles \u00e0 l&rsquo;encontre des journalistes du bureau moscovite de l&rsquo;ARD\u201d, une chaine publique allemande. Les deux correspondants allemands concern\u00e9s sont Frank Aischmann et Sven Feller, qui ont jusqu&rsquo;au 16 d\u00e9cembre pour quitter la Russie. Le Kremlin a d\u00e9plor\u00e9 le choix de Berlin pour \u201cl\u2019escalade\u201d.<\/span><span data-ccp-props=\"{&quot;134233117&quot;:false,&quot;134233118&quot;:false,&quot;201341983&quot;:0,&quot;335559738&quot;:270,&quot;335559739&quot;:270,&quot;335559740&quot;:324}\">\u00a0<\/span><\/p>\n<p><span data-contrast=\"auto\">Toutefois, la diplomatie allemande a d\u00e9menti tout r\u00f4le dans cette affaire. Ni minist\u00e8re des Affaires \u00e9trang\u00e8res ni le gouvernement n\u2019ont ferm\u00e9 le bureau de Pervy Kanal. \u201cLes affirmations russes sont fausses : le gouvernement f\u00e9d\u00e9ral n&rsquo;a pas ferm\u00e9 le bureau de cette cha\u00eene, et les journalistes russes peuvent exercer librement et sans entrave en Allemagne\u201d, a r\u00e9agi une porte-parole du minist\u00e8re des Affaires \u00e9trang\u00e8res lors d&rsquo;un point de presse, durant lequel elle a \u201cfermement condamn\u00e9\u201d une telle mesure.\u00a0\u00a0<\/span><span data-ccp-props=\"{&quot;134233117&quot;:false,&quot;134233118&quot;:false,&quot;201341983&quot;:0,&quot;335559738&quot;:270,&quot;335559739&quot;:270,&quot;335559740&quot;:324}\">\u00a0<\/span><\/p>\n<p><span data-contrast=\"auto\"><strong>L\u2019ambassadeur russe convoqu\u00e9<\/strong><\/span><span data-ccp-props=\"{&quot;134233117&quot;:false,&quot;134233118&quot;:false,&quot;201341983&quot;:0,&quot;335559738&quot;:150,&quot;335559739&quot;:270,&quot;335559740&quot;:288}\"><strong>\u00a0<\/strong><\/span><\/p>\n<p><span data-contrast=\"auto\">Berlin s\u2019est n\u00e9anmoins r\u00e9serv\u00e9 le droit de confirmer ou infirmer la d\u00e9cision de l\u2019Office de l\u2019immigration de ne pas renouveler le titre de s\u00e9jour des deux correspondants russes.<\/span><span data-ccp-props=\"{&quot;134233117&quot;:false,&quot;134233118&quot;:false,&quot;201341983&quot;:0,&quot;335559738&quot;:270,&quot;335559739&quot;:270,&quot;335559740&quot;:324}\">\u00a0<\/span><\/p>\n<p><span data-contrast=\"auto\">La chaine allemande a \u00e9galement r\u00e9agi, d\u00e9plorant \u201cune nouvelle d\u00e9gradation dans les relations avec la Russie\u201d, ou \u201cla pression sur les journalistes occidentaux (&#8230;) n&rsquo;a cess\u00e9 d&rsquo;augmenter\u201d depuis f\u00e9vrier 2022.\u00a0<\/span><span data-ccp-props=\"{&quot;134233117&quot;:false,&quot;134233118&quot;:false,&quot;201341983&quot;:0,&quot;335559738&quot;:270,&quot;335559739&quot;:270,&quot;335559740&quot;:324}\">\u00a0<\/span><\/p>\n<p><span data-contrast=\"auto\">Mais Moscou a toujours affirm\u00e9 r\u00e9agir de mani\u00e8re proportionn\u00e9e aux sanctions visant ses m\u00e9dias. D\u2019ailleurs, peu avant le d\u00e9but du conflit ukrainien, Berlin avait interdit la diffusion \u00e0 la cha\u00eene russe RT et la Russie a r\u00e9pliqu\u00e9 par la fermeture du bureau de la radiot\u00e9l\u00e9vision internationale allemande Deutsche Welle. Idem pour les r\u00e9seaux sociaux comme Facebook ou YouTube qui ont bloqu\u00e9 ou restreint l&rsquo;acc\u00e8s aux m\u00e9dias russes.\u00a0<\/span><span data-ccp-props=\"{&quot;134233117&quot;:false,&quot;134233118&quot;:false,&quot;201341983&quot;:0,&quot;335559738&quot;:270,&quot;335559739&quot;:270,&quot;335559740&quot;:324}\">\u00a0<\/span><\/p>\n<p><span data-contrast=\"auto\">Jeudi, Annalena Baerbock, ministre allemande des Affaires \u00e9trang\u00e8res, a annonc\u00e9 la convocation de l\u2019ambassadeur russe \u00e0 Berlin. \u00ab\u00a0L&rsquo;expulsion des collaborateurs de l&rsquo;ARD par la Russie est inacceptable et les raisons invoqu\u00e9es sont tout simplement fausses et mensong\u00e8res. Nous condamnons cela sans \u00e9quivoque, c&rsquo;est pourquoi nous avons convoqu\u00e9 aujourd&rsquo;hui l&rsquo;ambassadeur russe\u00a0\u00bb, a-t-elle d\u00e9clar\u00e9, reprenant la d\u00e9claration de la porte-parole relay\u00e9e plus haut.<\/span><\/p>\n<\/div>\n<p><script>(function(d, s, id) {  var js, fjs = d.getElementsByTagName(s)[0];  if (d.getElementById(id)) return;  js = d.createElement(s); js.id = id;  js.src = \"\/\/connect.facebook.net\/fr_FR\/sdk.js#xfbml=1&version=v2.3\";  fjs.parentNode.insertBefore(js, fjs);}(document, \"script\", \"facebook-jssdk\"));<\/script><br \/>\n<br \/><br \/>\n<br \/><a href=\"https:\/\/www.francesoir.fr\/politique-monde\/moscou-regrette-que-berlin-ferme-le-bureau-de-pervy-kanal-et-expulse-deux\" target=\"_blank\"\">Source link <\/a><\/p>\n","protected":false},"excerpt":{"rendered":"<p>Nouvelle escalade entre Berlin et Moscou. Diplomatique et m\u00e9diatique, cette fois-ci. La Russie a annonc\u00e9 mercredi sa d\u00e9cision d\u2019expulser deux journalistes du groupe audiovisuel public allemand, ARD, \u201cen r\u00e9ponse\u201d \u00e0&hellip; <\/p>\n","protected":false},"author":1,"featured_media":0,"comment_status":"open","ping_status":"open","sticky":false,"template":"","format":"standard","meta":{"footnotes":""},"categories":[1],"tags":[],"class_list":["post-1259","post","type-post","status-publish","format-standard","hentry","category-non-classe"],"_links":{"self":[{"href":"https:\/\/monde25.info\/index.php\/wp-json\/wp\/v2\/posts\/1259","targetHints":{"allow":["GET"]}}],"collection":[{"href":"https:\/\/monde25.info\/index.php\/wp-json\/wp\/v2\/posts"}],"about":[{"href":"https:\/\/monde25.info\/index.php\/wp-json\/wp\/v2\/types\/post"}],"author":[{"embeddable":true,"href":"https:\/\/monde25.info\/index.php\/wp-json\/wp\/v2\/users\/1"}],"replies":[{"embeddable":true,"href":"https:\/\/monde25.info\/index.php\/wp-json\/wp\/v2\/comments?post=1259"}],"version-history":[{"count":0,"href":"https:\/\/monde25.info\/index.php\/wp-json\/wp\/v2\/posts\/1259\/revisions"}],"wp:attachment":[{"href":"https:\/\/monde25.info\/index.php\/wp-json\/wp\/v2\/media?parent=1259"}],"wp:term":[{"taxonomy":"category","embeddable":true,"href":"https:\/\/monde25.info\/index.php\/wp-json\/wp\/v2\/categories?post=1259"},{"taxonomy":"post_tag","embeddable":true,"href":"https:\/\/monde25.info\/index.php\/wp-json\/wp\/v2\/tags?post=1259"}],"curies":[{"name":"wp","href":"https:\/\/api.w.org\/{rel}","templated":true}]}}