{"id":1262,"date":"2024-12-01T00:30:23","date_gmt":"2024-11-30T23:30:23","guid":{"rendered":"https:\/\/monde25.info\/index.php\/2024\/12\/01\/liran-promet-une-reponse-rt-en-francais\/"},"modified":"2024-12-01T00:30:23","modified_gmt":"2024-11-30T23:30:23","slug":"liran-promet-une-reponse-rt-en-francais","status":"publish","type":"post","link":"https:\/\/monde25.info\/index.php\/2024\/12\/01\/liran-promet-une-reponse-rt-en-francais\/","title":{"rendered":"l&rsquo;Iran promet une r\u00e9ponse \u2014 RT en fran\u00e7ais"},"content":{"rendered":"<p> <br \/>\n<br \/><img decoding=\"async\" src=\"https:\/\/mf.b37mrtl.ru\/french\/images\/2024.11\/thumbnail\/674b438c6f7ccc2839657bce.jpg\" \/><\/p>\n<div>\n<p class=\"text__summary\">\n                                        Le consulat d&rsquo;Iran \u00e0 Alep a subi une attaque terroriste orchestr\u00e9e par un ancien affili\u00e9 local d&rsquo;Al-Qa\u00efda. Le porte-parole du minist\u00e8re iranien des Affaires \u00e9trang\u00e8res a affirm\u00e9 que tous les membres du personnel diplomatique sont indemnes. L&rsquo;Iran a promis de poursuivre les responsables de l&rsquo;attaque sur les plans juridique et international.\n                                    <\/p>\n<p>Le consulat de l&rsquo;Iran \u00e0 Alep a \u00e9t\u00e9 attaqu\u00e9 par des terroristes ce samedi 30 novembre, a annonc\u00e9 le porte-parole du minist\u00e8re des Affaires \u00e9trang\u00e8res de la R\u00e9publique islamique (Iran), Esmaeil Baghaei. Un ancien affili\u00e9 local d&rsquo;Al-Qa\u00efda,\u00a0organisation terroriste interdite en Russie, a lanc\u00e9 une offensive majeure contre la ville cette semaine. Le diplomate a soulign\u00e9 que l&rsquo;Iran \u00abfera en sorte que les responsables de cette attaque soient jug\u00e9s, tant sur le plan juridique qu&rsquo;international\u00bb. Esmaeil Baghaei a ajout\u00e9 que le consul g\u00e9n\u00e9ral de l&rsquo;Iran et tous les membres du personnel diplomatique actuellement \u00e0 Alep sont indemnes.<\/p>\n<p>Sergue\u00ef Lavrov, ministre russe des Affaires \u00e9trang\u00e8res, a eu une conversation t\u00e9l\u00e9phonique avec le ministre iranien des Affaires \u00e9trang\u00e8res, Abbas Araghchi. Le dernier a qualifi\u00e9 l&rsquo;attaque terroriste en Syrie de \u00abconspiration isra\u00e9lo-am\u00e9ricaine\u00bb et a exhort\u00e9 la Russie et les pays du Moyen-Orient \u00e0 travailler ensemble pour la neutraliser.<\/p>\n<p>Le 28 novembre, des groupes arm\u00e9s de l&rsquo;\u00abopposition syrienne\u00bb ont lanc\u00e9 une offensive majeure contre les forces gouvernementales dans l&rsquo;ouest de la province d&rsquo;Alep.<\/p>\n<p>Le 29 novembre, les terroristes sont entr\u00e9s dans plusieurs quartiers d&rsquo;Alep. Le groupe djihadiste Hayat Tahrir-al-Sham, consid\u00e9r\u00e9 comme une organisation terroriste par la Russie, a affirm\u00e9 avoir pris le contr\u00f4le de 400 kilom\u00e8tres carr\u00e9s de terrain dans les provinces d&rsquo;Alep et d&rsquo;Idlib et s&rsquo;\u00eatre empar\u00e9 d&rsquo;armes lourdes et d&rsquo;autres \u00e9quipements de l&rsquo;arm\u00e9e syrienne.<\/p>\n<p>Les forces gouvernementales ont depuis stopp\u00e9 l&rsquo;avanc\u00e9e du groupe terroriste, les forces a\u00e9riennes russes et syriennes ayant lanc\u00e9 des frappes contre les djihadistes au cours des derniers jours. L&rsquo;arm\u00e9e arabe syrienne a \u00e9galement affirm\u00e9 que les frappes avaient inflig\u00e9 des pertes d\u00e9vastatrices aux terroristes.<\/p>\n<p>Moscou a qualifi\u00e9 cette\u00a0offensive terroriste d&rsquo;\u00abattaque contre la souverainet\u00e9 de la Syrie dans la r\u00e9gion\u00bb et a exhort\u00e9 Damas \u00e0 y r\u00e9tablir \u00abl&rsquo;ordre d\u00e8s que possible\u00bb.<\/p>\n<\/div>\n<p><br \/>\n<br \/><a href=\"https:\/\/francais.rt.com\/international\/115050-terroristes-attaquent-consulat-iranien-syrie-iran\" target=\"_blank\"\">Source link <\/a><\/p>\n","protected":false},"excerpt":{"rendered":"<p>Le consulat d&rsquo;Iran \u00e0 Alep a subi une attaque terroriste orchestr\u00e9e par un ancien affili\u00e9 local d&rsquo;Al-Qa\u00efda. Le porte-parole du minist\u00e8re iranien des Affaires \u00e9trang\u00e8res a affirm\u00e9 que tous les&hellip; <\/p>\n","protected":false},"author":1,"featured_media":1263,"comment_status":"open","ping_status":"open","sticky":false,"template":"","format":"standard","meta":{"footnotes":""},"categories":[1],"tags":[],"class_list":["post-1262","post","type-post","status-publish","format-standard","has-post-thumbnail","hentry","category-non-classe"],"_links":{"self":[{"href":"https:\/\/monde25.info\/index.php\/wp-json\/wp\/v2\/posts\/1262","targetHints":{"allow":["GET"]}}],"collection":[{"href":"https:\/\/monde25.info\/index.php\/wp-json\/wp\/v2\/posts"}],"about":[{"href":"https:\/\/monde25.info\/index.php\/wp-json\/wp\/v2\/types\/post"}],"author":[{"embeddable":true,"href":"https:\/\/monde25.info\/index.php\/wp-json\/wp\/v2\/users\/1"}],"replies":[{"embeddable":true,"href":"https:\/\/monde25.info\/index.php\/wp-json\/wp\/v2\/comments?post=1262"}],"version-history":[{"count":0,"href":"https:\/\/monde25.info\/index.php\/wp-json\/wp\/v2\/posts\/1262\/revisions"}],"wp:featuredmedia":[{"embeddable":true,"href":"https:\/\/monde25.info\/index.php\/wp-json\/wp\/v2\/media\/1263"}],"wp:attachment":[{"href":"https:\/\/monde25.info\/index.php\/wp-json\/wp\/v2\/media?parent=1262"}],"wp:term":[{"taxonomy":"category","embeddable":true,"href":"https:\/\/monde25.info\/index.php\/wp-json\/wp\/v2\/categories?post=1262"},{"taxonomy":"post_tag","embeddable":true,"href":"https:\/\/monde25.info\/index.php\/wp-json\/wp\/v2\/tags?post=1262"}],"curies":[{"name":"wp","href":"https:\/\/api.w.org\/{rel}","templated":true}]}}