{"id":1274,"date":"2024-12-01T05:00:48","date_gmt":"2024-12-01T04:00:48","guid":{"rendered":"https:\/\/monde25.info\/index.php\/2024\/12\/01\/resurgence-du-terrorisme-en-syrie-complot-americano-sioniste-selon-liran\/"},"modified":"2024-12-01T05:00:48","modified_gmt":"2024-12-01T04:00:48","slug":"resurgence-du-terrorisme-en-syrie-complot-americano-sioniste-selon-liran","status":"publish","type":"post","link":"https:\/\/monde25.info\/index.php\/2024\/12\/01\/resurgence-du-terrorisme-en-syrie-complot-americano-sioniste-selon-liran\/","title":{"rendered":"R\u00e9surgence du terrorisme en Syrie, \u00abcomplot am\u00e9ricano-sioniste\u00bb selon l\u2019Iran"},"content":{"rendered":"<p> <br \/>\n<\/p>\n<div>\n<p>par <strong>PressTV<\/strong><\/p>\n<p><strong>Le ministre iranien des Affaires \u00e9trang\u00e8res\u00a0Abbas Araghchi a qualifi\u00e9 la r\u00e9surgence du terrorisme takfiriste dans le nord de la Syrie de r\u00e9sultat d\u2019un projet am\u00e9ricano-isra\u00e9lien, soulignant que cette \u00e9volution faisait suite aux d\u00e9faites du r\u00e9gime isra\u00e9lien face \u00e0 la R\u00e9sistance au Liban et dans les territoires palestiniens.<\/strong><\/p>\n<p>Lors d\u2019une conversation t\u00e9l\u00e9phonique avec son homologue syrien Bassam al-Sabbagh vendredi, le chef de la diplomatie iranienne, Abbas\u00a0Araghchi, a d\u00e9crit cette \u00e9volution ind\u00e9sirable comme \u00ab<em>un projet am\u00e9ricano-sioniste<\/em>\u00bb qui a suivi les d\u00e9faites du r\u00e9gime isra\u00e9lien face aux mouvements de r\u00e9sistance au Liban et dans les territoires palestiniens.<\/p>\n<p>Araghchi a \u00e9galement soulign\u00e9 que la Syrie a efficacement contr\u00e9 la menace du terrorisme.<\/p>\n<h5 class=\"wp-block-heading\"><strong>\u00abL\u2019Iran continue de soutenir la Syrie face au terrorisme\u00bb<\/strong><\/h5>\n<p>Araghchi a r\u00e9it\u00e9r\u00e9 le soutien continu de la R\u00e9publique islamique d\u2019Iran au gouvernement, \u00e0 la nation et \u00e0 l\u2019arm\u00e9e syriens dans la lutte contre le terrorisme et la protection de la s\u00e9curit\u00e9 et de la stabilit\u00e9 r\u00e9gionales.<\/p>\n<p>Ces commentaires refl\u00e8tent le fait que l\u2019Iran a \u00e9t\u00e9 le premier pays \u00e0 se pr\u00e9cipiter pour soutenir la nation arabe en 2014, lorsque le terrorisme et le militantisme soutenus par l\u2019\u00e9tranger ont ravag\u00e9 de vastes zones du pays.<\/p>\n<p>Damas a cependant r\u00e9ussi \u00e0 inverser progressivement la tendance avec l\u2019aide de ses alli\u00e9s, en regagnant le territoire perdu et en vainquant Daech, le plus brutal des groupes terroristes, en 2017.<\/p>\n<p>Sabbagh, quant \u00e0 lui, a fait part de la situation sur le terrain dans le nord de la Syrie apr\u00e8s les attaques terroristes.<\/p>\n<p>Il a tenu \u00e0 dire que l\u2019\u00c9tat et le peuple syriens s\u2019opposaient de toutes leurs forces \u00e0 l\u2019agression terroriste et continueraient d\u2019emp\u00eacher les terroristes et leurs partisans de r\u00e9aliser leurs sinistres ambitions.<\/p>\n<p>Les membres du groupe terroriste Hayat Tahrir al-Cham auraient envahi de nombreuses zones contr\u00f4l\u00e9es par le gouvernement syrien et tu\u00e9 des dizaines de soldats syriens dans le nord du pays arabe.<\/p>\n<p>Plus tard, cependant, la cha\u00eene de t\u00e9l\u00e9vision libanaise <em>al-Mayadeen<\/em> a d\u00e9clar\u00e9 que l\u2019arm\u00e9e syrienne avait d\u00e9jou\u00e9 des op\u00e9rations terroristes de grande envergure dans la province d\u2019Alep gr\u00e2ce \u00e0 une frappe pr\u00e9ventive.<\/p>\n<p>\u00ab<em>Quatre op\u00e9rations terroristes majeures, qui devaient commencer \u00e0 partir de la ville d\u2019Anadan, \u00e0 12 kilom\u00e8tres au nord-ouest d\u2019Alep, ont \u00e9t\u00e9 d\u00e9jou\u00e9es avant m\u00eame d\u2019avoir pu commencer<\/em>\u00bb, a d\u00e9clar\u00e9 la cha\u00eene.<\/p>\n<p>Selon le rapport, l\u2019arm\u00e9e a lanc\u00e9 des attaques de missiles intensifi\u00e9es sur des positions terroristes qui s\u2019\u00e9tendent des villages de l\u2019ouest d\u2019Alep au mont Zawiya au sud de la ville d\u2019Idlib dans une province adjacente.<\/p>\n<p>L\u2019arm\u00e9e syrienne a \u00e9galement entrav\u00e9 l\u2019avanc\u00e9e des terroristes dirig\u00e9s par Hayat Tahrir al-Cham dans le sud-est d\u2019Idlib et lanc\u00e9 une contre-attaque pour regagner du terrain.<\/p>\n<p>source\u00a0: <a target=\"_blank\" href=\"https:\/\/french.presstv.ir\/Detail\/2024\/11\/29\/738164\/R%C3%A9surgence-du-terrorisme-en-Syrie,-%C2%AB-Complot-am%C3%A9ricano-sioniste-%C2%BB-selon-l%E2%80%99Iran\" target=\"_blank\" rel=\"noopener\" title=\"\">PressTV<\/a><\/p>\n<div class=\"sharedaddy sd-block sd-like jetpack-likes-widget-wrapper jetpack-likes-widget-unloaded\" id=\"like-post-wrapper-237719536-433279-674baeb5e3300\" data-src=\"https:\/\/widgets.wp.com\/likes\/?ver=14.0#blog_id=237719536&amp;post_id=433279&amp;origin=reseauinternational.net&amp;obj_id=237719536-433279-674baeb5e3300&amp;n=1\" data-name=\"like-post-frame-237719536-433279-674baeb5e3300\" data-title=\"Aimer ou rebloguer\">\n<h3 class=\"sd-title\">J\u2019aime \u00e7a\u00a0:<\/h3>\n<p><span class=\"button\"><span>J\u2019aime<\/span><\/span> <span class=\"loading\">chargement\u2026<\/span><\/p>\n<p><span class=\"sd-text-color\"\/><a target=\"_blank\" class=\"sd-link-color\"\/><\/div>\n<p><meta itemscope=\"\" itemprop=\"mainEntityOfPage\" itemtype=\"https:\/\/schema.org\/WebPage\" itemid=\"https:\/\/reseauinternational.net\/resurgence-du-terrorisme-en-syrie-complot-americano-sioniste-selon-liran\/\"\/><meta itemprop=\"headline\" content=\"R\u00e9surgence du terrorisme en Syrie, \u00abcomplot am\u00e9ricano-sioniste\u00bb selon l\u2019Iran\"\/><span style=\"display: none;\" itemprop=\"author\" itemscope=\"\" itemtype=\"https:\/\/schema.org\/Person\"><meta itemprop=\"name\" content=\"R\u00e9seau International\"\/><\/span><span style=\"display: none;\" itemprop=\"image\" itemscope=\"\" itemtype=\"https:\/\/schema.org\/ImageObject\"><meta itemprop=\"url\" content=\"https:\/\/i0.wp.com\/reseauinternational.net\/wp-content\/uploads\/2024\/11\/Sans-titre-27-8.png?fit=800%2C467&amp;ssl=1\"\/><meta itemprop=\"width\" content=\"800\"\/><meta itemprop=\"height\" content=\"467\"\/><\/span><span style=\"display: none;\" itemprop=\"publisher\" itemscope=\"\" itemtype=\"https:\/\/schema.org\/Organization\"><span style=\"display: none;\" itemprop=\"logo\" itemscope=\"\" itemtype=\"https:\/\/schema.org\/ImageObject\"><meta itemprop=\"url\" content=\"https:\/\/reseauinternational.net\/wp-content\/uploads\/2022\/06\/Capture-de\u0301cran-2022-06-14-a\u0300-16.51.07.png\"\/><\/span><meta itemprop=\"name\" content=\"R\u00e9seau International\"\/><\/span><meta itemprop=\"datePublished\" content=\"2024-11-30T11:59:16+00:00\"\/><meta itemprop=\"dateModified\" content=\"2024-11-30T11:59:45+00:00\"\/><\/div>\n<p><br \/>\n<br \/><a href=\"https:\/\/reseauinternational.net\/resurgence-du-terrorisme-en-syrie-complot-americano-sioniste-selon-liran\/\" target=\"_blank\"\">Source link <\/a><\/p>\n","protected":false},"excerpt":{"rendered":"<p>par PressTV Le ministre iranien des Affaires \u00e9trang\u00e8res\u00a0Abbas Araghchi a qualifi\u00e9 la r\u00e9surgence du terrorisme takfiriste dans le nord de la Syrie de r\u00e9sultat d\u2019un projet am\u00e9ricano-isra\u00e9lien, soulignant que cette&hellip; <\/p>\n","protected":false},"author":1,"featured_media":1275,"comment_status":"open","ping_status":"open","sticky":false,"template":"","format":"standard","meta":{"footnotes":""},"categories":[1],"tags":[],"class_list":["post-1274","post","type-post","status-publish","format-standard","has-post-thumbnail","hentry","category-non-classe"],"_links":{"self":[{"href":"https:\/\/monde25.info\/index.php\/wp-json\/wp\/v2\/posts\/1274","targetHints":{"allow":["GET"]}}],"collection":[{"href":"https:\/\/monde25.info\/index.php\/wp-json\/wp\/v2\/posts"}],"about":[{"href":"https:\/\/monde25.info\/index.php\/wp-json\/wp\/v2\/types\/post"}],"author":[{"embeddable":true,"href":"https:\/\/monde25.info\/index.php\/wp-json\/wp\/v2\/users\/1"}],"replies":[{"embeddable":true,"href":"https:\/\/monde25.info\/index.php\/wp-json\/wp\/v2\/comments?post=1274"}],"version-history":[{"count":0,"href":"https:\/\/monde25.info\/index.php\/wp-json\/wp\/v2\/posts\/1274\/revisions"}],"wp:featuredmedia":[{"embeddable":true,"href":"https:\/\/monde25.info\/index.php\/wp-json\/wp\/v2\/media\/1275"}],"wp:attachment":[{"href":"https:\/\/monde25.info\/index.php\/wp-json\/wp\/v2\/media?parent=1274"}],"wp:term":[{"taxonomy":"category","embeddable":true,"href":"https:\/\/monde25.info\/index.php\/wp-json\/wp\/v2\/categories?post=1274"},{"taxonomy":"post_tag","embeddable":true,"href":"https:\/\/monde25.info\/index.php\/wp-json\/wp\/v2\/tags?post=1274"}],"curies":[{"name":"wp","href":"https:\/\/api.w.org\/{rel}","templated":true}]}}