{"id":1286,"date":"2024-12-01T08:59:42","date_gmt":"2024-12-01T07:59:42","guid":{"rendered":"https:\/\/monde25.info\/index.php\/2024\/12\/01\/le-11-septembre-la-clef-du-xxie-siecle\/"},"modified":"2024-12-01T08:59:42","modified_gmt":"2024-12-01T07:59:42","slug":"le-11-septembre-la-clef-du-xxie-siecle","status":"publish","type":"post","link":"https:\/\/monde25.info\/index.php\/2024\/12\/01\/le-11-septembre-la-clef-du-xxie-siecle\/","title":{"rendered":"Le 11-Septembre, la clef du XXIe si\u00e8cle"},"content":{"rendered":"<p> <br \/>\n<\/p>\n<div id=\"article-44139\">\n<div class=\"article-header\">\n<div class=\"article-icon\">\n        <img decoding=\"async\" src=\"https:\/\/fr.sott.net\/images\/icons\/hiliter.png\" title=\"Hiliter\" alt=\"Hiliter\"\/>\n      <\/div>\n<div class=\"article-info\">\n<div class=\"m-bar\">\u00c9cole R\u00e9volutionnaire<br \/><em><a target=\"_blank\" href=\"https:\/\/www.egaliteetreconciliation.fr\/Le-11-Septembre-la-clef-du-XXIe-siecle-Entretien-avec-Laurent-Guyenot-76833.html\" target=\"_blank\">YouTube<\/a><\/em><br \/>sam., 30 nov. 2024 12:39 UTC<\/div>\n<\/p><\/div>\n<\/p><\/div>\n<div class=\"article-body\">\n      Une tr\u00e8s int\u00e9ressante conversation avec Laurent Guy\u00e9not sur les attentats du 11 septembre. Mais aussi sur la politique des USA et sur l&rsquo;\u00e9tat profond.  Avec Laurent Guy\u00e9not, nous avons une vision amplifi\u00e9e de cette trag\u00e9die, car beaucoup d&rsquo;information nous est offerte. Et \u00e9videment le th\u00e8me du sionisme et d&rsquo;Isra\u00ebl est pr\u00e9sent.<\/p>\n<div class=\"article-image-super to-center\"><a target=\"_blank\" href=\"https:\/\/fr.sott.net\/image\/s35\/719144\/full\/arton76833_f5b4f.jpg\" target=\"_blank\"><img decoding=\"async\" src=\"https:\/\/fr.sott.net\/image\/s35\/719144\/super\/arton76833_f5b4f.jpg\" alt=\"hhhhh\" title=\"Cliquer pour agrandir\"\/><\/a><\/div>\n<p><iframe loading=\"lazy\" title=\"Le 11 septembre :  la clef du 21\u00e8me si\u00e8cle (Laurent Guy\u00e9not \u00e0 Colmar)\" width=\"1110\" height=\"624\" src=\"https:\/\/www.youtube.com\/embed\/KC_3ci1dSvU?feature=oembed\" frameborder=\"0\" allow=\"accelerometer; autoplay; clipboard-write; encrypted-media; gyroscope; picture-in-picture; web-share\" referrerpolicy=\"strict-origin-when-cross-origin\" allowfullscreen><\/iframe><\/p>\n<\/p><\/div>\n<\/p><\/div>\n<p><br \/>\n<br \/><a href=\"https:\/\/fr.sott.net\/article\/44139-Le-11-Septembre-la-clef-du-XXIe-siecle-Entretien-avec-Laurent-Guyenot\" target=\"_blank\"\">Source link <\/a><\/p>\n","protected":false},"excerpt":{"rendered":"<p>\u00c9cole R\u00e9volutionnaireYouTubesam., 30 nov. 2024 12:39 UTC Une tr\u00e8s int\u00e9ressante conversation avec Laurent Guy\u00e9not sur les attentats du 11 septembre. Mais aussi sur la politique des USA et sur l&rsquo;\u00e9tat&hellip; <\/p>\n","protected":false},"author":1,"featured_media":1287,"comment_status":"open","ping_status":"open","sticky":false,"template":"","format":"standard","meta":{"footnotes":""},"categories":[1],"tags":[],"class_list":["post-1286","post","type-post","status-publish","format-standard","has-post-thumbnail","hentry","category-non-classe"],"_links":{"self":[{"href":"https:\/\/monde25.info\/index.php\/wp-json\/wp\/v2\/posts\/1286","targetHints":{"allow":["GET"]}}],"collection":[{"href":"https:\/\/monde25.info\/index.php\/wp-json\/wp\/v2\/posts"}],"about":[{"href":"https:\/\/monde25.info\/index.php\/wp-json\/wp\/v2\/types\/post"}],"author":[{"embeddable":true,"href":"https:\/\/monde25.info\/index.php\/wp-json\/wp\/v2\/users\/1"}],"replies":[{"embeddable":true,"href":"https:\/\/monde25.info\/index.php\/wp-json\/wp\/v2\/comments?post=1286"}],"version-history":[{"count":0,"href":"https:\/\/monde25.info\/index.php\/wp-json\/wp\/v2\/posts\/1286\/revisions"}],"wp:featuredmedia":[{"embeddable":true,"href":"https:\/\/monde25.info\/index.php\/wp-json\/wp\/v2\/media\/1287"}],"wp:attachment":[{"href":"https:\/\/monde25.info\/index.php\/wp-json\/wp\/v2\/media?parent=1286"}],"wp:term":[{"taxonomy":"category","embeddable":true,"href":"https:\/\/monde25.info\/index.php\/wp-json\/wp\/v2\/categories?post=1286"},{"taxonomy":"post_tag","embeddable":true,"href":"https:\/\/monde25.info\/index.php\/wp-json\/wp\/v2\/tags?post=1286"}],"curies":[{"name":"wp","href":"https:\/\/api.w.org\/{rel}","templated":true}]}}