{"id":1288,"date":"2024-12-01T10:38:34","date_gmt":"2024-12-01T09:38:34","guid":{"rendered":"https:\/\/monde25.info\/index.php\/2024\/12\/01\/home-exchange-geev-la-consommation-collaborative-antidote-au-black-friday\/"},"modified":"2024-12-01T10:38:34","modified_gmt":"2024-12-01T09:38:34","slug":"home-exchange-geev-la-consommation-collaborative-antidote-au-black-friday","status":"publish","type":"post","link":"https:\/\/monde25.info\/index.php\/2024\/12\/01\/home-exchange-geev-la-consommation-collaborative-antidote-au-black-friday\/","title":{"rendered":"Home Exchange, Geev&#8230; La consommation collaborative, antidote au Black Friday\u00a0?"},"content":{"rendered":"<p> <br \/>\n<\/p>\n<div>\n<p>Le <a target=\"_blank\" href=\"https:\/\/sharefriday.fr\/\" class=\"spip_out\" rel=\"external\">Share Friday<\/a> face au Black Friday. Face \u00e0 la fr\u00e9n\u00e9sie du <i>\u00ab<small class=\"fine d-inline\">\u00a0<\/small>vendredi noir<small class=\"fine d-inline\">\u00a0<\/small>\u00bb<\/i> \u2014 en 2023, <a target=\"_blank\" href=\"https:\/\/enov.fr\/blog\/actus\/flash-conso-black-friday-2023\" class=\"spip_out\" rel=\"external\">2 Fran\u00e7ais sur 3 ont profit\u00e9 de cette journ\u00e9e pour r\u00e9aliser des achats<\/a>, majoritairement aupr\u00e8s des g\u00e9ants de l\u2019e-commerce \u2014 des initiatives plus responsables \u00e9mergent. Parmi elles, le Share Friday\u00a0: <i>\u00ab<small class=\"fine d-inline\">\u00a0<\/small>moins consommer, mieux partager<small class=\"fine d-inline\">\u00a0<\/small>!<small class=\"fine d-inline\">\u00a0<\/small>\u00bb<\/i>, lanc\u00e9e par vingt entreprises de consommation collaborative, dont Home Exchange, Geev et Bene Bono. Partage, \u00e9change, troc, location ou vente d\u2019objets d\u2019occasion\u00a0: l\u2019id\u00e9e est d\u2019\u00e9viter l\u2019achat d\u2019objets neufs.<\/p>\n<p>Mais d\u2019apr\u00e8s Florence Beno\u00eet-Moreau, chercheuse en consommation responsable et ma\u00eetresse de conf\u00e9rences \u00e0 l\u2019Universit\u00e9 Paris-Dauphine, il est n\u00e9cessaire de d\u00e9construire les mythes autour de l\u2019\u00e9conomie collaborative. <i>\u00ab<small class=\"fine d-inline\">\u00a0<\/small>Collaboratif, c\u2019est tr\u00e8s positif, on a l\u2019impression qu\u2019on est dans une soci\u00e9t\u00e9 plus solidaire. Il est crucial de sortir de cette vision id\u00e9alis\u00e9e<small class=\"fine d-inline\">\u00a0<\/small>\u00bb<\/i>, dit-elle \u00e0 <i>Reporterre<\/i>. Elle a r\u00e9alis\u00e9 en 2017 avec B\u00e9atrice Parguel, chercheuse \u00e9galement, une <a target=\"_blank\" href=\"https:\/\/hal.science\/hal-01787244\/document\" class=\"spip_out\" rel=\"external\">\u00e9tude<\/a> sur la consommation collaborative.<\/p>\n<p>Il serait cependant trompeur de consid\u00e9rer l\u2019ensemble de la consommation collaborative comme un bloc homog\u00e8ne. Toutes les initiatives ne se valent pas. <i>\u00ab<small class=\"fine d-inline\">\u00a0<\/small>On y trouve des entreprises qui souhaitent seulement faire du profit\u00a0et d\u2019autres bien intentionn\u00e9es&#8230; qui provoquent tout de m\u00eame des effets rebonds<small class=\"fine d-inline\">\u00a0<\/small>\u00bb<\/i>, avertit la sp\u00e9cialiste de la consommation responsable.<\/p>\n<h2 class=\"spip\">Initiatives vertueuses<\/h2>\n<p>Prenons les dons entre particuliers par exemple, comme propose l\u2019application Geev. Ces derniers s\u2019\u00e9loignent des logiques marchandes. <i>\u00ab<small class=\"fine d-inline\">\u00a0<\/small>Il n\u2019y a pas d\u2019int\u00e9r\u00eat \u00e9conomique \u00e0 donner, seulement psychologique<small class=\"fine d-inline\">\u00a0<\/small>\u00bb,<\/i> explique la chercheuse. D\u2019apr\u00e8s un <a target=\"_blank\" href=\"https:\/\/www.actu-environnement.com\/media\/pdf\/news-28610-consommation-collaborative-2016.pdf\" class=\"spip_out\" rel=\"external\">rapport de l\u2019Ademe<\/a> en 2016 (l\u2019Agence de l\u2019environnement et de la ma\u00eetrise de l\u2019\u00e9nergie), les motivations \u00e9cologiques sont pr\u00e9dominantes uniquement pour les plateformes non lucratives comme celles d\u00e9di\u00e9es au don. <i>\u00ab<small class=\"fine d-inline\">\u00a0<\/small>Notre vocation est le r\u00e9emploi<small class=\"fine d-inline\">\u00a0<\/small>\u00bb<\/i> explique \u00e0 <i>Reporterre<\/i> Carole Fouquet, la directrice marketing de l\u2019application. Pourtant, seulement 30<small class=\"fine d-inline\">\u00a0<\/small>% des dons sur Geev \u00e9vitent l\u2019achat d\u2019un objet neuf, selon cette derni\u00e8re.<\/p>\n<p>Pour les initiatives antigaspillage alimentaire, m\u00eame payantes, le b\u00e9n\u00e9fice est clair. Bene Bono, par exemple, vend des <i>\u00ab<small class=\"fine d-inline\">\u00a0<\/small>bons produits<small class=\"fine d-inline\">\u00a0<\/small>\u00bb<\/i> dont des fruits et l\u00e9gumes invendus \u00e0 prix r\u00e9duit. <i>\u00ab<small class=\"fine d-inline\">\u00a0<\/small>Sur l\u2019alimentaire qui est un bien p\u00e9rissable, l\u2019initiative est toujours vertueuse car l\u2019alternative serait d\u2019avoir perdu le bien<small class=\"fine d-inline\">\u00a0<\/small>\u00bb<\/i>, souligne Florence Beno\u00eet-Moreau.<\/p>\n<p>La location, elle, offre des avantages diff\u00e9rents. Louer un costume de qualit\u00e9 pour un mariage permet de soutenir des fili\u00e8res locales et de r\u00e9duire l\u2019empreinte \u00e9cologique. <i>\u00ab<small class=\"fine d-inline\">\u00a0<\/small>C\u2019est une alternative int\u00e9ressante \u00e0 la possession<small class=\"fine d-inline\">\u00a0<\/small>\u00bb<\/i>, note Florence Beno\u00eet-Moreau. <i>\u00ab<small class=\"fine d-inline\">\u00a0<\/small>La location permet de tester un produit avant de l\u2019acheter, r\u00e9duisant les achats impulsifs et inutiles.<small class=\"fine d-inline\">\u00a0<\/small>\u00bb<\/i><\/p>\n<h2 class=\"spip\">Effets rebond<\/h2>\n<p>Un objet achet\u00e9 d\u2019occasion aurait-il \u00e9t\u00e9 achet\u00e9 neuf sans cette possibilit\u00e9<small class=\"fine d-inline\">\u00a0<\/small>? De m\u00eame, vendre un bien devient-il un pr\u00e9texte pour le remplacer plus rapidement<small class=\"fine d-inline\">\u00a0<\/small>? D\u2019apr\u00e8s Florence Beno\u00eet-Moreau, la consommation collaborative peut renforcer l\u2019envie d\u2019acheter. <i>\u00ab<small class=\"fine d-inline\">\u00a0<\/small>Vous avez une esp\u00e8ce d\u2019opportunit\u00e9, qui est d\u2019avoir un produit en plus, pour vraiment pas cher<small class=\"fine d-inline\">\u00a0<\/small>\u00bb<\/i>, explique-t-elle. <i>\u00ab<small class=\"fine d-inline\">\u00a0<\/small>On peut acheter quatre articles pour le prix d\u2019un, le tout en seulement trois clics, livr\u00e9s chez nous.<small class=\"fine d-inline\">\u00a0<\/small>\u00bb<\/i> Les consommateurs ressentent une satisfaction accrue de poss\u00e9der un nouveau bien, tout en faisant une bonne affaire.<\/p>\n<p><a target=\"_blank\" href=\"https:\/\/reporterre.net\/S-habiller-ecolo-Pas-sur-Vinted\" class=\"lien_lireaussi\"><strong>Lire aussi : <\/strong> <span>S\u2019habiller \u00e9colo<small class=\"fine d-inline\">\u00a0<\/small>? Pas sur Vinted<\/span><\/a><\/p>\n<p><i>\u00ab<small class=\"fine d-inline\">\u00a0<\/small>Les v\u00eatements, notamment, cumulent tous les d\u00e9fauts. On peut les stocker facilement, ils ne demandent pas d\u2019entretien et sont li\u00e9s \u00e0 l\u2019image sociale<small class=\"fine d-inline\">\u00a0<\/small>\u00bb<\/i>, analyse la chercheuse. Ces caract\u00e9ristiques favorisent des comportements compulsifs et aggravent les effets n\u00e9fastes de l\u2019industrie textile, deuxi\u00e8me plus polluante au monde. Le fait de vendre son bien demande un effort (photo, mise en ligne, envoi&#8230;), cela <i>\u00ab<small class=\"fine d-inline\">\u00a0<\/small>aide parfois \u00e0 prendre conscience que l\u2019on g\u00e9n\u00e8re beaucoup, \u00e7a invite \u00e0 une forme d\u2019introspection<small class=\"fine d-inline\">\u00a0<\/small>\u00bb<\/i>, nuance Florence Beno\u00eet-Moreau.<\/p>\n<p>Ce m\u00e9canisme s\u2019accompagne d\u2019un <i>\u00ab<small class=\"fine d-inline\">\u00a0<\/small>effet rebond<small class=\"fine d-inline\">\u00a0<\/small>\u00bb<\/i>\u00a0: les \u00e9conomies r\u00e9alis\u00e9es encouragent souvent d\u2019autres d\u00e9penses. D\u2019autant que ces plateformes provoquent une forme de <i>\u00ab<small class=\"fine d-inline\">\u00a0<\/small>bonne conscience \u00e9cologique<small class=\"fine d-inline\">\u00a0<\/small>\u00bb<\/i> selon la chercheuse. Elles d\u00e9culpabilisent les utilisateurs qui ont le sentiment d\u2019avoir le droit de se faire plaisir.<\/p>\n<blockquote class=\"spip\">\n<p>\u00ab<small class=\"fine d-inline\">\u00a0<\/small>Cela a un effet d\u2019aubaine<small class=\"fine d-inline\">\u00a0<\/small>\u00bb<\/p>\n<\/blockquote>\n<p>Autre exemple\u00a0: l\u2019\u00e9change de maisons entre particuliers, propos\u00e9 par Home Exchange \u2014 l\u2019entreprise \u00e0 l\u2019initiative du Share Friday. <i>\u00ab<small class=\"fine d-inline\">\u00a0<\/small>Cela a un effet d\u2019aubaine car l\u2019\u00e9change de maison ne g\u00e9n\u00e8re aucun co\u00fbt [bien que l\u2019inscription au site ait un prix]. \u00c7a incite \u00e0 multiplier les voyages, ce qui a un impact \u00e9cologique<small class=\"fine d-inline\">\u00a0<\/small>\u00bb<\/i>, explique Florence Beno\u00eet-Moreau. La responsable presse d\u2019Home Exchange France souligne toutefois que <i>\u00ab<small class=\"fine d-inline\">\u00a0<\/small>63<small class=\"fine d-inline\">\u00a0<\/small>% des voyages r\u00e9alis\u00e9s via ces \u00e9changes restent locaux ou nationaux<small class=\"fine d-inline\">\u00a0<\/small>\u00bb<\/i>.<\/p>\n<h2 class=\"spip\">Vers un nouveau rapport aux biens mat\u00e9riels<small class=\"fine d-inline\">\u00a0<\/small>?<\/h2>\n<p>Pour maximiser leurs effets positifs, les plateformes collaboratives doivent, selon Florence Beno\u00eet-Moreau, <i>\u00ab<small class=\"fine d-inline\">\u00a0<\/small>d\u00e9passer la simple d\u00e9culpabilisation et sensibiliser aux cons\u00e9quences environnementales<small class=\"fine d-inline\">\u00a0<\/small>\u00bb<\/i>. Des outils \u00e9ducatifs, comme des compteurs de consommation, pourraient \u00eatre mis en place. Ainsi, comme le propose la chercheuse, les consommatrices et consommateurs pourraient recevoir un message\u00a0: <i>\u00ab<small class=\"fine d-inline\">\u00a0<\/small>Attention, vous avez achet\u00e9 trois paires de chaussures ces derniers temps.<small class=\"fine d-inline\">\u00a0<\/small>\u00bb<\/i><\/p>\n<p>Cependant, ces pratiques ne suffiront pas \u00e0 transformer nos modes de vie, et les politiques doivent prendre le relai. En octobre dernier, la commission des finances de l\u2019Assembl\u00e9e nationale a ainsi adopt\u00e9 un amendement au projet de loi de finances 2025 qui assujettit les locations de type Airbnb au paiement de la <span class=\"caps\">TVA<\/span>. <i>\u00ab<small class=\"fine d-inline\">\u00a0<\/small>Des mesures publiques, comme la taxe appliqu\u00e9e sur AirBnb pour des raisons de concurrence, pourraient \u00eatre mise en place sur les \u00e9changes de maisons notamment, qui entra\u00eenent des d\u00e9placements. Une taxe environnementale pourrait encourager des choix plus r\u00e9fl\u00e9chis<small class=\"fine d-inline\">\u00a0<\/small>\u00bb<\/i>, propose Florence Beno\u00eet-Moreau.<\/p>\n<p class=\"indication_lieu\"><strong><span class=\"caps\">LES<\/span> <span class=\"caps\">RAVAGES<\/span> <span class=\"caps\">DU<\/span> <span class=\"caps\">BLACK<\/span> <span class=\"caps\">FRIDAY<\/span><\/strong><\/p>\n<p>Grand rendez-vous annuel des bonnes affaires, le Black Friday s\u2019impose chaque ann\u00e9e comme un symbole de la surconsommation. En 2022, selon une <a target=\"_blank\" href=\"https:\/\/weee-forum.org\/ws_news\/of-16-billion-mobile-phones-possessed-worldwide-5-3-billion-will-become-waste-in-2022\/\" class=\"spip_out\" rel=\"external\">\u00e9tude<\/a> sur pr\u00e8s de 9\u00a0000 Europ\u00e9ens, les foyers accumulent en moyenne treize appareils \u00e9lectroniques inutilis\u00e9s. Selon un <a target=\"_blank\" href=\"https:\/\/www.sudouest.fr\/economie\/conso-distribution\/black-friday-ventes-en-ligne-bonnes-affaires-budget-que-disent-les-chiffres-en-france-22305915.php\" class=\"spip_out\" rel=\"external\">sondage Ipsos<\/a>pour Le D\u00e9nicheur, les Fran\u00e7ais pr\u00e9voient de d\u00e9penser 233 euros en deux jours (Black Friday et Cyber Monday).<\/p>\n<aside class=\"boite_encarts\">\n<div class=\"encart encart_gris noprint\">\n<p><strong>Il est de retour.<\/strong><\/p>\n<p>Dans quelques semaines, Donald Trump se r\u00e9-installera \u00e0 la Maison Blanche.<\/p>\n<p>Un milliardaire, pour qui le r\u00e9chauffement climatique est \u00ab<small class=\"fine d-inline\">\u00a0<\/small>un canular<small class=\"fine d-inline\">\u00a0<\/small>\u00bb, sera \u00e0 la t\u00eate de la plus grande puissance mondiale.<\/p>\n<p>Dans une d\u00e9cennie cruciale pour l\u2019\u00e9cologie, nous ne pouvons pas nous permettre de perdre plus de temps.<\/p>\n<p>La soci\u00e9t\u00e9 civile doit continuer de se soulever, de se mobiliser et de faire pression sur les puissants.<\/p>\n<p>Mais pour agir, il faut savoir.<\/p>\n<p><strong>Depuis 11 ans, nous publions des articles de qualit\u00e9 sur l\u2019\u00e9cologie, en acc\u00e8s libre et sans publicit\u00e9, pour tous.<\/strong><\/p>\n<p>Nous avons la conviction que l\u2019urgence \u00e9cologique est l\u2019enjeu majeur de notre \u00e9poque.<br class=\"autobr\"\/><br \/>\n Et comme plus de 2 millions de lectrices et lecteurs chaque mois, vous partagez sans doute cette conviction&#8230;<\/p>\n<p>Alors si vous en avez les moyens, sachez qu\u2019un don, m\u00eame d\u20191\u20ac, est un acte de soutien fort pour l\u2019\u00e9cologie et le journalisme ind\u00e9pendant.<br class=\"autobr\"\/><br \/>\n (Et \u00e7a vous prendra moins de temps que la lecture de ce texte).<\/p>\n<p><strong>Si vous le pouvez, choisissez un soutien mensuel. Merci.<\/strong><\/p>\n<p><a target=\"_blank\" href=\"https:\/\/reporterre.net\/dons\" class=\"bt_soutenir\">Je soutiens <i>Reporterre<\/i><\/a><\/p>\n<\/p><\/div>\n<div class=\"encart encart_vert noprint montre_1023\">\n<div class=\"infolettre-form-container noprint\">\n<p>Abonnez-vous \u00e0 la lettre d\u2019info de Reporterre<\/p>\n<\/div><\/div>\n<\/aside>\n<aside class=\"boite_apresarticle encart_note\">\n<h4>Apr\u00e8s cet article<\/h4>\n<p>      <a target=\"_blank\" href=\"https:\/\/reporterre.net\/132-litres-d-eau-pour-une-tasse-de-cafe-Nos-besoins-sont-excessifs\" class=\"lien_article\">\n      <picture class=\"vignette_gauche\"><source type=\"image\/webp\" srcset=\"https:\/\/reporterre.net\/local\/cache-gd2\/f2\/1b8154511f034a140d310d6ce8ef13.jpg@.webp?1730134189\"><img decoding=\"async\" src=\"https:\/\/reporterre.net\/local\/cache-gd2\/f2\/1b8154511f034a140d310d6ce8ef13.jpg?1730134189\" width=\"450\" height=\"300\" alt=\"\" class=\"marge12\" loading=\"lazy\"\/><br \/>\n<\/source><\/picture>\n<p class=\"libelle\">\n<p>          Entretien \u2014<\/p>\n<p>      Eau et rivi\u00e8res\n    <\/p>\n<p class=\"titre pol20\">132 litres d\u2019eau pour une tasse de caf\u00e9\u00a0: \u00ab<small class=\"fine d-inline\">\u00a0<\/small>Nos besoins sont excessifs<small class=\"fine d-inline\">\u00a0<\/small>\u00bb<\/p>\n<p>      <\/a><br \/>\n    <\/aside>\n<aside class=\"boite_complement texte\">\n<p>      <!-- zone_forum --><br \/>\n          <\/aside>\n<aside class=\"boite_lireaussi noprint\">\n<\/aside>\n<aside class=\"colonne\">\n<div class=\"article_info cache_1023 noprint\">\n<p>    <span class=\"date\">29 novembre 2024  \u00e0 09h30<\/span><\/p>\n<p>    <span class=\"date_modif\">Mis \u00e0 jour le 30 novembre 2024 \u00e0 09h22<\/span>      <\/p>\n<p class=\"duree_lecture\">\n        Dur\u00e9e de lecture : 5 minutes\n      <\/p>\n<\/p><\/div>\n<div class=\"bloc_infolettre\">\n<div class=\"infolettre-form-container noprint\">\n<p>Abonnez-vous \u00e0 la lettre d\u2019info de Reporterre<\/p>\n<\/div><\/div>\n<\/aside>\n<div id=\"galerie\">\n  <img decoding=\"async\" src=\"\" class=\"principale\" id=\"principale\"\/><\/p>\n<p id=\"legende\">legende<\/p>\n<\/div>\n<footer class=\"noprint\">\n<\/footer>\n<\/div>\n<p><br \/>\n<br \/><a href=\"https:\/\/reporterre.net\/Home-Exchange-Geev-La-consommation-collaborative-antidote-au-Black-Friday\" target=\"_blank\"\">Source link <\/a><\/p>\n","protected":false},"excerpt":{"rendered":"<p>Le Share Friday face au Black Friday. Face \u00e0 la fr\u00e9n\u00e9sie du \u00ab\u00a0vendredi noir\u00a0\u00bb \u2014 en 2023, 2 Fran\u00e7ais sur 3 ont profit\u00e9 de cette journ\u00e9e pour r\u00e9aliser des achats,&hellip; <\/p>\n","protected":false},"author":1,"featured_media":1289,"comment_status":"open","ping_status":"open","sticky":false,"template":"","format":"standard","meta":{"footnotes":""},"categories":[1],"tags":[],"class_list":["post-1288","post","type-post","status-publish","format-standard","has-post-thumbnail","hentry","category-non-classe"],"_links":{"self":[{"href":"https:\/\/monde25.info\/index.php\/wp-json\/wp\/v2\/posts\/1288","targetHints":{"allow":["GET"]}}],"collection":[{"href":"https:\/\/monde25.info\/index.php\/wp-json\/wp\/v2\/posts"}],"about":[{"href":"https:\/\/monde25.info\/index.php\/wp-json\/wp\/v2\/types\/post"}],"author":[{"embeddable":true,"href":"https:\/\/monde25.info\/index.php\/wp-json\/wp\/v2\/users\/1"}],"replies":[{"embeddable":true,"href":"https:\/\/monde25.info\/index.php\/wp-json\/wp\/v2\/comments?post=1288"}],"version-history":[{"count":0,"href":"https:\/\/monde25.info\/index.php\/wp-json\/wp\/v2\/posts\/1288\/revisions"}],"wp:featuredmedia":[{"embeddable":true,"href":"https:\/\/monde25.info\/index.php\/wp-json\/wp\/v2\/media\/1289"}],"wp:attachment":[{"href":"https:\/\/monde25.info\/index.php\/wp-json\/wp\/v2\/media?parent=1288"}],"wp:term":[{"taxonomy":"category","embeddable":true,"href":"https:\/\/monde25.info\/index.php\/wp-json\/wp\/v2\/categories?post=1288"},{"taxonomy":"post_tag","embeddable":true,"href":"https:\/\/monde25.info\/index.php\/wp-json\/wp\/v2\/tags?post=1288"}],"curies":[{"name":"wp","href":"https:\/\/api.w.org\/{rel}","templated":true}]}}