{"id":129,"date":"2024-11-15T00:32:55","date_gmt":"2024-11-14T23:32:55","guid":{"rendered":"https:\/\/monde25.info\/index.php\/2024\/11\/15\/bachar-al-assad-les-pays-arabes-sont-complices-du-genocide-a-gaza\/"},"modified":"2024-11-15T00:32:55","modified_gmt":"2024-11-14T23:32:55","slug":"bachar-al-assad-les-pays-arabes-sont-complices-du-genocide-a-gaza","status":"publish","type":"post","link":"https:\/\/monde25.info\/index.php\/2024\/11\/15\/bachar-al-assad-les-pays-arabes-sont-complices-du-genocide-a-gaza\/","title":{"rendered":"Bachar al-Assad : les pays arabes sont complices du g\u00e9nocide \u00e0 Gaza"},"content":{"rendered":"<p> <br \/>\n<\/p>\n<div>\n<h4 class=\"wp-block-heading\">Discours int\u00e9gral du Pr\u00e9sident de la R\u00e9publique Arabe Syrienne, Bachar al-Assad, le 11 novembre 2024.<\/h4>\n<p><em>Prononc\u00e9 lors du Sommet extraordinaire arabe et islamique qui s\u2019est tenu \u00e0 Riyad pour discuter des r\u00e9percussions de l\u2019agression isra\u00e9lienne continue sur les territoires palestiniens et le Liban et des d\u00e9veloppements dans la r\u00e9gion.<\/em><\/p>\n<p><strong>Bachar al-Assad<\/strong> : Son Altesse le Prince Mohammed bin Salman, Prince h\u00e9ritier du Royaume d\u2019Arabie saoudite, Altesses, Majest\u00e9s et Excellences,<\/p>\n<p>Je n\u2019aborderai pas les droits inali\u00e9nables et historiques des Palestiniens ni la n\u00e9cessit\u00e9 imp\u00e9rative de les d\u00e9fendre fermement, ni la r\u00e9silience des peuples libanais et palestinien et notre devoir de les soutenir urgemment et imm\u00e9diatement, ni la l\u00e9gitimit\u00e9 de leur r\u00e9sistance dans chacun des deux pays, qui incarne honneur, dignit\u00e9 et noblesse, par les accomplissements et sacrifices r\u00e9alis\u00e9s par ses dirigeants int\u00e8gres et ses combattants courageux. Je ne parlerai pas non plus de la brutalit\u00e9 nazie des occupants sionistes, de leurs crimes, de leur entit\u00e9 factice, ni de la transformation du soutien occidental en un partenariat direct et affich\u00e9 avec les crimes de ce r\u00e9gime, car cela n\u2019ajoutera rien \u00e0 ce que savent d\u00e9j\u00e0 la majorit\u00e9 des Arabes, des musulmans, et m\u00eame bien d\u2019autres \u00e0 travers le monde aujourd\u2019hui.<\/p>\n<p>Quant \u00e0 notre sommet : il y a un an, nous nous sommes r\u00e9unis pour commenter, exprimer notre condamnation et notre indignation, mais depuis un an, le crime continue. Sommes-nous ici pour \u00e9voquer le pass\u00e9 r\u00e9volu et ses \u00e9v\u00e9nements, ou bien pour infl\u00e9chir le cours de l\u2019avenir et son horizon ? L\u2019an dernier, nous avons insist\u00e9 sur la fin de l\u2019agression et la protection des Palestiniens, mais le r\u00e9sultat un an apr\u00e8s est des dizaines de milliers de martyrs et des millions de d\u00e9plac\u00e9s en Palestine et au Liban. En 2002, le monde arabe a propos\u00e9 une initiative de paix ; la r\u00e9ponse fut davantage de massacres contre les Palestiniens.<\/p>\n<p>En 1991, nous avons, en tant qu\u2019Arabes, d\u00e9cid\u00e9 de jouer le jeu de la (pr\u00e9tendue) \u00abbonne volont\u00e9\u00bb am\u00e9ricaine en participant au processus de paix de Madrid. Pourtant, notre paix a \u00e9t\u00e9 d\u00e9tourn\u00e9e en une excuse pour leurs guerres et une l\u00e9gitimation de leurs colonies, ce qui ne r\u00e9v\u00e8le pas une erreur de vision mais plut\u00f4t une incapacit\u00e9 \u00e0 pr\u00e9parer des outils ad\u00e9quats : notre outil est le langage, le leur est le meurtre. Nous parlons, ils agissent ; nous offrons la paix, et nous r\u00e9coltons le sang.<\/p>\n<p>Conserver les r\u00e9sultats actuels exige de maintenir les m\u00eames moyens ; cependant, modifier ces r\u00e9sultats \u2014 ce que nous visons tous \u2014 suppose de remplacer les moyens et m\u00e9canismes que nous n\u2019avons cess\u00e9 d\u2019utiliser, et qui n\u2019ont cess\u00e9 de d\u00e9montrer leur caract\u00e8re obsol\u00e8te et inefficace. Si nous nous entendons sur les principes avanc\u00e9s, comment les transformer en actions et r\u00e9sultats concrets ? Nous devons pour cela fixer des objectifs clairs, d\u00e9finir les r\u00e9sultats escompt\u00e9s, choisir les outils \u00e0 notre disposition n\u00e9cessaires pour les atteindre, et d\u00e9finir la partie cibl\u00e9e par ces mesures pour passer des intentions aux actes, des projets aux r\u00e9alisations, des d\u00e9clarations aux r\u00e9alit\u00e9s.<\/p>\n<p>Certes, les droits du peuple palestinien nous semblent \u00e0 tous l\u2019objectif \u00e9vident auquel nous devons \u0153uvrer, mais quelle est la valeur de ces droits dans leur ensemble si les Palestiniens ne jouissent m\u00eame pas le droit le plus fondamental d\u2019entre eux, \u00e0 savoir le droit \u00e0 la vie ? Quelle valeur peut avoir n\u2019importe quel droit accord\u00e9 o\u00f9 que ce soit dans le monde, dans quelque domaine que ce soit, \u00e0 des cadavres ? S\u2019il est important de revendiquer tous les droits l\u00e9gitimes, la priorit\u00e9 imm\u00e9diate doit \u00eatre de stopper les massacres, l\u2019extermination et le nettoyage ethnique. Quant aux moyens, j\u2019estime que nous les poss\u00e9dons collectivement \u2014 aux niveaux populaire et officiel, entre pays Arabes et musulmans, au niveau des \u00c9tats et des peuples. Ce qu\u2019il nous faut, c\u2019est la d\u00e9cision de les utiliser si l\u2019entit\u00e9 refuse de se conformer \u00e0 ce qui a \u00e9t\u00e9 \u00e9nonc\u00e9 dans la d\u00e9claration et convenu, et un tel refus est ce \u00e0 quoi nous nous attendons. Il faudra alors \u00e9valuer nos options : allons-nous nous indigner encore ? Condamner ? Faire appel \u00e0 la communaut\u00e9 internationale ? Ou allons-nous recourir \u00e0 la rupture des liens (diplomatiques et\/ou \u00e9conomiques), ce qui est le strict minimum ? Quel est notre plan d\u2019actions concr\u00e8tes ?<\/p>\n<p>Sans cela, cette extermination continuera, et nous en deviendrons des complices indirects. Nous ne faisons pas face \u00e0 un \u00c9tat au sens juridique du terme, mais \u00e0 une entit\u00e9 coloniale hors-la-loi ; nous ne faisons pas face \u00e0 un peuple au sens civilisationnel du terme, mais \u00e0 des gangs de colons plus proches de la barbarie que de l\u2019humanit\u00e9.<\/p>\n<p>Dire que le probl\u00e8me r\u00e9side dans ce gouvernement extr\u00e9miste et irrationnel ou dans un peuple traumatis\u00e9 par les \u00e9v\u00e9nements du 7 octobre dernier est incorrect. Tous \u0153uvrent avec une mentalit\u00e9 et une id\u00e9ologie communes, malade de violence sanguinaire, malade d\u2019une illusion de sup\u00e9riorit\u00e9 (raciale), d\u00e9chir\u00e9e entre une haine apparente du nazisme et une adoration (\u00e0 ses tenants et aboutissants) int\u00e9gr\u00e9e en elle-m\u00eame.<\/p>\n<p>Telles sont les cibles de notre r\u00e9union d\u2019aujourd\u2019hui, telles sont les v\u00e9ritables questions, et les questions dictent les moyens ; les moyens, eux, sont la cl\u00e9 de la r\u00e9ussite. C\u2019est l\u00e0 l\u2019essence de notre rencontre aujourd\u2019hui, et j\u2019esp\u00e8re qu\u2019elle sera couronn\u00e9e de succ\u00e8s et que nous prendrons les bonnes d\u00e9cisions, pour \u00e9viter de s\u2019adresser \u00e0 des voleurs avec le langage de la loi, \u00e0 des criminels avec celui de la morale, et \u00e0 des bourreaux avec celui de l\u2019humanit\u00e9. Que nos bonnes intentions ne soient pas une fois de plus le point de d\u00e9part et l\u2019encouragement \u00e0 de nouvelles morts inflig\u00e9es aux peuples palestinien et libanais, qui paient le prix des bonnes intentions et de m\u00e9canismes absents depuis des d\u00e9cennies\u2026<\/p>\n<p>Que la paix soit sur vous.<\/p>\n<p>s<em>ource :<\/em> <a target=\"_blank\" href=\"https:\/\/pministry.gov.sy\/contents\/30504\/%D8%A7%D9%84%D9%86%D8%B5-%D8%A7%D9%84%D9%83%D8%A7%D9%85%D9%84-%D9%84%D9%83%D9%84%D9%85%D8%A9-%D8%A7%D9%84%D8%B1%D8%A6%D9%8A%D8%B3-%D8%A7%D9%84%D8%A3%D8%B3%D8%AF-%D8%AE%D9%84%D8%A7%D9%84-%D8%A7%D9%84%D9%82%D9%85%D8%A9-%D8%A7%D9%84%D8%B9%D8%B1%D8%A8%D9%8A%D8%A9-%D9%88%D8%A7%D9%84%D8%A5%D8%B3%D9%84%D8%A7%D9%85%D9%8A%D8%A9-%D8%BA%D9%8A%D8%B1-%D8%A7%D9%84%D8%B9%D8%A7%D8%AF%D9%8A%D8%A9-\" target=\"_blank\" rel=\"noopener\" title=\"\"><em>Conseil des ministres de la R\u00e9publique Arabe Syrienne<\/em><\/a><\/p>\n<p>via  <a target=\"_blank\" href=\"https:\/\/lecridespeuples.fr\/2024\/11\/13\/bachar-al-assad-les-pays-arabes-sont-complices-du-genocide-a-gaza\/\" target=\"_blank\" rel=\"noopener\" title=\"Le Cri des Peuples\">Le Cri des Peuples<\/a><\/p>\n<div class=\"sharedaddy sd-block sd-like jetpack-likes-widget-wrapper jetpack-likes-widget-unloaded\" id=\"like-post-wrapper-237719536-431238-67366d9397026\" data-src=\"https:\/\/widgets.wp.com\/likes\/?ver=14.0#blog_id=237719536&amp;post_id=431238&amp;origin=reseauinternational.net&amp;obj_id=237719536-431238-67366d9397026&amp;n=1\" data-name=\"like-post-frame-237719536-431238-67366d9397026\" data-title=\"Aimer ou rebloguer\">\n<h3 class=\"sd-title\">J\u2019aime \u00e7a\u00a0:<\/h3>\n<p><span class=\"button\"><span>J\u2019aime<\/span><\/span> <span class=\"loading\">chargement\u2026<\/span><\/p>\n<p><span class=\"sd-text-color\"\/><a target=\"_blank\" class=\"sd-link-color\"\/><\/div>\n<p><meta itemscope=\"\" itemprop=\"mainEntityOfPage\" itemtype=\"https:\/\/schema.org\/WebPage\" itemid=\"https:\/\/reseauinternational.net\/bachar-al-assad-les-pays-arabes-sont-complices-du-genocide-a-gaza\/\"\/><meta itemprop=\"headline\" content=\"Bachar al-Assad : les pays arabes sont complices du g\u00e9nocide \u00e0 Gaza\"\/><span style=\"display: none;\" itemprop=\"author\" itemscope=\"\" itemtype=\"https:\/\/schema.org\/Person\"><meta itemprop=\"name\" content=\"R\u00e9seau International\"\/><\/span><span style=\"display: none;\" itemprop=\"image\" itemscope=\"\" itemtype=\"https:\/\/schema.org\/ImageObject\"><meta itemprop=\"url\" content=\"https:\/\/i0.wp.com\/reseauinternational.net\/wp-content\/uploads\/2024\/11\/Bachar-al-Assad-20241114.jpg?fit=800%2C467&amp;ssl=1\"\/><meta itemprop=\"width\" content=\"800\"\/><meta itemprop=\"height\" content=\"467\"\/><\/span><span style=\"display: none;\" itemprop=\"publisher\" itemscope=\"\" itemtype=\"https:\/\/schema.org\/Organization\"><span style=\"display: none;\" itemprop=\"logo\" itemscope=\"\" itemtype=\"https:\/\/schema.org\/ImageObject\"><meta itemprop=\"url\" content=\"https:\/\/reseauinternational.net\/wp-content\/uploads\/2022\/06\/Capture-de\u0301cran-2022-06-14-a\u0300-16.51.07.png\"\/><\/span><meta itemprop=\"name\" content=\"R\u00e9seau International\"\/><\/span><meta itemprop=\"datePublished\" content=\"2024-11-14T14:12:16+00:00\"\/><meta itemprop=\"dateModified\" content=\"2024-11-14T14:12:34+00:00\"\/><\/div>\n<p><br \/>\n<br \/><a href=\"https:\/\/reseauinternational.net\/bachar-al-assad-les-pays-arabes-sont-complices-du-genocide-a-gaza\/\" target=\"_blank\"\">Source link <\/a><\/p>\n","protected":false},"excerpt":{"rendered":"<p>Discours int\u00e9gral du Pr\u00e9sident de la R\u00e9publique Arabe Syrienne, Bachar al-Assad, le 11 novembre 2024. Prononc\u00e9 lors du Sommet extraordinaire arabe et islamique qui s\u2019est tenu \u00e0 Riyad pour discuter&hellip; <\/p>\n","protected":false},"author":1,"featured_media":130,"comment_status":"open","ping_status":"open","sticky":false,"template":"","format":"standard","meta":{"footnotes":""},"categories":[1],"tags":[],"class_list":["post-129","post","type-post","status-publish","format-standard","has-post-thumbnail","hentry","category-non-classe"],"_links":{"self":[{"href":"https:\/\/monde25.info\/index.php\/wp-json\/wp\/v2\/posts\/129","targetHints":{"allow":["GET"]}}],"collection":[{"href":"https:\/\/monde25.info\/index.php\/wp-json\/wp\/v2\/posts"}],"about":[{"href":"https:\/\/monde25.info\/index.php\/wp-json\/wp\/v2\/types\/post"}],"author":[{"embeddable":true,"href":"https:\/\/monde25.info\/index.php\/wp-json\/wp\/v2\/users\/1"}],"replies":[{"embeddable":true,"href":"https:\/\/monde25.info\/index.php\/wp-json\/wp\/v2\/comments?post=129"}],"version-history":[{"count":0,"href":"https:\/\/monde25.info\/index.php\/wp-json\/wp\/v2\/posts\/129\/revisions"}],"wp:featuredmedia":[{"embeddable":true,"href":"https:\/\/monde25.info\/index.php\/wp-json\/wp\/v2\/media\/130"}],"wp:attachment":[{"href":"https:\/\/monde25.info\/index.php\/wp-json\/wp\/v2\/media?parent=129"}],"wp:term":[{"taxonomy":"category","embeddable":true,"href":"https:\/\/monde25.info\/index.php\/wp-json\/wp\/v2\/categories?post=129"},{"taxonomy":"post_tag","embeddable":true,"href":"https:\/\/monde25.info\/index.php\/wp-json\/wp\/v2\/tags?post=129"}],"curies":[{"name":"wp","href":"https:\/\/api.w.org\/{rel}","templated":true}]}}