{"id":1296,"date":"2024-12-01T13:25:00","date_gmt":"2024-12-01T12:25:00","guid":{"rendered":"https:\/\/monde25.info\/index.php\/2024\/12\/01\/lesprit-critique-cinema-ombres-chinoises-et-courses-camarguaises\/"},"modified":"2024-12-01T13:25:00","modified_gmt":"2024-12-01T12:25:00","slug":"lesprit-critique-cinema-ombres-chinoises-et-courses-camarguaises","status":"publish","type":"post","link":"https:\/\/monde25.info\/index.php\/2024\/12\/01\/lesprit-critique-cinema-ombres-chinoises-et-courses-camarguaises\/","title":{"rendered":"\u00ab\u00a0L\u2019esprit critique\u00a0\u00bb cin\u00e9ma\u00a0: ombres chinoises et courses camarguaises"},"content":{"rendered":"<p> <br \/>\n<\/p>\n<div>\n<p>\u00c0 travers trois films confiants dans la capacit\u00e9 du cin\u00e9ma de donner \u00e0 voir l\u2019invisible, en r\u00e9activant le pouvoir d\u2019illusion de l\u2019enfance du 7<sup>e<\/sup> art ou en explorant les possibilit\u00e9s du cin\u00e9ma fantastique, \u00ab\u00a0L\u2019esprit critique\u00a0\u00bb sonde aujourd\u2019hui des mondes disparus, refoul\u00e9s ou m\u00e9connus, pour ressusciter les paysages, les morts ou les terreurs dont ils sont porteurs.<\/p>\n<p>On \u00e9voque successivement <i>Grand Tour<\/i>, le nouveau voyage du r\u00e9alisateur-conteur portugais Miguel Gomes, et les films de deux r\u00e9alisatrices franco-alg\u00e9riennes, <i>Animale <\/i>d\u2019Emma Benestan, qui nous emm\u00e8ne dans l\u2019univers \u00e0 la fois documentaire et surnaturel des courses camarguaises, et <i>Les Temp\u00eates<\/i>, premier long m\u00e9trage de Dania Reymond-Boughenou, dans lequel des vents de sable jaune ressuscitent les morts et enfouissent les vivants.<\/p>\n<h2 class=\"subheading-bullet-point subheading-bullet-point subheading-bullet-point subheading-bullet-point subheading-bullet-point subheading-bullet-point subheading-bullet-point subheading-bullet-point subheading-bullet-point subheading-bullet-point subheading-bullet-point subheading-bullet-point subheading-bullet-point subheading-bullet-point subheading-bullet-point subheading-bullet-point subheading-bullet-point subheading-bullet-point subheading-bullet-point subheading-bullet-point subheading-bullet-point\" data-mediapart-role=\"subheading-bullet-point\">\u00ab\u00a0<b>Grand Tour \u00a0<\/b>\u00bb<b>\u00a0<\/b><\/h2>\n<p>Le r\u00e9alisateur portugais Miguel Gomes, dont chaque film est attendu avec impatience par les cin\u00e9philes depuis son long m\u00e9trage<i> Tabou<\/i> sorti au d\u00e9but des ann\u00e9es 2010, propose aujourd\u2019hui un nouveau voyage cin\u00e9matographique, historique et po\u00e9tique, intitul\u00e9 <i>Grand Tour<\/i>.<\/p>\n<p><i>Grand Tour <\/i>d\u00e9marre en 1918, dans la Birmanie coloniale, lorsqu\u2019Edward, fonctionnaire de la Couronne anglaise, fuit la ville o\u00f9 il devait se marier avec sa fianc\u00e9e Molly. Celle-ci, convaincue qu\u2019il est l\u2019homme de sa vie, part \u00e0 sa poursuite, en traversant diff\u00e9rents pays d\u2019Asie et en suivant ainsi le \u00ab\u00a0Grand Tour\u00a0\u00bb entrepris par nombre de voyageurs et voyageuses britanniques allant de l\u2019Inde \u00e0 la Chine et au Japon, en passant par la Birmanie ou Singapour.<\/p>\n<p>Mais le \u00ab\u00a0Grand Tour\u00a0\u00bb que nous propose Miguel Gomes n\u2019est pas seulement g\u00e9ographique, il est aussi un voyage \u00e0 l\u2019int\u00e9rieur du cin\u00e9ma lui-m\u00eame, depuis les images mouvantes des th\u00e9\u00e2tres forains qui existaient avant l\u2019invention des fr\u00e8res Lumi\u00e8re jusqu\u2019aux genres du m\u00e9lodrame et de la <i>screwball comedy<\/i> ou \u00ab\u00a0com\u00e9die loufoque\u00a0\u00bb hollywoodienne, avec lesquels le film ne cesse de dialoguer. Le film a obtenu le prix de la mise en sc\u00e8ne au dernier Festival de Cannes et est en salles depuis mercredi 27 novembre.<\/p>\n<figure class=\"media--rich\">\n<p>                <iframe loading=\"lazy\" src=\"https:\/\/embed.acast.com\/614194782527ca001245049a\/6749d8edd67d53d9b3985972\" frameborder=\"0\" width=\"100%\" height=\"190px\"><\/iframe>            <\/p>\n<\/figure>\n<h2 class=\"subheading-bullet-point subheading-bullet-point subheading-bullet-point subheading-bullet-point subheading-bullet-point subheading-bullet-point subheading-bullet-point subheading-bullet-point subheading-bullet-point subheading-bullet-point subheading-bullet-point subheading-bullet-point subheading-bullet-point subheading-bullet-point subheading-bullet-point subheading-bullet-point subheading-bullet-point subheading-bullet-point subheading-bullet-point subheading-bullet-point subheading-bullet-point\" data-mediapart-role=\"subheading-bullet-point\">\u00ab\u00a0<b>Animale\u00a0<\/b>\u00bb<b>\u00a0<\/b><\/h2>\n<p>Le premier long m\u00e9trage de l\u2019actrice, monteuse et r\u00e9alisatrice Emma Benestan, <i>Fragile<\/i>,<i> <\/i>se d\u00e9roulait \u00e0 S\u00e8te. <i>Animale <\/i>se d\u00e9place \u00e0 quelques kilom\u00e8tres de l\u00e0, dans les paysages de Camargue, dans le monde des \u00ab\u00a0gardians\u00a0\u00bb, des \u00e9leveurs de taureaux, et des \u00ab razeteurs\u00a0\u00bb, \u00e0 pied et sans protection, dont le but est de d\u00e9crocher une cocarde accroch\u00e9e sur les cornes du taureau. \u00a0<\/p>\n<p>Dans cet univers tr\u00e8s masculin, Nejma, incarn\u00e9e par Oulaya Amamra, tente de remporter la prochaine course camarguaise, en d\u00e9pit des inqui\u00e9tudes de sa m\u00e8re, qui craint qu\u2019un coup de corne mal plac\u00e9 l\u2019emp\u00eache d\u2019avoir des enfants, et en d\u00e9pit aussi des ph\u00e9nom\u00e8nes surnaturels qui s\u2019emparent de son corps tandis que d\u2019autres corps d\u00e9chiquet\u00e9s, attribu\u00e9s \u00e0 un taureau enrag\u00e9, sont d\u00e9couverts dans la r\u00e9gion\u2026 Le film a \u00e9t\u00e9 pr\u00e9sent\u00e9 en cl\u00f4ture de la Semaine de la critique au dernier Festival de Cannes et est en salles depuis mercredi 27 novembre.\u00a0<\/p>\n<figure class=\"media--rich\">\n<p>                <iframe loading=\"lazy\" src=\"https:\/\/embed.acast.com\/614194782527ca001245049a\/6749e4b21c6967d814677e86\" frameborder=\"0\" width=\"100%\" height=\"190px\"><\/iframe>            <\/p>\n<\/figure>\n<h2 class=\"subheading-bullet-point subheading-bullet-point subheading-bullet-point subheading-bullet-point subheading-bullet-point subheading-bullet-point subheading-bullet-point subheading-bullet-point subheading-bullet-point subheading-bullet-point subheading-bullet-point subheading-bullet-point subheading-bullet-point subheading-bullet-point subheading-bullet-point subheading-bullet-point subheading-bullet-point subheading-bullet-point subheading-bullet-point subheading-bullet-point subheading-bullet-point\" data-mediapart-role=\"subheading-bullet-point\">\u00ab\u00a0<b>Les Temp\u00eates\u00a0<\/b>\u00bb<b>\u00a0<\/b><\/h2>\n<p><i>Les Temp\u00eates<\/i> est le titre du premier long m\u00e9trage de la Franco-Alg\u00e9rienne Dania Reymond-Boughenou, n\u00e9e \u00e0 Alger en 1982, et arriv\u00e9e en France en 1994, pendant la d\u00e9cennie noire, faite de terrorisme islamiste et de r\u00e9pression militaire, qui a frapp\u00e9 son pays d\u2019origine en faisant des dizaines de milliers de victimes.<\/p>\n<p>M\u00eame si l\u2019Alg\u00e9rie n\u2019est jamais nomm\u00e9e dans ce film tourn\u00e9 au Maroc, faute d\u2019accord des autorit\u00e9s alg\u00e9riennes, c\u2019est bien cette d\u00e9cennie noire qui hante un film choisissant de passer par le fantastique pour raconter comment les morts refoul\u00e9s peuvent faire retour, tr\u00e8s litt\u00e9ralement, dans le monde des vivants, comme s\u2019ils s\u2019\u00e9taient simplement absent\u00e9s pour un long voyage.<\/p>\n<p>Ce retour des morts, \u00e0 l\u2019image de Cam\u00e9lia Jordana qui incarne l\u2019\u00e9pouse du personnage principal du film jouant lui-m\u00eame un journaliste d\u2019investigation, profite d\u2019une \u00e9trange poussi\u00e8re jaune.<\/p>\n<p>Celle-ci recouvre les champs et investit les villes, jusqu\u2019\u00e0 les engloutir en donnant \u00e0 la fois le ton, la couleur et la mati\u00e8re granuleuse d\u2019un film \u00e0 la fois post-traumatique et pr\u00e9-apocalyptique.<\/p>\n<p>Le film est<b> <\/b>en salles depuis le 20 novembre dernier.<\/p>\n<figure class=\"media--rich\">\n<p>                <iframe loading=\"lazy\" src=\"https:\/\/embed.acast.com\/614194782527ca001245049a\/6749e73fd67d53d9b39c32d0\" frameborder=\"0\" width=\"100%\" height=\"190px\"><\/iframe>            <\/p>\n<\/figure>\n<p>Avec\u00a0:<\/p>\n<ul>\n<li><b>Alice Leroy<\/b>, qui \u00e9crit pour les <i>Cahiers du cin\u00e9ma<\/i> et <i>Panth\u00e8re Premi\u00e8re\u00a0<\/i>;<\/li>\n<li><b>Salima Tenfiche<\/b>, ma\u00eetresse de conf\u00e9rences \u00e0 l\u2019universit\u00e9 Sorbonne Nouvelle\u00a0;<\/li>\n<li><b>Rapha\u00ebl Nieuwjaer<\/b>, qui \u00e9crit \u00e0 la fois pour les <i>Cahiers du cin\u00e9ma<\/i> et la revue<i> \u00c9tudes<\/i>.<\/li>\n<\/ul>\n<p>\u00ab\u00a0L\u2019esprit critique\u00a0\u00bb est un podcast r\u00e9alis\u00e9 par Karen Beun.<\/p>\n<\/p><\/div>\n<p><br \/>\n<br \/><a href=\"https:\/\/www.mediapart.fr\/journal\/culture-et-idees\/011224\/l-esprit-critique-cinema-ombres-chinoises-et-courses-camarguaises\" target=\"_blank\"\">Source link <\/a><\/p>\n","protected":false},"excerpt":{"rendered":"<p>\u00c0 travers trois films confiants dans la capacit\u00e9 du cin\u00e9ma de donner \u00e0 voir l\u2019invisible, en r\u00e9activant le pouvoir d\u2019illusion de l\u2019enfance du 7e art ou en explorant les possibilit\u00e9s&hellip; <\/p>\n","protected":false},"author":1,"featured_media":1297,"comment_status":"open","ping_status":"open","sticky":false,"template":"","format":"standard","meta":{"footnotes":""},"categories":[1],"tags":[],"class_list":["post-1296","post","type-post","status-publish","format-standard","has-post-thumbnail","hentry","category-non-classe"],"_links":{"self":[{"href":"https:\/\/monde25.info\/index.php\/wp-json\/wp\/v2\/posts\/1296","targetHints":{"allow":["GET"]}}],"collection":[{"href":"https:\/\/monde25.info\/index.php\/wp-json\/wp\/v2\/posts"}],"about":[{"href":"https:\/\/monde25.info\/index.php\/wp-json\/wp\/v2\/types\/post"}],"author":[{"embeddable":true,"href":"https:\/\/monde25.info\/index.php\/wp-json\/wp\/v2\/users\/1"}],"replies":[{"embeddable":true,"href":"https:\/\/monde25.info\/index.php\/wp-json\/wp\/v2\/comments?post=1296"}],"version-history":[{"count":0,"href":"https:\/\/monde25.info\/index.php\/wp-json\/wp\/v2\/posts\/1296\/revisions"}],"wp:featuredmedia":[{"embeddable":true,"href":"https:\/\/monde25.info\/index.php\/wp-json\/wp\/v2\/media\/1297"}],"wp:attachment":[{"href":"https:\/\/monde25.info\/index.php\/wp-json\/wp\/v2\/media?parent=1296"}],"wp:term":[{"taxonomy":"category","embeddable":true,"href":"https:\/\/monde25.info\/index.php\/wp-json\/wp\/v2\/categories?post=1296"},{"taxonomy":"post_tag","embeddable":true,"href":"https:\/\/monde25.info\/index.php\/wp-json\/wp\/v2\/tags?post=1296"}],"curies":[{"name":"wp","href":"https:\/\/api.w.org\/{rel}","templated":true}]}}