{"id":1300,"date":"2024-12-01T14:32:09","date_gmt":"2024-12-01T13:32:09","guid":{"rendered":"https:\/\/monde25.info\/index.php\/2024\/12\/01\/les-multinationales-achetent-a-bas-prix-leurope-les-moutons-enrages\/"},"modified":"2024-12-01T14:32:09","modified_gmt":"2024-12-01T13:32:09","slug":"les-multinationales-achetent-a-bas-prix-leurope-les-moutons-enrages","status":"publish","type":"post","link":"https:\/\/monde25.info\/index.php\/2024\/12\/01\/les-multinationales-achetent-a-bas-prix-leurope-les-moutons-enrages\/","title":{"rendered":"Les multinationales ach\u00e8tent \u00e0 bas prix l\u2019Europe \u2013 Les moutons enrag\u00e9s"},"content":{"rendered":"<p> <br \/>\n<\/p>\n<div>\n<p>Par Philippe Rosenthal pour <a target=\"_blank\" href=\"https:\/\/www.observateurcontinental.fr\/?module=articles&amp;action=view&amp;id=6513\" data-type=\"link\" data-id=\"https:\/\/www.observateurcontinental.fr\/?module=articles&amp;action=view&amp;id=6513\">Observateur-Continental<\/a><\/p>\n<div class=\"wp-block-image\">\n<figure class=\"aligncenter size-large is-resized\"><img fetchpriority=\"high\" decoding=\"async\" width=\"412\" height=\"330\" src=\"https:\/\/lesmoutonsenrages.fr\/wp-content\/uploads\/2024\/11\/image-125-412x330.png\" alt=\"\" class=\"wp-image-164189\" style=\"width:412px;height:auto\" srcset=\"https:\/\/lesmoutonsenrages.fr\/wp-content\/uploads\/2024\/11\/image-125-412x330.png 412w, https:\/\/lesmoutonsenrages.fr\/wp-content\/uploads\/2024\/11\/image-125-250x200.png 250w, https:\/\/lesmoutonsenrages.fr\/wp-content\/uploads\/2024\/11\/image-125-150x120.png 150w, https:\/\/lesmoutonsenrages.fr\/wp-content\/uploads\/2024\/11\/image-125-350x280.png 350w, https:\/\/lesmoutonsenrages.fr\/wp-content\/uploads\/2024\/11\/image-125.png 550w\" sizes=\"(max-width: 412px) 100vw, 412px\"\/><\/figure>\n<\/div>\n<p><strong>BlackRock fait ses courses dans une Europe qui traverse une crise historique et o\u00f9 les \u00e9lites des pays pensent \u00e0 s\u2019enrichir au lieu de prot\u00e9ger les int\u00e9r\u00eats nationaux. Une braderie gigantesque a lieu sous les directives des banques d\u2019affaires et des\u00a0<\/strong><strong>gestionnaires d\u2019actifs.<\/strong><\/p>\n<p><span id=\"more-164188\"\/><\/p>\n<p>Le Premier ministre britannique, Keir Starmer, s\u2019est entretenu le 21 novembre avec le directeur g\u00e9n\u00e9ral du fonds d\u2019investissement am\u00e9ricain BlackRock Larry Fink, <a target=\"_blank\" href=\"https:\/\/www.ft.com\/content\/b2279b03-320f-4dec-b241-a755d36c7b9e\" target=\"_blank\" rel=\"noreferrer noopener\">rapporte<\/a>\u00a0le\u00a0<em>Financial Times<\/em>. Leur r\u00e9union au 10 Downing Street a \u00e9t\u00e9 rejointe par un certain nombre de hauts responsables de BlackRock, ainsi que par la ministre britannique des Finances, Rachel Reeves, et de la ministre d\u2019\u00c9tat en charge de l\u2019Investissement, Poppy Gustaffsson.\u00a0<\/p>\n<p>Au cours de la r\u00e9union, les dirigeants de BlackRock se sont dit pr\u00e9occup\u00e9s par les retards concernant les choix pour les entreprises mondiales afin de faciliter leur intrusion dans le pays. Keir Starmer a rassur\u00e9 les dirigeants du plus grand fonds d\u2019investissement du monde, qui g\u00e8re des actifs de 11000 milliards de dollars, sur son projet de r\u00e9vision de la l\u00e9gislation britannique conform\u00e9ment \u00e0 leurs souhaits.\u00a0<\/p>\n<p>Le 1er octobre dernier, Larry Fink <a target=\"_blank\" href=\"https:\/\/www.bloomberg.com\/news\/articles\/2024-10-01\/blackrock-s-fink-says-europe-needs-more-unified-banking-market\" target=\"_blank\" rel=\"noreferrer noopener\">a d\u00e9clar\u00e9<\/a> \u00e0 Berlin \u00e0 la Conf\u00e9rence sur le dialogue mondial que l\u2019Europe devait s\u2019orienter plus rapidement vers un march\u00e9 bancaire. Christine Lagarde, pr\u00e9sidente de la Banque centrale europ\u00e9enne (BCE), <a target=\"_blank\" href=\"https:\/\/www.latribune.fr\/economie\/union-europeenne\/christine-lagarde-appelle-a-une-union-des-marches-des-capitaux-1011426.html\" target=\"_blank\" rel=\"noreferrer noopener\">appelle<\/a>\u00a0\u2014 plus d\u2019un mois apr\u00e8s \u2014 \u00e0 une union des march\u00e9s des capitaux, \u00e9galement. \u00a0<\/p>\n<p>\u00abL\u2019Europe doit renforcer le syst\u00e8me des march\u00e9s des capitaux et elle a besoin d\u2019une plus grande unit\u00e9 du syst\u00e8me bancaire\u00bb, a martel\u00e9 Fink lors d\u2019une conf\u00e9rence de presse \u00e0 Berlin.\u00a0<\/p>\n<p>Dans le m\u00eame temps, le directeur de BlackRock a refus\u00e9 de commenter l\u2019\u00e9ventuelle acquisition de la banque allemande Commerzbank par le groupe financier italien UniCredit. \u00abUnicredit est devenu le deuxi\u00e8me plus grand actionnaire de la banque allemande. Le num\u00e9ro trois, avec environ 7%, est le gestionnaire d\u2019actifs am\u00e9ricain BlackRock\u00bb, <a target=\"_blank\" href=\"https:\/\/www.zonebourse.com\/cours\/action\/COMMERZBANK-AG-13057331\/actualite\/L-Etat-federal-ne-veut-plus-vendre-d-actions-Commerzbank-pour-l-instant-47913223\/\" target=\"_blank\" rel=\"noreferrer noopener\">rappelle<\/a>\u00a0<em>Zone Bourse<\/em>. \u00abLa consolidation du secteur bancaire italien bat son plein depuis des ann\u00e9es\u00bb, <a target=\"_blank\" href=\"https:\/\/www.deraktionaer.de\/artikel\/fintech-versicherung-banken\/commerzbank-unicredit-muss-sich-entscheiden-20370748.html\" target=\"_blank\" rel=\"noreferrer noopener\">souligne<\/a>\u00a0<em>Der Aktion\u00e4r.<\/em>\u00a0<\/p>\n<p>Le 23 septembre, le\u00a0<em>Handelszeitung<\/em>\u00a0<a target=\"_blank\" href=\"https:\/\/www.handelszeitung.ch\/news\/unicredit-erhoht-die-beteiligung-an-der-commerzbank-751281-1\" target=\"_blank\" rel=\"noreferrer noopener\">a\u00a0rapport\u00e9<\/a> qu\u2019UniCredit avait acquis des actions suppl\u00e9mentaires de la Commerzbank. Le groupe financier a eu acc\u00e8s \u00e0 11,5% des actions au moyen d\u2019instruments financiers, ce qui a entra\u00een\u00e9 une part calcul\u00e9e d\u2019environ 21%. UniCredit a d\u00e9clar\u00e9 qu\u2019il avait demand\u00e9 l\u2019autorisation officielle de porter sa part \u00e0 29,9%. Ainsi, l\u2019acquisition de la Commerzbank par le fonds d\u2019investissement am\u00e9ricain devient de plus en plus probable, est-il estim\u00e9. \u00abBlackRock est le principal actionnaire d\u2019UniCredit\u00bb, <a target=\"_blank\" href=\"https:\/\/www.zonebourse.com\/cours\/action\/UNICREDIT-S-P-A-33364083\/actualite\/Unicredit-BlackRock-a-vote-contre-la-remuneration-du-PDG-33259234\/\" target=\"_blank\" rel=\"noreferrer noopener\">pr\u00e9cisait<\/a>\u00a0en 2021\u00a0<em>Zone Bourse.<\/em>\u00a0<\/p>\n<p>Le chancelier allemand, Olaf Scholz, <a target=\"_blank\" href=\"https:\/\/www.zeit.de\/wirtschaft\/2024-09\/olaf-scholz-kritik-unicredit-commerzbank-uebernahme\" target=\"_blank\" rel=\"noreferrer noopener\">s\u2019oppose<\/a>\u00a0\u00e0 la prise de contr\u00f4le de la Commerzbank par un groupe financier italien, derri\u00e8re lequel se profile le loup de Wall Street. La banque allemande a soulign\u00e9 que si le contrat avec UniCredit se r\u00e9alisait, il risquait de perdre les deux tiers des emplois.\u00a0<\/p>\n<p>Le gouvernement allemand est devenu propri\u00e9taire d\u2019une partie des actions de la banque \u00e0 la suite de la crise financi\u00e8re de 2008-2009 lorsqu\u2019il lui a allou\u00e9 plus de 18 milliards d\u2019euros pour stabiliser l\u2019entreprise. Le 4 septembre, les autorit\u00e9s ont annonc\u00e9 leur intention de vendre progressivement les actions de la banque. Le 11 septembre, l\u2019agence financi\u00e8re a rapport\u00e9\u00a0que le gouvernement allemand <a target=\"_blank\" href=\"https:\/\/www.handelsblatt.com\/finanzen\/banken-versicherungen\/banken\/banken-unicredit-will-mit-commerzbank-ueber-uebernahme-reden\/100068216.html\" target=\"_blank\" rel=\"noreferrer noopener\">avait vendu<\/a> 4,49% des actions de la Commerzbank au groupe italien UniCredit. \u00c0 la suite de l\u2019op\u00e9ration, la part de la participation de l\u2019\u00c9tat dans la banque <a target=\"_blank\" href=\"https:\/\/www.tagesschau.de\/wirtschaft\/commerzbank-unicredit-bund-102.html\" target=\"_blank\" rel=\"noreferrer noopener\">est\u00a0tomb\u00e9e<\/a> de 16,49% \u00e0 12%.\u00a0<\/p>\n<p>Les autorit\u00e9s allemandes ne s\u2019attendaient pas \u00e0 ce que les Italiens, pouss\u00e9s par Larry Fink, acqui\u00e8rent rapidement et en ces quantit\u00e9s des actions de la banque. Le 12 septembre, le directeur d\u2019UniCredit Andrea Orchel a d\u00e9clar\u00e9\u00a0que le groupe bancaire <a target=\"_blank\" href=\"https:\/\/finanzmarktwelt.de\/commerzbank-vor-uebernahme-details-vom-unicredit-ceo-322359\/\" target=\"_blank\" rel=\"noreferrer noopener\">envisageait<\/a> la possibilit\u00e9 d\u2019une prise de contr\u00f4le compl\u00e8te de Commerzbank.\u00a0<\/p>\n<p>La Commerzbank <a target=\"_blank\" href=\"https:\/\/www.zdf.de\/nachrichten\/wirtschaft\/unternehmen\/commerzbank-unicredit-anteile-uebernahme-100.html\" target=\"_blank\" rel=\"noreferrer noopener\">emploie<\/a>\u00a0dans le monde entier 38.700 personnes, dont plus de 25.000 en Allemagne. Lorsque le loup de Wall Street avalera une banque allemande (ce dont il ne faut pas douter), pr\u00e8s de 25.000 d\u2019entre eux seront au ch\u00f4mage.\u00a0<\/p>\n<p>En f\u00e9vrier 2025, l\u2019Allemagne organisera des \u00e9lections f\u00e9d\u00e9rales anticip\u00e9es o\u00f9 le bloc d\u2019opposition de la CDU\/CSU a nomm\u00e9 Friedrich Merz, 68 ans, comme candidat au poste de chancelier f\u00e9d\u00e9ral. Mais, celui-ci qui a dirig\u00e9 le conseil de surveillance de la filiale allemande de BlackRock depuis 2016, a de grandes chances de gagner. Si Friedrich Merz devient le chancelier de l\u2019Allemagne, BlackRock pourra devenir le loup dans la bergerie dans la plus grande \u00e9conomie d\u2019Europe et am\u00e9liorer sa place strat\u00e9gique en Europe.\u00a0<\/p>\n<p>Voyant une petite r\u00e9sistance \u00e0 Berlin, Larry Fink s\u2019est pr\u00e9cipit\u00e9 \u00e0 Londres, o\u00f9 il a \u00e9t\u00e9 accueilli \u00e0 bras ouverts en raison d\u2019un d\u00e9ficit budg\u00e9taire catastrophique et de la r\u00e9cession chronique de l\u2019\u00eele.\u00a0<\/p>\n<p>L\u2019acquisition par le fonds d\u2019investissement am\u00e9ricain de la structure financi\u00e8re britannique menace le Royaume-Uni et l\u2019ensemble du complexe \u00e9conomique national du pays en profitant de la d\u00e9gradation de la sph\u00e8re sociale et de la croissance incontr\u00f4l\u00e9e du ch\u00f4mage. Le gouvernement travailliste en est conscient, mais le Royaume-Uni ne peut plus faire face \u00e0 la chute du d\u00e9ficit financier, et il est pr\u00eat \u00e0 vendre le pays aux Am\u00e9ricains. Ce m\u00eame sc\u00e9nario pend au nez de l\u2019Allemagne qui affronte une crise historique et des licenciements de masse.\u00a0<\/p>\n<p>Au printemps de cette ann\u00e9e, le journal fran\u00e7ais d\u2019investigation\u00a0<em>Fakir<\/em>\u00a0a publi\u00e9\u00a0un article intitul\u00e9 <em>La R\u00e9publique des tra\u00eetres<\/em> en faisant <a target=\"_blank\" href=\"https:\/\/fakirpresse.info\/la-republique-des-traitres\" target=\"_blank\" rel=\"noreferrer noopener\">r\u00e9f\u00e9rence<\/a> \u00e0 l\u2019implication du pr\u00e9sident fran\u00e7ais, Emmanuel Macron, et de son entourage le plus proche dans l\u2019absorption des entreprises fran\u00e7aises de secteurs d\u2019importance strat\u00e9gique de l\u2019\u00e9conomie par des entreprises am\u00e9ricaines, en particulier le m\u00eame BlackRock, au d\u00e9triment des int\u00e9r\u00eats nationaux de la France.\u00a0<\/p>\n<p>Comme pour le Royaume-Uni, l\u2019Allemagne, la France est plong\u00e9e dans une crise \u00e9conomique historique. BlackRock profite de la situation pour avaler les valeurs des trois pays en provoquant des plans sociaux dans ces pays.\u00a0<\/p>\n<p>Le m\u00e9dia fran\u00e7ais nomme l\u2019affaire Alstom o\u00f9 Emmanuel Macron, qui est pass\u00e9 chez Rothschild comme associ\u00e9-g\u00e9rant, a lanc\u00e9 le d\u00e9mant\u00e8lement d\u2019Alstom au profit de l\u2019Am\u00e9ricain General electric. \u00abPendant deux ans, Macron a cach\u00e9 au gouvernement les menaces qui planent sur le groupe fran\u00e7ais\u00bb, continue<em>\u00a0Fakir<\/em>. Pour rappel, en octobre 2017, Emmanuel Macron <a target=\"_blank\" href=\"https:\/\/www.latribune.fr\/entreprises-finance\/banques-finance\/macron-convie-le-gratin-de-la-finance-mondiale-a-l-elysee-755646.html\" target=\"_blank\" rel=\"noreferrer noopener\">a convi\u00e9<\/a>\u00a021\u00a0des plus grands noms de la finance mondiale, fonds de pension, fonds souverains et gestionnaires d\u2019actifs de tous les continents \u00e0 l\u2019\u00c9lys\u00e9e, et BlackRock a confirm\u00e9 \u00e0<em>\u00a0Bloomberg\u00a0<\/em>que son pr\u00e9sident Larry Fink <a target=\"_blank\" href=\"https:\/\/www.bloomberg.com\/news\/articles\/2017-10-25\/macron-to-meet-blackrock-other-funds-to-lure-global-investors\" target=\"_blank\" rel=\"noreferrer noopener\">assisterait<\/a> \u00e0 ce d\u00eener\u00a0des plus grands investisseurs de la plan\u00e8te.\u00a0<\/p>\n<p>Cyril Pocr\u00e9aux, r\u00e9dacteur en chef de\u00a0<em>Fakir,<\/em>\u00a0d\u00e9nonce \u00ables \u00e9lites fran\u00e7aises\u00bb qui se comportent \u00abcomme des privil\u00e9gi\u00e9s qui d\u00e9fendent leur int\u00e9r\u00eat, et non l\u2019int\u00e9r\u00eat g\u00e9n\u00e9ral\u00bb. \u00abQuand un cabinet anglo\u2011saxon veut prendre des parts dans une entreprise fran\u00e7aise, il d\u00eene avec quelqu\u2019un de Bercy\u00bb, souligne-t-il. \u00abLa rupture entre peuple et \u00e9lites est tellement consomm\u00e9e que ce n\u2019est pas envers nous que ces derni\u00e8res se sentent redevables, mais envers leurs amis, am\u00e9ricains, anglais, qataris\u00bb, tacle-t-il.\u00a0<\/p>\n<p><em>Philippe Rosenthal<\/em><\/p>\n<p>Voir aussi :<\/p>\n<p><a target=\"_blank\" href=\"https:\/\/www.observateurcontinental.fr\/?module=articles&amp;action=view&amp;id=6502\" data-type=\"link\" data-id=\"https:\/\/www.observateurcontinental.fr\/?module=articles&amp;action=view&amp;id=6502\">Le mandat d\u2019arr\u00eat \u00e9mis par la CPI contre Netanyahou a divis\u00e9 le G7<\/a><\/p>\n<p>Tous les articles, la tribune libre et commentaires sont sous la responsabilit\u00e9 de leurs auteurs. Les Moutons Enrag\u00e9s ne sauraient \u00eatre tenus responsables de leur contenu ou orientation.<\/p>\n<\/p><\/div>\n<p><br \/>\n<br \/><a href=\"https:\/\/lesmoutonsenrages.fr\/2024\/12\/01\/les-multinationales-achetent-a-bas-prix-leurope\/\" target=\"_blank\"\">Source link <\/a><\/p>\n","protected":false},"excerpt":{"rendered":"<p>Par Philippe Rosenthal pour Observateur-Continental BlackRock fait ses courses dans une Europe qui traverse une crise historique et o\u00f9 les \u00e9lites des pays pensent \u00e0 s\u2019enrichir au lieu de prot\u00e9ger&hellip; <\/p>\n","protected":false},"author":1,"featured_media":1301,"comment_status":"open","ping_status":"open","sticky":false,"template":"","format":"standard","meta":{"footnotes":""},"categories":[1],"tags":[],"class_list":["post-1300","post","type-post","status-publish","format-standard","has-post-thumbnail","hentry","category-non-classe"],"_links":{"self":[{"href":"https:\/\/monde25.info\/index.php\/wp-json\/wp\/v2\/posts\/1300","targetHints":{"allow":["GET"]}}],"collection":[{"href":"https:\/\/monde25.info\/index.php\/wp-json\/wp\/v2\/posts"}],"about":[{"href":"https:\/\/monde25.info\/index.php\/wp-json\/wp\/v2\/types\/post"}],"author":[{"embeddable":true,"href":"https:\/\/monde25.info\/index.php\/wp-json\/wp\/v2\/users\/1"}],"replies":[{"embeddable":true,"href":"https:\/\/monde25.info\/index.php\/wp-json\/wp\/v2\/comments?post=1300"}],"version-history":[{"count":0,"href":"https:\/\/monde25.info\/index.php\/wp-json\/wp\/v2\/posts\/1300\/revisions"}],"wp:featuredmedia":[{"embeddable":true,"href":"https:\/\/monde25.info\/index.php\/wp-json\/wp\/v2\/media\/1301"}],"wp:attachment":[{"href":"https:\/\/monde25.info\/index.php\/wp-json\/wp\/v2\/media?parent=1300"}],"wp:term":[{"taxonomy":"category","embeddable":true,"href":"https:\/\/monde25.info\/index.php\/wp-json\/wp\/v2\/categories?post=1300"},{"taxonomy":"post_tag","embeddable":true,"href":"https:\/\/monde25.info\/index.php\/wp-json\/wp\/v2\/tags?post=1300"}],"curies":[{"name":"wp","href":"https:\/\/api.w.org\/{rel}","templated":true}]}}