{"id":1302,"date":"2024-12-01T16:12:53","date_gmt":"2024-12-01T15:12:53","guid":{"rendered":"https:\/\/monde25.info\/index.php\/2024\/12\/01\/alliances-terrestres-le-film-qui-retrace-la-lutte-contre-la69\/"},"modified":"2024-12-01T16:12:53","modified_gmt":"2024-12-01T15:12:53","slug":"alliances-terrestres-le-film-qui-retrace-la-lutte-contre-la69","status":"publish","type":"post","link":"https:\/\/monde25.info\/index.php\/2024\/12\/01\/alliances-terrestres-le-film-qui-retrace-la-lutte-contre-la69\/","title":{"rendered":"\u00ab\u00a0Alliances terrestres\u00a0\u00bb, le film qui retrace la lutte contre l\u2019A69"},"content":{"rendered":"<p> <br \/>\n<\/p>\n<div>\n<p>    <span class=\"date\">29 novembre 2024  \u00e0 09h17<\/span><\/p>\n<p>    <span class=\"date_modif\">Mis \u00e0 jour le 30 novembre 2024 \u00e0 09h22<\/span>      <\/p>\n<p class=\"duree_lecture\">\n        Dur\u00e9e de lecture : 4 minutes\n      <\/p>\n<\/p><\/div>\n<div>\n<p>Des militants perch\u00e9s dans les arbres, des recours juridiques, des zad, une commission d\u2019enqu\u00eate, des projets alternatifs\u2026 Depuis presque deux ans et le d\u00e9but des travaux de <a target=\"_blank\" href=\"https:\/\/reporterre.net\/L-A69-une-autoroute-ecolo-On-a-verifie\" class=\"spip_in\">l\u2019autoroute A69<\/a>, qui doit relier Toulouse \u00e0 Castres, la lutte contre cette infrastructure bat son plein dans le Tarn et en Haute-Garonne.<\/p>\n<p>Largement m\u00e9diatis\u00e9e \u00e0 l\u2019\u00e9chelle nationale, notamment gr\u00e2ce aux trois grands rassemblements organis\u00e9s pr\u00e8s de Castres \u00e0 l\u2019appel des Soul\u00e8vements de la Terre, la lutte contre l\u2019A69 rev\u00eat plusieurs formes, plusieurs modes d\u2019action et rassemble de multiples collectifs ou associations. C\u2019est justement cela qu\u2019Isabelle Haelvo\u00ebt, r\u00e9alisatrice du documentaire <i>Alliances terrestres<\/i>, a voulu raconter dans ce film de 89 minutes.<\/p>\n<p><iframe loading=\"lazy\" title=\"bande annonce Alliances terrestres\" width=\"1110\" height=\"624\" src=\"https:\/\/www.youtube.com\/embed\/REX-S2qOooU?feature=oembed\" frameborder=\"0\" allow=\"accelerometer; autoplay; clipboard-write; encrypted-media; gyroscope; picture-in-picture; web-share\" referrerpolicy=\"strict-origin-when-cross-origin\" allowfullscreen><\/iframe><\/p>\n<p>Le titre du documentaire refl\u00e8te une r\u00e9alit\u00e9 essentielle\u00a0: la cr\u00e9ation d\u2019alliances entre des acteurs vari\u00e9s \u2014 militants, paysans, scientifiques et citoyens \u2014 unis par une m\u00eame volont\u00e9 de prot\u00e9ger ce territoire et ses ressources. La r\u00e9alisatrice illustre avec sensibilit\u00e9 la solidarit\u00e9 qui se construit dans la r\u00e9sistance, malgr\u00e9 les tensions et les pressions exerc\u00e9es par les pr\u00e9fectures et les forces de l\u2019\u00c9tat.<\/p>\n<p>Le film c\u00e9l\u00e8bre ainsi l\u2019intelligence collective et l\u2019ing\u00e9niosit\u00e9 d\u00e9ploy\u00e9e pour faire face \u00e0 des <a target=\"_blank\" href=\"https:\/\/reporterre.net\/130-poursuites-60-proces-7-detentions-La-repression-des-opposants-a-l-A69-en-chiffres\">moyens disproportionn\u00e9s mis en \u0153uvre par l\u2019\u00c9tat<\/a>. Des militants plus radicaux dans les zad luttent ainsi aux c\u00f4t\u00e9s de citoyens, des grimpeurs et grimpeuses s\u2019allient \u00e0 des scientifiques\u2026 Le documentaire est une ode \u00e0 la compl\u00e9mentarit\u00e9 des modes d\u2019action.<\/p>\n<h2 class=\"spip\">Force de la lutte<\/h2>\n<p>Au c\u0153ur du documentaire, bien entendu, l\u2019autoroute A69. Un projet qui symbolise l\u2019affrontement entre deux visions du monde. D\u2019un c\u00f4t\u00e9, celle d\u2019un d\u00e9veloppement \u00e9conomique bas\u00e9 sur la b\u00e9tonisation, la croissance et l\u2019expansion routi\u00e8re\u202f<small class=\"fine d-inline\">\u00a0<\/small>; de l\u2019autre, une conception plus collective, respectueuse des \u00e9cosyst\u00e8mes et des modes de vie locaux.<\/p>\n<p>Le documentaire met en avant les cons\u00e9quences directes de ce projet\u00a0: destruction de terres agricoles, fragmentation des habitats naturels et impacts \u00e9cologiques durables. Les images des paysages menac\u00e9s, entrecoup\u00e9es de t\u00e9moignages poignants, soulignent l\u2019absurdit\u00e9 de ce projet au regard des d\u00e9fis climatiques actuels. Isabelle Haelvo\u00ebt s\u2019appuie sur ses propres images, mais \u00e9galement sur des archives ou des vid\u00e9os tourn\u00e9es par des militants.<\/p>\n<p>Le documentaire ne se limite pas \u00e0 la simple d\u00e9nonciation d\u2019un projet d\u2019infrastructure controvers\u00e9, mais propose une r\u00e9flexion approfondie sur les enjeux environnementaux, sociaux et humains qui en d\u00e9coulent. \u00c0 travers un r\u00e9cit po\u00e9tique et document\u00e9, il donne une voix \u00e0 celles et ceux qui s\u2019\u00e9l\u00e8vent contre ce projet et, plus largement, contre une logique productiviste mena\u00e7ant nos \u00e9cosyst\u00e8mes.<\/p>\n<p>Alternant entre des plans larges des paysages menac\u00e9s et des sc\u00e8nes plus intimes de rassemblements, la r\u00e9alisation joue sur une dualit\u00e9 entre la fragilit\u00e9 de la nature et la force de la lutte. Aux sc\u00e8nes d\u2019arbres abattus et de zones terrass\u00e9es par d\u2019\u00e9normes machines viennent s\u2019opposer celles de liesse collective entre militants. Le film est ponctu\u00e9 par des lectures po\u00e9tiques, presque m\u00e9ditatives, tir\u00e9es <a target=\"_blank\" href=\"https:\/\/www.seuil.com\/ouvrage\/lettre-a-la-terre-genevieve-azam\/9782021427837\" class=\"spip_out\" rel=\"external\">du livre<\/a> de l\u2019\u00e9conomiste <a target=\"_blank\" href=\"https:\/\/reporterre.net\/A69-Le-desenclavement-des-territoires-ne-supporte-aucune-contestation\">Genevi\u00e8ve Azam<\/a> <i>Lettre \u00e0 la Terre \u2014 Et la Terre r\u00e9pond<\/i>.<\/p>\n<h2 class=\"spip\">Hymne \u00e0 la r\u00e9sistance<\/h2>\n<p>Ce documentaire d\u00e9passe \u00e9galement le cadre d\u2019un simple combat local, pour s\u2019inscrire dans une r\u00e9flexion globale. On retrouve ainsi tout au long du film la sociologue <a target=\"_blank\" href=\"https:\/\/reporterre.net\/Genevieve-Pruvost-Nous-pouvons-reproduire-des-societes-autogerees\">Genevi\u00e8ve Pruvost<\/a>, qui \u00e9voque la n\u00e9cessit\u00e9 de <i>\u00ab<small class=\"fine d-inline\">\u00a0<\/small>\u202frepolitiser notre quotidien\u202f<small class=\"fine d-inline\">\u00a0<\/small>\u00bb<\/i> et revient sur les notions de subsistance et de libert\u00e9 avec un \u00e9clairage \u00e9cof\u00e9ministe. Des ponts sont \u00e9galement \u00e9tablis avec d\u2019autres luttes pour la pr\u00e9servation du vivant, notamment le mouvement Chipko, n\u00e9 en Inde dans les ann\u00e9es 1970 et port\u00e9 par l\u2019\u00e9cof\u00e9ministe Vandana Shiva, ou plus r\u00e9cemment la <a target=\"_blank\" href=\"https:\/\/reporterre.net\/Le-charbon-menace-d-engloutir-une-foret-a-Hambach-en-Allemagne\">d\u00e9fense de la for\u00eat de Hambach, en Allemagne<\/a>.<\/p>\n<p>Le tournage du documentaire s\u2019est poursuivi jusqu\u2019\u00e0 fin mars dernier, et la <a target=\"_blank\" href=\"https:\/\/reporterre.net\/A69-L-abattage-des-arbres-suspendu-les-opposants-peuvent-redescendre\">victoire provisoire<\/a> des militants sur le site de la Crem\u2019Arbre qui ont obtenu une tr\u00eave pour l\u2019abattage des arbres. Quelques mois plus tard, la zone fut ras\u00e9e, mais d\u2019autres occupations se multipliaient partout le long des 53 km de trac\u00e9, entra\u00eenant une <a target=\"_blank\" href=\"https:\/\/reporterre.net\/A69-les-derniers-ecureuils-expulses-la-zad-n-est-plus\">r\u00e9pression toujours plus intense<\/a> \u00e0 l\u2019encontre des militants.<\/p>\n<p>Le film d\u2019Isabelle Haelvo\u00ebt est finalement un hymne \u00e0 la r\u00e9sistance, o\u00f9 se relaient des citoyens, scientifiques, militants aguerris, sociologues ou agriculteurs. La lutte est un moyen, comme ils le confient, de s\u2019\u00e9manciper, de passer du d\u00e9sespoir \u00e0 l\u2019action collective, de se rassembler et d\u2019esp\u00e9rer construire un monde plus respectueux des \u00eatres humains et de la nature.<\/p>\n<p>Le documentaire est r\u00e9guli\u00e8rement projet\u00e9 partout en France, souvent accompagn\u00e9 d\u2019une discussion \u00e0 l\u2019issue de la projection. Les projections <a target=\"_blank\" href=\"https:\/\/lagrainede.com\/\" class=\"spip_out\" rel=\"external\">sont \u00e0 retrouver ici<\/a>.<\/p>\n<aside class=\"boite_encarts\">\n<div class=\"encart encart_gris noprint\">\n<p><strong>Il est de retour.<\/strong><\/p>\n<p>Dans quelques semaines, Donald Trump se r\u00e9-installera \u00e0 la Maison Blanche.<\/p>\n<p>Un milliardaire, pour qui le r\u00e9chauffement climatique est \u00ab<small class=\"fine d-inline\">\u00a0<\/small>un canular<small class=\"fine d-inline\">\u00a0<\/small>\u00bb, sera \u00e0 la t\u00eate de la plus grande puissance mondiale.<\/p>\n<p>Dans une d\u00e9cennie cruciale pour l\u2019\u00e9cologie, nous ne pouvons pas nous permettre de perdre plus de temps.<\/p>\n<p>La soci\u00e9t\u00e9 civile doit continuer de se soulever, de se mobiliser et de faire pression sur les puissants.<\/p>\n<p>Mais pour agir, il faut savoir.<\/p>\n<p><strong>Depuis 11 ans, nous publions des articles de qualit\u00e9 sur l\u2019\u00e9cologie, en acc\u00e8s libre et sans publicit\u00e9, pour tous.<\/strong><\/p>\n<p>Nous avons la conviction que l\u2019urgence \u00e9cologique est l\u2019enjeu majeur de notre \u00e9poque.<br class=\"autobr\"\/><br \/>\n Et comme plus de 2 millions de lectrices et lecteurs chaque mois, vous partagez sans doute cette conviction&#8230;<\/p>\n<p>Alors si vous en avez les moyens, sachez qu\u2019un don, m\u00eame d\u20191\u20ac, est un acte de soutien fort pour l\u2019\u00e9cologie et le journalisme ind\u00e9pendant.<br class=\"autobr\"\/><br \/>\n (Et \u00e7a vous prendra moins de temps que la lecture de ce texte).<\/p>\n<p><strong>Si vous le pouvez, choisissez un soutien mensuel. Merci.<\/strong><\/p>\n<p><a target=\"_blank\" href=\"https:\/\/reporterre.net\/dons\" class=\"bt_soutenir\">Je soutiens <i>Reporterre<\/i><\/a><\/p>\n<\/p><\/div>\n<div class=\"encart encart_vert noprint montre_1023\">\n<div class=\"infolettre-form-container noprint\">\n<p>Abonnez-vous \u00e0 la lettre d\u2019info de Reporterre<\/p>\n<\/div><\/div>\n<\/aside>\n<aside class=\"boite_apresarticle encart_note\">\n<h4>Apr\u00e8s cet article<\/h4>\n<p>      <a target=\"_blank\" href=\"https:\/\/reporterre.net\/L-A69-une-autoroute-ecolo-On-a-verifie\" class=\"lien_article\">\n      <picture class=\"vignette_gauche\"><source type=\"image\/webp\" srcset=\"https:\/\/reporterre.net\/local\/cache-gd2\/3a\/0483ff48268ae5b9df3d8db6e0673f.jpg@.webp?1730133752\"><img decoding=\"async\" src=\"https:\/\/reporterre.net\/local\/cache-gd2\/3a\/0483ff48268ae5b9df3d8db6e0673f.jpg?1730133752\" width=\"450\" height=\"300\" alt=\"\" class=\"marge12\" loading=\"lazy\"\/><br \/>\n<\/source><\/picture>\n<p class=\"libelle\">\n<p>      Autoroutes\n    <\/p>\n<p class=\"titre pol20\">L\u2019A69, une autoroute \u00e9colo<small class=\"fine d-inline\">\u00a0<\/small>? On a v\u00e9rifi\u00e9<\/p>\n<p>      <\/a><br \/>\n    <\/aside>\n<aside class=\"boite_complement texte\">\n<p>      <!-- zone_forum --><br \/>\n          <\/aside>\n<aside class=\"boite_lireaussi noprint\">\n<\/aside>\n<aside class=\"colonne\">\n<div class=\"article_info cache_1023 noprint\">\n<p>    <span class=\"date\">29 novembre 2024  \u00e0 09h17<\/span><\/p>\n<p>    <span class=\"date_modif\">Mis \u00e0 jour le 30 novembre 2024 \u00e0 09h22<\/span>      <\/p>\n<p class=\"duree_lecture\">\n        Dur\u00e9e de lecture : 4 minutes\n      <\/p>\n<\/p><\/div>\n<div class=\"bloc_infolettre\">\n<div class=\"infolettre-form-container noprint\">\n<p>Abonnez-vous \u00e0 la lettre d\u2019info de Reporterre<\/p>\n<\/div><\/div>\n<\/aside>\n<div id=\"galerie\">\n  <img decoding=\"async\" src=\"\" class=\"principale\" id=\"principale\"\/><\/p>\n<p id=\"legende\">legende<\/p>\n<\/div>\n<footer class=\"noprint\">\n<\/footer>\n<\/div>\n<p><br \/>\n<br \/><a href=\"https:\/\/reporterre.net\/Alliances-terrestres-le-film-qui-retrace-la-lutte-contre-l-A69\" target=\"_blank\"\">Source link <\/a><\/p>\n","protected":false},"excerpt":{"rendered":"<p>29 novembre 2024 \u00e0 09h17 Mis \u00e0 jour le 30 novembre 2024 \u00e0 09h22 Dur\u00e9e de lecture : 4 minutes Des militants perch\u00e9s dans les arbres, des recours juridiques, des&hellip; <\/p>\n","protected":false},"author":1,"featured_media":1303,"comment_status":"open","ping_status":"open","sticky":false,"template":"","format":"standard","meta":{"footnotes":""},"categories":[1],"tags":[],"class_list":["post-1302","post","type-post","status-publish","format-standard","has-post-thumbnail","hentry","category-non-classe"],"_links":{"self":[{"href":"https:\/\/monde25.info\/index.php\/wp-json\/wp\/v2\/posts\/1302","targetHints":{"allow":["GET"]}}],"collection":[{"href":"https:\/\/monde25.info\/index.php\/wp-json\/wp\/v2\/posts"}],"about":[{"href":"https:\/\/monde25.info\/index.php\/wp-json\/wp\/v2\/types\/post"}],"author":[{"embeddable":true,"href":"https:\/\/monde25.info\/index.php\/wp-json\/wp\/v2\/users\/1"}],"replies":[{"embeddable":true,"href":"https:\/\/monde25.info\/index.php\/wp-json\/wp\/v2\/comments?post=1302"}],"version-history":[{"count":0,"href":"https:\/\/monde25.info\/index.php\/wp-json\/wp\/v2\/posts\/1302\/revisions"}],"wp:featuredmedia":[{"embeddable":true,"href":"https:\/\/monde25.info\/index.php\/wp-json\/wp\/v2\/media\/1303"}],"wp:attachment":[{"href":"https:\/\/monde25.info\/index.php\/wp-json\/wp\/v2\/media?parent=1302"}],"wp:term":[{"taxonomy":"category","embeddable":true,"href":"https:\/\/monde25.info\/index.php\/wp-json\/wp\/v2\/categories?post=1302"},{"taxonomy":"post_tag","embeddable":true,"href":"https:\/\/monde25.info\/index.php\/wp-json\/wp\/v2\/tags?post=1302"}],"curies":[{"name":"wp","href":"https:\/\/api.w.org\/{rel}","templated":true}]}}