{"id":1306,"date":"2024-12-01T17:52:43","date_gmt":"2024-12-01T16:52:43","guid":{"rendered":"https:\/\/monde25.info\/index.php\/2024\/12\/01\/larmee-malienne-elimine-un-chef-rebelle-touareg-lors-dune-attaque-de-drones-a-tin-zaouatine-rt-en-francais\/"},"modified":"2024-12-01T17:52:43","modified_gmt":"2024-12-01T16:52:43","slug":"larmee-malienne-elimine-un-chef-rebelle-touareg-lors-dune-attaque-de-drones-a-tin-zaouatine-rt-en-francais","status":"publish","type":"post","link":"https:\/\/monde25.info\/index.php\/2024\/12\/01\/larmee-malienne-elimine-un-chef-rebelle-touareg-lors-dune-attaque-de-drones-a-tin-zaouatine-rt-en-francais\/","title":{"rendered":"L\u2019arm\u00e9e malienne \u00e9limine un chef rebelle touareg lors d\u2019une attaque de drones \u00e0 Tin Zaouatine \u2014 RT en fran\u00e7ais"},"content":{"rendered":"<p> <br \/>\n<br \/><img decoding=\"async\" src=\"https:\/\/mf.b37mrtl.ru\/french\/images\/2024.12\/thumbnail\/674c884c87f3ec376f3b103b.jpg\" \/><\/p>\n<div>\n<p class=\"text__summary\">\n                                        Un haut commandant du mouvement s\u00e9paratiste touareg et d\u2019autres insurg\u00e9s ont \u00e9t\u00e9 tu\u00e9s par l\u2019arm\u00e9e malienne lors d\u2019une attaque de drones sur des positions rebelles \u00e0 Tin Zaouatine, pr\u00e8s de la fronti\u00e8re alg\u00e9rienne.\n                                    <\/p>\n<p>Les Forces arm\u00e9es maliennes (FAMa) ont men\u00e9 plusieurs frappes de drones contre des positions des insurg\u00e9s touaregs, \u00e0 l\u2019aube de ce 1er d\u00e9cembre, dans la r\u00e9gion de Tin Zaouatine, pr\u00e8s de la fronti\u00e8re alg\u00e9rienne dans le nord du pays, rapporte la presse locale.<\/p>\n<p>Selon le portail d\u2019information Bamada, ces attaques cibl\u00e9es ont permis d\u2019\u00e9liminer plusieurs dirigeants du mouvement rebelle CSP (Cadre strat\u00e9gique permanent), dont\u00a0le haut commandant Fahad Ag Almahmoud, ancien secr\u00e9taire g\u00e9n\u00e9ral du GATIA (Groupe autod\u00e9fense touareg Imghad et alli\u00e9s), pass\u00e9 dans le camp des s\u00e9paratistes en 2023.<\/p>\n<p>Plus t\u00f4t dans la journ\u00e9e, l\u2019activiste et influenceur Chodi Ag, r\u00e9put\u00e9 proche du gouvernement malien, avait annonc\u00e9 sur ses r\u00e9seaux sociaux la mort de Fahad Ag Almahmoud lors de cette op\u00e9ration.<\/p>\n<p>\u00abC\u2019est un jour historique pour le Mali. L\u2019action de notre arm\u00e9e montre que la volont\u00e9 de restaurer la paix et l\u2019int\u00e9grit\u00e9 territoriale est bien r\u00e9elle. Nous devons tous soutenir les FAMa dans cette lutte noble et essentielle\u00bb, a notamment d\u00e9clar\u00e9 Chodi Ag, cit\u00e9 par Bamada.<\/p>\n<p>Cette op\u00e9ration, d\u00e9crite comme un succ\u00e8s majeur par la presse locale, marque un tournant dans la lutte contre les groupes rebelles arm\u00e9s au Mali, notamment dans cette zone sensible de Tin Zaouatine, qui avait \u00e9t\u00e9 le th\u00e9\u00e2tre d\u2019une embuscade meurtri\u00e8re orchestr\u00e9e le 27 juillet dernier par les s\u00e9paratistes, en coordination avec les renseignements ukrainiens.<\/p>\n<h2>Ing\u00e9rence de Kiev<\/h2>\n<p>Le 4 ao\u00fbt dernier, le gouvernement malien avait annonc\u00e9\u00a0qu&rsquo;il rompait ses relations diplomatiques avec Kiev, un porte-parole du renseignement militaire ukrainien ayant\u00a0d\u00e9clar\u00e9 que ses agents avaient soutenu des insurg\u00e9s touaregs lors d\u2019une embuscade meurtri\u00e8re, fin juillet, \u00e0 proximit\u00e9 de Tin Zaouatine pr\u00e8s de la fronti\u00e8re avec l\u2019Alg\u00e9rie dans le nord du pays.<\/p>\n<p>Le 19 ao\u00fbt, le Mali, le Niger et le Burkina Faso\u00a0avaient appel\u00e9 le Conseil de s\u00e9curit\u00e9 de l\u2019ONU \u00e0 condamner \u00abfermement\u00bb le soutien \u00abouvert\u00bb et \u00abassum\u00e9\u00bb de Kiev au \u00abterrorisme international\u00bb au Sahel.<\/p>\n<p>Le Mali, dirig\u00e9 par le colonel Assimi Go\u00efta depuis le coup d&rsquo;\u00c9tat de mai 2021, est confront\u00e9 \u00e0 une mont\u00e9e des groupes terroristes et des mouvements rebelles au m\u00eame titre que ses deux voisins, le Niger et le Burkina Faso.<\/p>\n<p>Afin de faire face \u00e0 l&rsquo;ins\u00e9curit\u00e9 et aux d\u00e9fis pos\u00e9s par le terrorisme, Bamako s&rsquo;est alli\u00e9 \u00e0 Ouagadougou et Niamey en actant le 6 juillet la cr\u00e9ation de la conf\u00e9d\u00e9ration \u00abl\u2019Alliance des \u00c9tats du Sahel\u00bb (AES), dans la continuit\u00e9 d&rsquo;un pacte de d\u00e9fense mutuelle sign\u00e9 en septembre 2023.<\/p>\n<p>Les trois \u00c9tats sah\u00e9liens avaient annonc\u00e9, le 28 janvier dernier, leur retrait de la C\u00e9d\u00e9ao, une organisation qu\u2019ils jugent instrumentalis\u00e9e par la France, justifiant cette d\u00e9cision par l\u2019ing\u00e9rence de puissances \u00e9trang\u00e8res et la non-assistance de la C\u00e9d\u00e9ao dans la lutte contre le terrorisme.<\/p>\n<\/div>\n<p><br \/>\n<br \/><a href=\"https:\/\/francais.rt.com\/afrique\/115059-armee-malienne-elimine-chef-rebelle-touareg\" target=\"_blank\"\">Source link <\/a><\/p>\n","protected":false},"excerpt":{"rendered":"<p>Un haut commandant du mouvement s\u00e9paratiste touareg et d\u2019autres insurg\u00e9s ont \u00e9t\u00e9 tu\u00e9s par l\u2019arm\u00e9e malienne lors d\u2019une attaque de drones sur des positions rebelles \u00e0 Tin Zaouatine, pr\u00e8s de&hellip; <\/p>\n","protected":false},"author":1,"featured_media":1307,"comment_status":"open","ping_status":"open","sticky":false,"template":"","format":"standard","meta":{"footnotes":""},"categories":[1],"tags":[],"class_list":["post-1306","post","type-post","status-publish","format-standard","has-post-thumbnail","hentry","category-non-classe"],"_links":{"self":[{"href":"https:\/\/monde25.info\/index.php\/wp-json\/wp\/v2\/posts\/1306","targetHints":{"allow":["GET"]}}],"collection":[{"href":"https:\/\/monde25.info\/index.php\/wp-json\/wp\/v2\/posts"}],"about":[{"href":"https:\/\/monde25.info\/index.php\/wp-json\/wp\/v2\/types\/post"}],"author":[{"embeddable":true,"href":"https:\/\/monde25.info\/index.php\/wp-json\/wp\/v2\/users\/1"}],"replies":[{"embeddable":true,"href":"https:\/\/monde25.info\/index.php\/wp-json\/wp\/v2\/comments?post=1306"}],"version-history":[{"count":0,"href":"https:\/\/monde25.info\/index.php\/wp-json\/wp\/v2\/posts\/1306\/revisions"}],"wp:featuredmedia":[{"embeddable":true,"href":"https:\/\/monde25.info\/index.php\/wp-json\/wp\/v2\/media\/1307"}],"wp:attachment":[{"href":"https:\/\/monde25.info\/index.php\/wp-json\/wp\/v2\/media?parent=1306"}],"wp:term":[{"taxonomy":"category","embeddable":true,"href":"https:\/\/monde25.info\/index.php\/wp-json\/wp\/v2\/categories?post=1306"},{"taxonomy":"post_tag","embeddable":true,"href":"https:\/\/monde25.info\/index.php\/wp-json\/wp\/v2\/tags?post=1306"}],"curies":[{"name":"wp","href":"https:\/\/api.w.org\/{rel}","templated":true}]}}