{"id":1310,"date":"2024-12-01T19:02:23","date_gmt":"2024-12-01T18:02:23","guid":{"rendered":"https:\/\/monde25.info\/index.php\/2024\/12\/01\/liban-la-treve-violee-par-la-multiplication-des-bombardements-israeliens-dans-le-sud\/"},"modified":"2024-12-01T19:02:23","modified_gmt":"2024-12-01T18:02:23","slug":"liban-la-treve-violee-par-la-multiplication-des-bombardements-israeliens-dans-le-sud","status":"publish","type":"post","link":"https:\/\/monde25.info\/index.php\/2024\/12\/01\/liban-la-treve-violee-par-la-multiplication-des-bombardements-israeliens-dans-le-sud\/","title":{"rendered":"Liban : la tr\u00eave viol\u00e9e par la multiplication des bombardements isra\u00e9liens dans le sud"},"content":{"rendered":"<p> <br \/>\n<\/p>\n<div>\n<p><span class=\"dropcap \" style=\"background-color: #ffffff; color: #000000; border-color: #ffffff;\"><strong>C<\/strong><\/span>omme toujours, les violations du cessez-le-feu se multiplient par Tel-Aviv. L\u2019Histoire le d\u00e9montre, ils sont incapables de respecter un engagement, une signature au bas d\u2019un document ! Il n\u2019y a pas plus indigne et vil qu\u2019un humain qui ne respecte pas ses engagements, un peu comme tous les soutiens sionistes parisiens de Tel-Aviv (Valls, macron\u2026) ! Malgr\u00e9 \u00e7a, ils vont continuer \u00e0 les soutenir et les d\u00e9crire comme des victimes du Ramasse et du Rezbolla\u2026<\/p>\n<\/div>\n<div>\n<blockquote>\n<p>Les\u00a0<a target=\"_blank\" href=\"https:\/\/www.rfi.fr\/fr\/moyen-orient\/20241130-liban-violations-isra%C3%A9liennes-de-l-accord-de-cessez-le-feu-fragilisent-davantage-la-tr%C3%AAve\" target=\"_self\"><strong>violations isra\u00e9liennes s\u2019encha\u00eenent<\/strong><\/a>\u00a0et prennent de diverses formes, allant des ratissages du territoire libanais, aux survols de drones, en passant par les avertissements lanc\u00e9s aux d\u00e9plac\u00e9s \u00e0 ne pas rentrer chez eux.<\/p>\n<p>Des drones ont survol\u00e9 Beyrouth et sa banlieue sud \u00e0 basse altitude samedi 30 novembre, pour la premi\u00e8re fois depuis l\u2019entr\u00e9e en vigueur de la tr\u00eave\u2026<\/p>\n<p>Source : <a target=\"_blank\" href=\"https:\/\/www.rfi.fr\/fr\/moyen-orient\/20241201-liban-tr%C3%AAve-fragilis%C3%A9e-multiplication-des-violations-israel-sud?utm_slink=go.rfi.fr%2F7q8\">RFI<\/a>.<\/p>\n<\/blockquote>\n<\/div>\n<p><br \/>\n<br \/><a href=\"https:\/\/www.lelibrepenseur.org\/liban-la-treve-violee-par-la-multiplication-des-bombardements-israeliens-dans-le-sud\/\" target=\"_blank\"\">Source link <\/a><\/p>\n","protected":false},"excerpt":{"rendered":"<p>Comme toujours, les violations du cessez-le-feu se multiplient par Tel-Aviv. L\u2019Histoire le d\u00e9montre, ils sont incapables de respecter un engagement, une signature au bas d\u2019un document ! Il n\u2019y a&hellip; <\/p>\n","protected":false},"author":1,"featured_media":1311,"comment_status":"open","ping_status":"open","sticky":false,"template":"","format":"standard","meta":{"footnotes":""},"categories":[1],"tags":[],"class_list":["post-1310","post","type-post","status-publish","format-standard","has-post-thumbnail","hentry","category-non-classe"],"_links":{"self":[{"href":"https:\/\/monde25.info\/index.php\/wp-json\/wp\/v2\/posts\/1310","targetHints":{"allow":["GET"]}}],"collection":[{"href":"https:\/\/monde25.info\/index.php\/wp-json\/wp\/v2\/posts"}],"about":[{"href":"https:\/\/monde25.info\/index.php\/wp-json\/wp\/v2\/types\/post"}],"author":[{"embeddable":true,"href":"https:\/\/monde25.info\/index.php\/wp-json\/wp\/v2\/users\/1"}],"replies":[{"embeddable":true,"href":"https:\/\/monde25.info\/index.php\/wp-json\/wp\/v2\/comments?post=1310"}],"version-history":[{"count":0,"href":"https:\/\/monde25.info\/index.php\/wp-json\/wp\/v2\/posts\/1310\/revisions"}],"wp:featuredmedia":[{"embeddable":true,"href":"https:\/\/monde25.info\/index.php\/wp-json\/wp\/v2\/media\/1311"}],"wp:attachment":[{"href":"https:\/\/monde25.info\/index.php\/wp-json\/wp\/v2\/media?parent=1310"}],"wp:term":[{"taxonomy":"category","embeddable":true,"href":"https:\/\/monde25.info\/index.php\/wp-json\/wp\/v2\/categories?post=1310"},{"taxonomy":"post_tag","embeddable":true,"href":"https:\/\/monde25.info\/index.php\/wp-json\/wp\/v2\/tags?post=1310"}],"curies":[{"name":"wp","href":"https:\/\/api.w.org\/{rel}","templated":true}]}}