{"id":13116,"date":"2025-07-31T05:55:38","date_gmt":"2025-07-31T03:55:38","guid":{"rendered":"https:\/\/monde25.info\/index.php\/2025\/07\/31\/le-vrai-ennemi-de-nicolas-les-moutons-enrages\/"},"modified":"2025-07-31T05:55:38","modified_gmt":"2025-07-31T03:55:38","slug":"le-vrai-ennemi-de-nicolas-les-moutons-enrages","status":"publish","type":"post","link":"https:\/\/monde25.info\/index.php\/2025\/07\/31\/le-vrai-ennemi-de-nicolas-les-moutons-enrages\/","title":{"rendered":"Le vrai ennemi de Nicolas \u2013 Les moutons enrag\u00e9s"},"content":{"rendered":"<p> <br \/>\n<\/p>\n<div>\n<p>Par Hashtable.<\/p>\n<p>\u00c0 mesure que\u00a0<a target=\"_blank\" href=\"https:\/\/h16free.com\/2025\/06\/30\/81238-des-nicolas-partout\" target=\"_blank\" rel=\"noreferrer noopener\">Nicolas, 30 ans<\/a>, se fait conna\u00eetre sur les r\u00e9seaux sociaux, les m\u00e9dias grand public s\u2019int\u00e9ressent \u00e0 ce nouveau \u00ab\u00a0m\u00e8me\u00a0\u00bb social et relatent, avec tous leurs biais, ce qu\u2019ils voient derri\u00e8re le personnage fictif subissant un contrat social qu\u2019il n\u2019a pas demand\u00e9 et qui devient de plus en plus co\u00fbteux.<\/p>\n<div class=\"wp-block-image\">\n<figure class=\"aligncenter size-large\"><img fetchpriority=\"high\" decoding=\"async\" width=\"550\" height=\"317\" src=\"https:\/\/lesmoutonsenrages.fr\/wp-content\/uploads\/2025\/07\/image-567-550x317.png\" alt=\"\" class=\"wp-image-168831\" srcset=\"https:\/\/lesmoutonsenrages.fr\/wp-content\/uploads\/2025\/07\/image-567-550x317.png 550w, https:\/\/lesmoutonsenrages.fr\/wp-content\/uploads\/2025\/07\/image-567-250x144.png 250w, https:\/\/lesmoutonsenrages.fr\/wp-content\/uploads\/2025\/07\/image-567-150x86.png 150w, https:\/\/lesmoutonsenrages.fr\/wp-content\/uploads\/2025\/07\/image-567.png 740w\" sizes=\"(max-width: 550px) 100vw, 550px\"\/><\/figure>\n<\/div>\n<p>Sans surprise, leur repr\u00e9sentation m\u00e9diatique est souvent caricaturale et c\u2019est donc aussi sans grand \u00e9tonnement que, lorsque la politicaillerie fran\u00e7aise s\u2019empare du sujet, elle ne trouve gu\u00e8re mieux \u00e0 faire qu\u2019\u00e0 polariser les Fran\u00e7ais sur les questions pourtant l\u00e9gitimes que ce personnage soul\u00e8ve.<\/p>\n<p>Ainsi, pour les politiciens class\u00e9s sur la gauche, il est \u00e9vident que Nicolas est d\u00e9testable puisque \u2013 regardez bien\u00a0! \u2013 c\u2019est un raciste ou au moins un x\u00e9nophobe\u00a0: dans les yeux de cette gauche, le \u00ab\u00a0Karim\u00a0\u00bb arch\u00e9typal du contrat social que Nicolas subit repr\u00e9sente\u00a0<em>absolument tous<\/em>\u00a0les immigr\u00e9s et leurs descendants. C\u2019est honteux\u00a0!<\/p>\n<p>Et pour les politiciens class\u00e9s \u00e0 droite, il semble assez clair que Nicolas est un ingrat, voire un s\u00e9ditieux saboteur\u00a0: dans les yeux de cette droite, les \u00ab\u00a0Bernard et Chantal\u00a0\u00bb que Nicolas subit repr\u00e9sentent\u00a0<em>absolument tous<\/em>\u00a0les retrait\u00e9s. C\u2019est honteux\u00a0!<\/p>\n<div class=\"wp-block-image\">\n<figure class=\"aligncenter size-large\"><img loading=\"lazy\" decoding=\"async\" width=\"328\" height=\"330\" src=\"https:\/\/lesmoutonsenrages.fr\/wp-content\/uploads\/2025\/07\/image-569-328x330.png\" alt=\"\" class=\"wp-image-168833\" srcset=\"https:\/\/lesmoutonsenrages.fr\/wp-content\/uploads\/2025\/07\/image-569-328x330.png 328w, https:\/\/lesmoutonsenrages.fr\/wp-content\/uploads\/2025\/07\/image-569-250x252.png 250w, https:\/\/lesmoutonsenrages.fr\/wp-content\/uploads\/2025\/07\/image-569-150x150.png 150w, https:\/\/lesmoutonsenrages.fr\/wp-content\/uploads\/2025\/07\/image-569.png 500w\" sizes=\"auto, (max-width: 328px) 100vw, 328px\" onload=\"pagespeed.lazyLoadImages.loadIfVisibleAndMaybeBeacon(this);\" onerror=\"this.onerror=null;pagespeed.lazyLoadImages.loadIfVisibleAndMaybeBeacon(this);\"\/><\/figure>\n<\/div>\n<p>Enfin, pour ceux du centre, ce \u00ab\u00a0Nicolas\u00a0\u00bb repr\u00e9sente un danger mortel puisqu\u2019il vide de substance les discours de la majorit\u00e9 pr\u00e9sidentielle\u00a0: interdisant le \u00ab\u00a0en-m\u00eame temps\u00a0\u00bb et surtout la distribution g\u00e9n\u00e9reuse de l\u2019argent des autres (puisque les autres, c\u2019est lui, pr\u00e9cis\u00e9ment), il coupe l\u2019herbe sous le pied de tout l\u2019extr\u00eame-centre qui n\u2019a que ces gesticulations politiques inutiles \u00e0 proposer pour pr\u00e9tendre r\u00e9soudre les probl\u00e8mes fran\u00e7ais. Ceci explique pourquoi les partis du PS aux LR en passant par le parti pr\u00e9sidentiel et le croupion minist\u00e9riel du Modem ne voient en Nicolas qu\u2019un fasciste qu\u2019il faut faire taire d\u2019une fa\u00e7on ou d\u2019une autre.<\/p>\n<p>Oh, bien s\u00fbr, il existe bien un portrait type de ce Karim, de ce Bernard et de cette Chantal, des arch\u00e9types de la minorit\u00e9 bruyante, qui ont en commun de vivre du travail de Nicolas tout en le traitant ouvertement de raciste ou d\u2019ingrat.<\/p>\n<p>Derri\u00e8re le \u00ab\u00a0Karim\u00a0\u00bb, on retrouve essentiellement la racaille revancharde et violente, d\u00e9nu\u00e9e d\u2019empathie et de tous remords qui \u00e9maillent un peu trop les faits divers qui s\u2019accumulent tous les jours dans les journaux locaux. C\u2019est une ic\u00f4ne, une caricature certes bross\u00e9e \u00e0 gros traits mais n\u00e9anmoins repr\u00e9sentative de cette frange de population rapidement devenue ing\u00e9rable, jouant constamment de la victimisation, c\u2019est lui qui encombre les tribunaux, les prisons et certains halls d\u2019immeubles et font vivre un v\u00e9ritable enfer aux Nicolas locaux qui ne peuvent compter ni sur les politiciens, ni sur la police, ni sur la justice pour restreindre leurs acc\u00e8s de violence.<\/p>\n<p>Qu\u2019il soit repr\u00e9sent\u00e9 comme provenant de l\u2019immigration (ici, maghr\u00e9bine) n\u2019est, bien \u00e9videmment, qu\u2019un raccourci, mais c\u2019est le m\u00eame raccourci que celui qu\u2019offrent les statistiques sur la d\u00e9linquance ou le crime en France, ou celles qui \u00e9valuent la contribution \u00e9conomique de l\u2019immigration dans le pays. Ici, l\u2019image m\u00e9m\u00e9tique est donc aussi \u00ab\u00a0raciste\u00a0\u00bb que le sont\u00a0<a target=\"_blank\" href=\"https:\/\/x.com\/marc_vanguard\/status\/1948771782489481488\" target=\"_blank\" rel=\"noreferrer noopener\">les statistiques<\/a>,\u00a0<a target=\"_blank\" href=\"https:\/\/x.com\/marc_vanguard\/status\/1946544495597588828\" target=\"_blank\" rel=\"noreferrer noopener\">les donn\u00e9es chiffr\u00e9es<\/a>\u00a0et la r\u00e9alit\u00e9 observable.<\/p>\n<div class=\"wp-block-image\">\n<figure class=\"aligncenter size-large\"><img loading=\"lazy\" decoding=\"async\" width=\"550\" height=\"283\" src=\"https:\/\/lesmoutonsenrages.fr\/wp-content\/uploads\/2025\/07\/image-572-550x283.png\" alt=\"\" class=\"wp-image-168836\" srcset=\"https:\/\/lesmoutonsenrages.fr\/wp-content\/uploads\/2025\/07\/image-572-550x283.png 550w, https:\/\/lesmoutonsenrages.fr\/wp-content\/uploads\/2025\/07\/image-572-250x129.png 250w, https:\/\/lesmoutonsenrages.fr\/wp-content\/uploads\/2025\/07\/image-572-768x395.png 768w, https:\/\/lesmoutonsenrages.fr\/wp-content\/uploads\/2025\/07\/image-572-150x77.png 150w, https:\/\/lesmoutonsenrages.fr\/wp-content\/uploads\/2025\/07\/image-572.png 1467w\" sizes=\"auto, (max-width: 550px) 100vw, 550px\" onload=\"pagespeed.lazyLoadImages.loadIfVisibleAndMaybeBeacon(this);\" onerror=\"this.onerror=null;pagespeed.lazyLoadImages.loadIfVisibleAndMaybeBeacon(this);\"\/><\/figure>\n<\/div>\n<p>De fa\u00e7on similaire, derri\u00e8re les \u00ab\u00a0Bernard &amp; Chantal\u00a0\u00bb, on retrouve essentiellement l\u2019id\u00e9e de cette g\u00e9n\u00e9ration qui a travers\u00e9 avec aisance la deuxi\u00e8me moiti\u00e9 du XXe si\u00e8cle et ce d\u2019autant plus facilement que les conditions \u00e9conomiques \u00e9taient tr\u00e8s favorables au pays\u00a0: croissance marqu\u00e9e, fiscalit\u00e9 nettement plus faible, d\u00e9mographie avantageuse, tous les \u00e9l\u00e9ments \u00e9taient r\u00e9unis pour que ce couple puisse partir en retraite dans d\u2019excellentes conditions.<\/p>\n<p>Bross\u00e9e \u00e0 gros traits, la caricature renvoie \u00e0 cette image du couple de jeunes retrait\u00e9s tr\u00e8s souvent en voyages, et ce d\u2019autant plus facilement qu\u2019ils n\u2019ont pas de petits enfants \u00e0 garder car ils n\u2019ont pas eu d\u2019enfants pour payer leur pension dont le montant tourne tout de m\u00eame\u00a0<a target=\"_blank\" href=\"https:\/\/www.capretraite.fr\/blog\/actualites\/montant-retraite-2025-voici-combien-touchent-les-francais-chaque-mois\" target=\"_blank\" rel=\"noreferrer noopener\">autour de 1500\u20ac net en moyenne<\/a>\u00a0par personne et par mois, soit\u00a0<a target=\"_blank\" href=\"https:\/\/observatoire-hexagone.org\/index.php\/2025\/03\/25\/systeme-des-retraites-lavis-des-francais\/#:~:text=Les%20baby-boomers%20per%C3%A7oivent%20%C3%A0,niveau%20de%20vie%20des%20retrait%C3%A9s.\" target=\"_blank\" rel=\"noreferrer noopener\">\u00e0 peu pr\u00e8s deux fois ce qu\u2019ils ont cotis\u00e9<\/a>.<\/p>\n<p>De fa\u00e7on statistique, c\u2019est aussi la g\u00e9n\u00e9ration qui, ayant vot\u00e9 Mitterrand au pouvoir en 1981, aura syst\u00e9matiquement favoris\u00e9 toutes les politiques conduisant \u00e0 l\u2019accroissement de l\u2019\u00c9tat dans toutes les strates de la soci\u00e9t\u00e9, de la fiscalit\u00e9 attenante, de l\u2019immigration, l\u2019augmentation des cong\u00e9s et la diminution du temps de travail, tout en refusant de fa\u00e7on constante les r\u00e9formes de fond du syst\u00e8me social \u00e0 commencer par celui des retraites.<\/p>\n<div class=\"wp-block-image\">\n<figure class=\"aligncenter size-large\"><img loading=\"lazy\" decoding=\"async\" width=\"249\" height=\"330\" src=\"https:\/\/lesmoutonsenrages.fr\/wp-content\/uploads\/2025\/07\/image-574-249x330.png\" alt=\"\" class=\"wp-image-168838\" srcset=\"https:\/\/lesmoutonsenrages.fr\/wp-content\/uploads\/2025\/07\/image-574-249x330.png 249w, https:\/\/lesmoutonsenrages.fr\/wp-content\/uploads\/2025\/07\/image-574-226x300.png 226w, https:\/\/lesmoutonsenrages.fr\/wp-content\/uploads\/2025\/07\/image-574-113x150.png 113w, https:\/\/lesmoutonsenrages.fr\/wp-content\/uploads\/2025\/07\/image-574.png 700w\" sizes=\"auto, (max-width: 249px) 100vw, 249px\" onload=\"pagespeed.lazyLoadImages.loadIfVisibleAndMaybeBeacon(this);\" onerror=\"this.onerror=null;pagespeed.lazyLoadImages.loadIfVisibleAndMaybeBeacon(this);\"\/><\/figure>\n<\/div>\n<p>Bien \u00e9videmment \u2013 et c\u2019est tout le jeu malsain des politiciens \u2013 se focaliser sur \u00ab\u00a0les immigr\u00e9s\u00a0\u00bb et sur \u00ab\u00a0les retrait\u00e9s\u00a0\u00bb revient, en essentialisant \u00e0 la grosse louche des millions de personnes, \u00e0 \u00e9crabouiller les parcours individuels qui sont complexes et contraints par le paysage \u00e9conomique, politique et culturel du pays sur ces 50 derni\u00e8res ann\u00e9es\u00a0; c\u2019est oublier (volontairement\u00a0?) les millions de retrait\u00e9s qui ont subi un syst\u00e8me de cotisations dont ils ne voulaient pas (car comprenant son in\u00e9vitable faillite), c\u2019est passer au bleu les millions d\u2019immigrants int\u00e9gr\u00e9s, travailleurs et respectueux des us, coutumes et cultures du pays.<\/p>\n<p>Autrement dit, les st\u00e9r\u00e9otypes v\u00e9hicul\u00e9s par ce Nicolas m\u00e9m\u00e9tique ne sont que \u00e7a\u00a0: des caricatures. Mais\u00a0<strong>elle servent un but<\/strong>\u00a0: imposer enfin dans le d\u00e9bat public deux th\u00e8mes jusqu\u2019ici soigneusement \u00e9vit\u00e9s par la caste jacassante (les m\u00e9dias et les politiciens).<\/p>\n<p>Le premier est celui du syst\u00e8me actuel de retraite par r\u00e9partition, clairement vou\u00e9 \u00e0 la faillite. Or, tout syst\u00e8me alternatif (notamment par capitalisation) est actuellement farouchement combattu par cette caste jacassante.<\/p>\n<p>Le second est celui de l\u2019immigration, dont on peut \u00e0 pr\u00e9sent voir le bilan globalement n\u00e9gatif, avec une int\u00e9gration difficile, une augmentation de l\u2019ins\u00e9curit\u00e9 li\u00e9e \u00e0 l\u2019aspect multiculturel impos\u00e9, et un appauvrissement des Fran\u00e7ais.<\/p>\n<p>En somme, alors que dans les ann\u00e9es 80, le projet \u00e9tait clairement d\u2019importer des migrants pour payer les retraites, le pays se retrouve maintenant confront\u00e9 \u00e0 d\u2019imp\u00e9rieux besoins de r\u00e9forme des retraites pour pouvoir nourrir ces migrants.\u00a0<strong>C\u2019est un \u00e9chec complet<\/strong>\u00a0et le \u00ab\u00a0Nicolas\u00a0\u00bb, en arrivant dans le d\u00e9bat, impose d\u2019en discuter.<\/p>\n<p>Malheureusement, l\u2019absence de d\u00e9bat (impos\u00e9 par le socialisme mental pr\u00e9sent tant \u00e0 gauche qu\u2019\u00e0 droite, et sa capacit\u00e9 \u00e0 lancer des anath\u00e8mes \u2013 raciste, \u00e9go\u00efste, fasciste, etc.) rend les prises de position puis de becs de plus en plus extr\u00eames et polaris\u00e9es.<\/p>\n<div class=\"wp-block-image\">\n<figure class=\"aligncenter size-large\"><img loading=\"lazy\" decoding=\"async\" width=\"550\" height=\"229\" src=\"https:\/\/lesmoutonsenrages.fr\/wp-content\/uploads\/2025\/07\/image-576-550x229.png\" alt=\"\" class=\"wp-image-168840\" srcset=\"https:\/\/lesmoutonsenrages.fr\/wp-content\/uploads\/2025\/07\/image-576-550x229.png 550w, https:\/\/lesmoutonsenrages.fr\/wp-content\/uploads\/2025\/07\/image-576-250x104.png 250w, https:\/\/lesmoutonsenrages.fr\/wp-content\/uploads\/2025\/07\/image-576-768x320.png 768w, https:\/\/lesmoutonsenrages.fr\/wp-content\/uploads\/2025\/07\/image-576-150x63.png 150w, https:\/\/lesmoutonsenrages.fr\/wp-content\/uploads\/2025\/07\/image-576.png 825w\" sizes=\"auto, (max-width: 550px) 100vw, 550px\" onload=\"pagespeed.lazyLoadImages.loadIfVisibleAndMaybeBeacon(this);\" onerror=\"this.onerror=null;pagespeed.lazyLoadImages.loadIfVisibleAndMaybeBeacon(this);\"\/><\/figure>\n<\/div>\n<p>Ici, le vrai ennemi de Nicolas, c\u2019est bien cette caste jacassante, et plus pr\u00e9cis\u00e9ment l\u2019\u00c9tat dont les pr\u00e9bendes et privil\u00e8ges irriguent cette caste.<\/p>\n<p>En utilisant l\u2019\u00c9tat et la propagande d\u2019\u00c9tat, cette caste a verrouill\u00e9 tout d\u00e9bat possible sur les retraites, la d\u00e9mographie, l\u2019immigration. En appliquant soigneusement le socialisme, cette caste a une nouvelle fois d\u00e9montr\u00e9 que\u00a0<strong>cette doctrine n\u2019aboutit qu\u2019\u00e0 la guerre de tous contre tous<\/strong>. Elle a polaris\u00e9 les pauvres contre les riches, les ouvriers contre les cadres, les jeunes contre les vieux, les musulmans contre les catholiques puis contre tous les autres, les villes contre les campagnes.<\/p>\n<p>Elle a divis\u00e9 le pays en usant du communautarisme, en mettant en avant des minorit\u00e9s par opposition \u00e0 l\u2019ensemble, en faisant tout pour cacher, m\u00e9priser et interdire la plus petite des minorit\u00e9s, l\u2019individu.<\/p>\n<p>Avec Nicolas, vient \u00e0 pr\u00e9sent le moment de la facture. Impayable, elle pourrait bien se transformer en fracture.<\/p>\n<div class=\"wp-block-image\">\n<figure class=\"aligncenter size-large\"><img loading=\"lazy\" decoding=\"async\" width=\"507\" height=\"330\" src=\"https:\/\/lesmoutonsenrages.fr\/wp-content\/uploads\/2025\/07\/image-578-507x330.png\" alt=\"\" class=\"wp-image-168842\" srcset=\"https:\/\/lesmoutonsenrages.fr\/wp-content\/uploads\/2025\/07\/image-578-507x330.png 507w, https:\/\/lesmoutonsenrages.fr\/wp-content\/uploads\/2025\/07\/image-578-250x163.png 250w, https:\/\/lesmoutonsenrages.fr\/wp-content\/uploads\/2025\/07\/image-578-150x98.png 150w, https:\/\/lesmoutonsenrages.fr\/wp-content\/uploads\/2025\/07\/image-578.png 550w\" sizes=\"auto, (max-width: 507px) 100vw, 507px\" onload=\"pagespeed.lazyLoadImages.loadIfVisibleAndMaybeBeacon(this);\" onerror=\"this.onerror=null;pagespeed.lazyLoadImages.loadIfVisibleAndMaybeBeacon(this);\"\/><\/figure>\n<\/div>\n<p>Par H16<\/p>\n<p><a target=\"_blank\" href=\"https:\/\/h16free.com\/2025\/07\/28\/81498-le-vrai-ennemi-de-nicolas\" data-type=\"link\" data-id=\"https:\/\/h16free.com\/2025\/07\/28\/81498-le-vrai-ennemi-de-nicolas\">Publi\u00e9 le 28 juillet 2025 sur Hashtable<\/a><\/p>\n<p>Tous les articles, la tribune libre et les commentaires sont sous la responsabilit\u00e9 de leurs auteurs. Les Moutons Enrag\u00e9s ne sauraient \u00eatre tenus responsables de leur contenu ou orientation en les publiant ou republiant sur le site.<\/p>\n<\/div>\n<p><br \/>\n<br \/><a href=\"https:\/\/lesmoutonsenrages.fr\/2025\/07\/29\/le-vrai-ennemi-de-nicolas\/\" target=\"_blank\"\">Source link <\/a><\/p>\n","protected":false},"excerpt":{"rendered":"<p>Par Hashtable. \u00c0 mesure que\u00a0Nicolas, 30 ans, se fait conna\u00eetre sur les r\u00e9seaux sociaux, les m\u00e9dias grand public s\u2019int\u00e9ressent \u00e0 ce nouveau \u00ab\u00a0m\u00e8me\u00a0\u00bb social et relatent, avec tous leurs biais,&hellip; <\/p>\n","protected":false},"author":1,"featured_media":13117,"comment_status":"open","ping_status":"open","sticky":false,"template":"","format":"standard","meta":{"footnotes":""},"categories":[1],"tags":[],"class_list":["post-13116","post","type-post","status-publish","format-standard","has-post-thumbnail","hentry","category-non-classe"],"_links":{"self":[{"href":"https:\/\/monde25.info\/index.php\/wp-json\/wp\/v2\/posts\/13116","targetHints":{"allow":["GET"]}}],"collection":[{"href":"https:\/\/monde25.info\/index.php\/wp-json\/wp\/v2\/posts"}],"about":[{"href":"https:\/\/monde25.info\/index.php\/wp-json\/wp\/v2\/types\/post"}],"author":[{"embeddable":true,"href":"https:\/\/monde25.info\/index.php\/wp-json\/wp\/v2\/users\/1"}],"replies":[{"embeddable":true,"href":"https:\/\/monde25.info\/index.php\/wp-json\/wp\/v2\/comments?post=13116"}],"version-history":[{"count":0,"href":"https:\/\/monde25.info\/index.php\/wp-json\/wp\/v2\/posts\/13116\/revisions"}],"wp:featuredmedia":[{"embeddable":true,"href":"https:\/\/monde25.info\/index.php\/wp-json\/wp\/v2\/media\/13117"}],"wp:attachment":[{"href":"https:\/\/monde25.info\/index.php\/wp-json\/wp\/v2\/media?parent=13116"}],"wp:term":[{"taxonomy":"category","embeddable":true,"href":"https:\/\/monde25.info\/index.php\/wp-json\/wp\/v2\/categories?post=13116"},{"taxonomy":"post_tag","embeddable":true,"href":"https:\/\/monde25.info\/index.php\/wp-json\/wp\/v2\/tags?post=13116"}],"curies":[{"name":"wp","href":"https:\/\/api.w.org\/{rel}","templated":true}]}}