{"id":13120,"date":"2025-07-31T08:08:02","date_gmt":"2025-07-31T06:08:02","guid":{"rendered":"https:\/\/monde25.info\/index.php\/2025\/07\/31\/le-jardin-la-ou-les-sens-saffinent\/"},"modified":"2025-07-31T08:08:02","modified_gmt":"2025-07-31T06:08:02","slug":"le-jardin-la-ou-les-sens-saffinent","status":"publish","type":"post","link":"https:\/\/monde25.info\/index.php\/2025\/07\/31\/le-jardin-la-ou-les-sens-saffinent\/","title":{"rendered":"\u00ab\u00a0Le jardin, l\u00e0 o\u00f9 les sens s&#039;affinent\u00a0\u00bb"},"content":{"rendered":"<p> <br \/>\n<br \/><img loading=\"lazy\" decoding=\"async\" src=\"https:\/\/reporterre.net\/local\/cache-vignettes\/L700xH467\/pre_setloinjardin2_1_-3e839.jpg?1753941601\" class=\"spip_logo\" width=\"700\" height=\"467\" alt=\"\" \/><\/p>\n<p>Dans la nature, avoir les sens en \u00e9veil est une facult\u00e9 qui s&rsquo;apprend dans l&rsquo;enfance, moins \u00e0 l&rsquo;\u00e2ge adulte. Notre chroniqueuse le constate dans son potager, o\u00f9 il n&rsquo;est pas ais\u00e9 de s&rsquo;occuper de ses plants tout en gardant l&rsquo;\u0153il ouvert. <br class=\"autobr\" \/> Notre journaliste Marie Astier a un grand potager, chez elle, dans les C\u00e9vennes. Dans cette chronique, elle livre astuces et r\u00e9flexions parce que jardiner\u2026 c&rsquo;est politique. <br class=\"autobr\" \/><br \/>\nAu mois de juillet, je scrute les tomates. Quasiment chaque jour, \u00e0 la recherche du\u00a0(\u2026)<\/p>\n<p>                    <a target=\"_blank\" href=\"https:\/\/reporterre.net\/Le-jardin-la-ou-les-sens-s-affinent?utm_source=RSS&amp;utm_medium=RSS\">Lire la suite<\/a><\/p>\n<p>                    &#8211;<br \/>\n                        <a target=\"_blank\" href=\"https:\/\/reporterre.net\/CHRONIQUES-22\" rel=\"directory\">Chronique<\/a><\/p>\n<p>                    \/<br \/>\n                        <a target=\"_blank\" href=\"https:\/\/reporterre.net\/Agriculture\" rel=\"tag\">Agriculture<\/a><br \/>\n                    ,<br \/>\n                        <a target=\"_blank\" href=\"https:\/\/reporterre.net\/Potager-politique\" rel=\"tag\">Potager politique<\/a><br \/>\n<br \/><br \/>\n<br \/><a href=\"https:\/\/reporterre.net\/Le-jardin-la-ou-les-sens-s-affinent\" target=\"_blank\"\">Source link <\/a><\/p>\n","protected":false},"excerpt":{"rendered":"<p>Dans la nature, avoir les sens en \u00e9veil est une facult\u00e9 qui s&rsquo;apprend dans l&rsquo;enfance, moins \u00e0 l&rsquo;\u00e2ge adulte. Notre chroniqueuse le constate dans son potager, o\u00f9 il n&rsquo;est pas&hellip; <\/p>\n","protected":false},"author":1,"featured_media":0,"comment_status":"open","ping_status":"open","sticky":false,"template":"","format":"standard","meta":{"footnotes":""},"categories":[1],"tags":[],"class_list":["post-13120","post","type-post","status-publish","format-standard","hentry","category-non-classe"],"_links":{"self":[{"href":"https:\/\/monde25.info\/index.php\/wp-json\/wp\/v2\/posts\/13120","targetHints":{"allow":["GET"]}}],"collection":[{"href":"https:\/\/monde25.info\/index.php\/wp-json\/wp\/v2\/posts"}],"about":[{"href":"https:\/\/monde25.info\/index.php\/wp-json\/wp\/v2\/types\/post"}],"author":[{"embeddable":true,"href":"https:\/\/monde25.info\/index.php\/wp-json\/wp\/v2\/users\/1"}],"replies":[{"embeddable":true,"href":"https:\/\/monde25.info\/index.php\/wp-json\/wp\/v2\/comments?post=13120"}],"version-history":[{"count":0,"href":"https:\/\/monde25.info\/index.php\/wp-json\/wp\/v2\/posts\/13120\/revisions"}],"wp:attachment":[{"href":"https:\/\/monde25.info\/index.php\/wp-json\/wp\/v2\/media?parent=13120"}],"wp:term":[{"taxonomy":"category","embeddable":true,"href":"https:\/\/monde25.info\/index.php\/wp-json\/wp\/v2\/categories?post=13120"},{"taxonomy":"post_tag","embeddable":true,"href":"https:\/\/monde25.info\/index.php\/wp-json\/wp\/v2\/tags?post=13120"}],"curies":[{"name":"wp","href":"https:\/\/api.w.org\/{rel}","templated":true}]}}