{"id":13121,"date":"2025-07-31T08:40:37","date_gmt":"2025-07-31T06:40:37","guid":{"rendered":"https:\/\/monde25.info\/index.php\/2025\/07\/31\/ce-que-le-feminisme-change-aussi-pour-les-hommes\/"},"modified":"2025-07-31T08:40:37","modified_gmt":"2025-07-31T06:40:37","slug":"ce-que-le-feminisme-change-aussi-pour-les-hommes","status":"publish","type":"post","link":"https:\/\/monde25.info\/index.php\/2025\/07\/31\/ce-que-le-feminisme-change-aussi-pour-les-hommes\/","title":{"rendered":"Ce que le f\u00e9minisme change aussi pour les hommes"},"content":{"rendered":"<p> <br \/>\n<\/p>\n<div>\n<h4><b>Le f\u00e9minisme est souvent per\u00e7u, \u00e0 tort, comme une cause exclusivement f\u00e9minine, voire comme une lutte oppos\u00e9e aux hommes. Pourtant, en d\u00e9construisant les normes de genre et les rapports de domination, il ouvre la voie \u00e0 une soci\u00e9t\u00e9 plus juste pour toutes et tous. <\/b><strong><b>Et si le f\u00e9minisme lib\u00e9rait aussi les hommes ?<\/b><\/strong><\/h4>\n<p>\u00c0 travers ses combats pour l\u2019\u00e9galit\u00e9 et l\u2019\u00e9mancipation des femmes dans une soci\u00e9t\u00e9 qui les a trop longtemps rel\u00e9gu\u00e9es au second r\u00f4le, le f\u00e9minisme interroge <strong>des constructions sociales<\/strong> qui enferment aussi les hommes dans des postures rigides et oppressantes.<\/p>\n<p><strong>Injonction \u00e0 la virilit\u00e9, tabou des \u00e9motions, pression \u00e0 la r\u00e9ussite ou \u00e0 la domination :<\/strong> autant de normes patriarcales qui nuisent \u00e0 leur sant\u00e9 mentale, \u00e0 leurs relations et \u00e0 leur libert\u00e9 d\u2019\u00eatre.<\/p>\n<p>Ce que propose le f\u00e9minisme, ce n\u2019est pas une inversion des rapports de pouvoir, mais bien<strong> une lib\u00e9ration collective des carcans genr\u00e9s. <\/strong>Car en r\u00e9alit\u00e9, ce combat n\u2019est pas seulement celui des femmes, <strong>c\u2019est celui de toutes les personnes qui veulent vivre autrement.<\/strong><\/p>\n<blockquote>\n<p><strong>\u00ab Les hommes devraient soutenir le f\u00e9minisme, non pas par altruisme, mais parce qu\u2019eux aussi ont \u00e0 y gagner. \u00bb <\/strong><strong> \u2013 <\/strong><em>Jackson Katz<\/em><\/p>\n<\/blockquote>\n<h2 class=\"western\"><strong>Une meilleure sant\u00e9 mentale\u2026 pour tout le monde<\/strong><\/h2>\n<p>Le patriarcat n\u2019impose pas seulement aux femmes une charge mentale et des in\u00e9galit\u00e9s criantes. <b>Il impose aussi aux hommes un silence \u00e9motionnel pesant<\/b><strong>.<\/strong> <a target=\"_blank\" href=\"https:\/\/www.lagrandeconversation.com\/societe\/sante-mentale-et-genre-un-tabou-masculin\/\">Et ce silence, parfois, tue. Litt\u00e9ralement.<\/a><\/p>\n<p><strong>Les chiffres sont sans appel : <\/strong><a target=\"_blank\" href=\"https:\/\/www.lagrandeconversation.com\/societe\/sante-mentale-et-genre-un-tabou-masculin\/\">en France, environ <strong>75 % des suicides sont commis par des hommes.<\/strong><\/a>\u00a0Une tendance que l\u2019on retrouve dans de nombreux pays. Cette surrepr\u00e9sentation s\u2019explique en partie par<strong> l\u2019int\u00e9riorisation des normes virilistes,<\/strong> qui emp\u00eachent nombre d\u2019hommes de demander de l\u2019aide ou de verbaliser leur souffrance. Parce que <b>montrer ses \u00e9motions reste per\u00e7u comme une faibless<\/b><strong>e.<\/strong> Parce qu\u2019un homme ne \u00ab craque \u00bb pas, il \u00ab g\u00e8re \u00bb. Jusqu\u2019\u00e0 l\u2019explosion. Jusqu\u2019\u00e0 la mort.<\/p>\n<p>Le f\u00e9minisme, en ouvrant la porte \u00e0 <strong>une red\u00e9finition des normes de genre,<\/strong> propose justement de sortir de cette impasse. Il invite les hommes \u00e0 s\u2019autoriser \u00e0 parler, \u00e0 demander de l\u2019aide, \u00e0 pleurer sans honte, <strong>\u00e0 d\u00e9poser les armes du \u00ab\u00a0sois fort\u00a0\u00bb pour se connecter \u00e0 ce qu\u2019ils ressentent vraiment.<\/strong><\/p>\n<h2 class=\"western\"><strong>Un silence qui alimente les violences<\/strong><\/h2>\n<p>Pouvoir exprimer ce que l\u2019on ressent est <b>un besoin humain fondamental. <\/b>Ne pas se sentir l\u00e9gitime de verbaliser ses douleurs peut alimenter <b>une mauvaise gestion des \u00e9motions, notamment de la col\u00e8re. <\/b><\/p>\n<p>S\u2019il est crucial et imp\u00e9ratif de <strong>responsabiliser tous les agresseurs quant \u00e0 leurs actes,<\/strong> analyser les moyens de les d\u00e9samorcer \u00e0 l\u2019\u00e9chelle syst\u00e9mique reste vital, litt\u00e9ralement. Par exemple,<strong> le manque d\u2019\u00e9ducation des hommes \u00e0 l\u2019intimit\u00e9 \u00e9motionnelle<\/strong> participe \u00e0 inciter des milliers d\u2019internautes \u00e0 lib\u00e9rer une parole immature et violente sous couvert d\u2019anonymat : <b>le sexe qui incarne une forme de vuln\u00e9rabilit\u00e9 insoutenable pour l\u2019homme devient ainsi un th\u00e8me de frustration r\u00e9current sur internet, voire de haine,<a target=\"_blank\" href=\"https:\/\/mrmondialisation.org\/misogynie-en-ligne-terrain-dune-culture-du-viol-2-0\/\"> jusqu\u2019au harc\u00e8lement.<\/a><\/b><\/p>\n<p>Si le f\u00e9minisme cherche \u00e0 prot\u00e9ger les femmes des attaques qui d\u00e9coulent de ce malaise \u00e9motionnel, il n\u2019est donc pas l\u2019ennemi des hommes pour autant : c\u2019est une invitation \u00e0 sortir du costume trop serr\u00e9 d\u2019une \u00ab virilit\u00e9 \u00bb impos\u00e9e par le carcan soci\u00e9tal. <strong>Une porte ouverte vers une (co)existence plus authentique, plus saine, et plus \u00e9panouie.<\/strong><\/p>\n<div class=\"td-a-rec td-a-rec-id-content_inline  tdi_1 td_block_template_1\">\n<span class=\"td-adspot-title\">&#8211; Pour une information libre ! &#8211;<\/span><a target=\"_blank\" href=\"https:\/\/fr.tipeee.com\/mr-mondialisation\" class=\"tipeee-project-small\">Soutenir Mr Japanization sur Tipeee<\/a>\n<\/div>\n<p>La remise en cause de la figure masculine traditionnelle (forte, silencieuse, performante) ne peut que <b>permettre \u00e0 une majorit\u00e9 d\u2019hommes de construire des identit\u00e9s plus nuanc\u00e9es, moins marqu\u00e9es par la d\u00e9tresse ou l\u2019isolement affectif, jusqu\u2019\u00e0 l\u2019insensibilisation<\/b><strong>.<\/strong><\/p>\n<p><iframe loading=\"lazy\" title=\"Why feminism needs men - and men need feminism | Nikki van der Gaag | TEDxLSHTM\" width=\"1110\" height=\"624\" src=\"https:\/\/www.youtube.com\/embed\/3Xu2JE2LoEY?feature=oembed\" frameborder=\"0\" allow=\"accelerometer; autoplay; clipboard-write; encrypted-media; gyroscope; picture-in-picture; web-share\" referrerpolicy=\"strict-origin-when-cross-origin\" allowfullscreen><\/iframe><\/p>\n<h2 class=\"western\"><strong>Lib\u00e9ration des st\u00e9r\u00e9otypes de genre : en finir avec l\u2019injonction \u00e0 la virilit\u00e9<\/strong><\/h2>\n<p>Le f\u00e9minisme ne se limite pas \u00e0 la d\u00e9fense des droits des femmes et, bien loin des id\u00e9es re\u00e7ues, il ne cherche pas \u00e0 \u00ab f\u00e9miniser \u00bb les hommes ou \u00e0 leur arracher leur barbe de force \u2013 ce qui pose au passage la question de la d\u00e9valuation du f\u00e9minin.<b> Il remet en question les st\u00e9r\u00e9otypes de genre \u2013 <\/b><em><b>tous<\/b><\/em><b> les st\u00e9r\u00e9otypes, y compris ceux qui p\u00e8sent lourdement sur les hommes.<\/b><\/p>\n<p>\u00c0 ce titre, <strong>il<\/strong> <strong><b>s\u2019oppose aux<\/b><\/strong><strong><b> injonctions \u00e0 la virilit\u00e9<\/b><\/strong><b> qui p\u00e8sent sur les hommes<\/b> : la n\u00e9cessit\u00e9 de masquer ses sentiments, de d\u00e9montrer constamment sa force, de cacher ses failles ou encore de porter seul la responsabilit\u00e9 financi\u00e8re du foyer.<\/p>\n<p>En d\u00e9fendant la libert\u00e9 des femmes d\u2019\u00eatre autre chose qu\u2019un r\u00f4le fig\u00e9, le f\u00e9minisme d\u00e9fend aussi la libert\u00e9 des hommes \u00e0 \u00eatre pleinement eux-m\u00eames. Il permet aux hommes d\u2019acc\u00e9der \u00e0 une forme de <strong>masculinit\u00e9 plus libre et plus humaine<\/strong>, o\u00f9 la sensibilit\u00e9, l\u2019empathie, la vuln\u00e9rabilit\u00e9, la bienveillance et la tendresse ne sont plus per\u00e7ues comme des signes de faiblesse, mais comme des traits pleinement l\u00e9gitimes.<\/p>\n<p>Il encourage chacun \u00e0 <b>red\u00e9finir ce que signifie \u00ab \u00eatre un homme \u00bb aujourd\u2019hui, sans devoir cocher les cases d\u2019un manuel poussi\u00e9reux r\u00e9dig\u00e9 il y a quelques si\u00e8cles<\/b><strong>.<\/strong> Une masculinit\u00e9 vid\u00e9e de sa toxicit\u00e9, plus libre, plus riche, et, par ailleurs, bien plus s\u00e9duisante qu\u2019une d\u00e9monstration de virilit\u00e9 forc\u00e9e.<\/p>\n<p><b>Ce n\u2019est pas en refoulant ses \u00e9motions que l\u2019on devient un homme, c\u2019est en osant les vivre<\/b><strong>.<\/strong> Prenons l\u2019exemple embl\u00e9matique de cette \u00e9volution : <a target=\"_blank\" href=\"https:\/\/www.courrierinternational.com\/stories\/festival-de-cannes-pedro-pascal-l-icone-dont-la-masculinite-a-besoin_231184\">des figures publiques comme <strong>Pedro Pascal<\/strong><\/a>, l\u2019un des acteurs les plus appr\u00e9ci\u00e9s de ces derni\u00e8res ann\u00e9es, et dont l\u2019image brise les codes virilistes traditionnels, incarnent<b>\u00a0une masculinit\u00e9 d\u00e9complex\u00e9e, bienveillante et assum\u00e9e<\/b><strong>.<\/strong> Ce mod\u00e8le ne renonce pas \u00e0 sa masculinit\u00e9 en \u00e9tant attentionn\u00e9 et vuln\u00e9rable. Au contraire, il l\u2019\u00e9largit, il l\u2019enrichit. Il montre qu\u2019<b>on peut \u00eatre un homme sans devoir ressembler \u00e0 une caricature de publicit\u00e9 pour <\/b><b>de<\/b><b> la mousse \u00e0 rase<\/b><strong>r.<\/strong> Ce type de repr\u00e9sentations contribue \u00e0 red\u00e9finir les contours de la virilit\u00e9 contemporaine, en dehors des sch\u00e9mas oppressifs.<\/p>\n<p><iframe loading=\"lazy\" title=\"COMMENT LE MASCULINISME MENACE LES FEMMES ET TOUTE LA SOCI\u00c9T\u00c9\" width=\"1110\" height=\"624\" src=\"https:\/\/www.youtube.com\/embed\/sIZXTslQuR0?feature=oembed\" frameborder=\"0\" allow=\"accelerometer; autoplay; clipboard-write; encrypted-media; gyroscope; picture-in-picture; web-share\" referrerpolicy=\"strict-origin-when-cross-origin\" allowfullscreen><\/iframe><\/p>\n<h2 class=\"western\"><strong>Lutter contre les violences subies par les hommes : une urgence aussi<\/strong><\/h2>\n<p>Le f\u00e9minisme est parfois caricatur\u00e9 comme ignorant, voire niant, les violences subies par les hommes. Or le f\u00e9minisme reconna\u00eet bel et bien cette r\u00e9alit\u00e9 : <strong>les hommes sont \u00e9galement victimes de violences<\/strong>, qu\u2019elles soient physiques, psychologiques ou sexuelles, et qu\u2019elles soient inflig\u00e9es par des femmes ou, le plus souvent, par d\u2019autres hommes.<\/p>\n<p><b>Ces violences sont fr\u00e9quemment minimis\u00e9es, voire tourn\u00e9es en d\u00e9rision<\/b>, mais davantage par le patriarcat lui-m\u00eame que par les f\u00e9ministes. La vision genr\u00e9e du couple h\u00e9t\u00e9ronorm\u00e9 dissuade les victimes de signaler ces violences ou d\u2019en parler. Un homme qui dit avoir \u00e9t\u00e9 frapp\u00e9 par sa compagne ? On se moque de lui. Un gar\u00e7on qui parle d\u2019agression sexuelle ? On lui r\u00e9pond qu\u2019il devrait plut\u00f4t \u00ab s\u2019en vanter \u00bb. Le f\u00e9minisme, en d\u00e9non\u00e7ant pr\u00e9cis\u00e9ment les syst\u00e8mes qui l\u00e9gitiment et banalisent la violence comme expression de domination, <strong>\u0153uvre \u00e9galement \u00e0 rendre visibles et audibles les souffrances masculines.<\/strong><\/p>\n<p>Parce que si les femmes restent les principales victimes de violences sexistes et sexuelles (en 2023 et 2024, sur l\u2019ensemble des victimes de violences conjugales et\/ou sexuelles, <a target=\"_blank\" href=\"https:\/\/www.vie-publique.fr\/en-bref\/293304-violences-sexuelles-envers-les-femmes-les-statistiques-pour-2023?utm_source=chatgpt.com\">85\u202f% sont des femmes<\/a>), ce n\u2019est pas \u00ab moins grave \u00bb quand c\u2019est un homme qui souffre. Ce n\u2019est pas \u00ab ridicule \u00bb non plus. C\u2019est s\u00e9rieux et injuste. <b>Le f\u00e9minisme <\/b><strong><b>s\u2019attaque aux syst\u00e8mes<\/b><\/strong> <strong>qui banalisent, justifient ou perp\u00e9tuent la domination viriliste sous toutes ses formes.<\/strong><\/p>\n<p>Dans une soci\u00e9t\u00e9 plus \u00e9galitaire, fond\u00e9e sur le respect et la dignit\u00e9 de toutes les personnes, <b>chaque victime \u2013 quel que soit son genre \u2013 doit \u00eatre crue, prot\u00e9g\u00e9e et accompagn\u00e9e<\/b><strong>.<\/strong> Le f\u00e9minisme\u00a0vise <b>un monde o\u00f9 \u00eatre vuln\u00e9rable n\u2019est plus une honte<\/b>, et o\u00f9 la violence n\u2019est plus banalis\u00e9e, quel que soit le genre de la victime, mais en conscientisant de fa\u00e7on r\u00e9aliste que l\u2019agresseur est dans une \u00e9crasante majorit\u00e9 de cas un homme. Ce qui n\u2019est pas anodin et doit, qu\u2019on le veuille ou non, nous interpeller.<\/p>\n<p><iframe loading=\"lazy\" title=\"Violence chez les jeunes hommes : l\u2019\u00e9ducation face au masculinisme\" width=\"1110\" height=\"624\" src=\"https:\/\/www.youtube.com\/embed\/BIUtLPMOI_c?feature=oembed\" frameborder=\"0\" allow=\"accelerometer; autoplay; clipboard-write; encrypted-media; gyroscope; picture-in-picture; web-share\" referrerpolicy=\"strict-origin-when-cross-origin\" allowfullscreen><\/iframe><\/p>\n<h2 class=\"western\"><strong>Le f\u00e9minisme n\u2019est pas une guerre des sexes<\/strong><\/h2>\n<p><strong>Le f\u00e9minisme ne cherche pas \u00e0 renverser les r\u00f4les<\/strong>, ni \u00e0 instaurer un \u00ab matriarcat \u00bb vengeur fantasm\u00e9. Il propose un mod\u00e8le de soci\u00e9t\u00e9 o\u00f9 chacun\u00b7e peut vivre mieux. O\u00f9 la domination, la peur et le contr\u00f4le <strong>calqu\u00e9s sur des valeurs capitalistes de comp\u00e9titivit\u00e9 et de pseudo-m\u00e9ritocratie<\/strong> ne sont plus la norme. O\u00f9, a contrario, l\u2019on avance ensemble, selon des principes jusqu\u2019\u00e0 pr\u00e9sent discr\u00e9dit\u00e9s de solidarit\u00e9 et de collaboration, d\u2019empathie et de douceur ; autant de notions renvoy\u00e9es par leur d\u00e9tracteurs parall\u00e8lement \u00e0 <strong>des id\u00e9ologies politiques \u00ab\u00a0na\u00efves\u00a0\u00bb<\/strong> comme \u00e0 <strong>une \u00ab\u00a0sensiblerie\u00a0\u00bb f\u00e9minine<\/strong> afin d\u2019assurer la perp\u00e9tuation d\u2019un syst\u00e8me qui les privil\u00e9gie.<\/p>\n<p><b>Le f\u00e9minisme, n\u2019est donc pas une guerre des sexes : <\/b><strong><b>c\u2019est une main tendue<\/b><\/strong><b> pour construire un monde plus juste, plus \u00e9quilibr\u00e9 et plus vivable<\/b><strong>. <\/strong>C\u2019est un socle commun entre<strong> \u00e9cologie et \u00e9galit\u00e9 de genre <\/strong>pour un monde plus respirable loin du cynisme de nos mod\u00e8les de soci\u00e9t\u00e9.<\/p>\n<p><iframe loading=\"lazy\" title=\"Chez les Vikings, des soci\u00e9t\u00e9s d\u00e9j\u00e0 \u00e9galitaires\" width=\"1110\" height=\"833\" src=\"https:\/\/www.youtube.com\/embed\/-EkLid8waD4?feature=oembed\" frameborder=\"0\" allow=\"accelerometer; autoplay; clipboard-write; encrypted-media; gyroscope; picture-in-picture; web-share\" referrerpolicy=\"strict-origin-when-cross-origin\" allowfullscreen><\/iframe><\/p>\n<p>Ce n\u2019est pas une th\u00e9orie fumeuse, c\u2019est un fait observable : <strong>les soci\u00e9t\u00e9s les plus \u00e9galitaires sont aussi les plus pacifiques, les plus prosp\u00e8res et les plus heureuses.<\/strong><\/p>\n<p>Moins de violences, plus de coop\u00e9ration, une meilleure sant\u00e9 mentale, un climat social plus sain, une justice plus \u00e9quitable, des enfants mieux \u00e9duqu\u00e9s\u2026 <strong><b>Le<\/b><\/strong><strong><b> f\u00e9minisme dans son ensemble ne cherche pas \u00e0 \u00ab dominer les hommes \u00bb<\/b><\/strong><strong>, ce n\u2019est pas une \u00ab\u00a0revanche\u00a0\u00bb contre eux. Son but n\u2019est pas non plus d\u2019instaurer une dictature du torchon bien pli\u00e9.<\/strong><\/p>\n<p><iframe loading=\"lazy\" title=\"History Summarized: Iroquois Native Americans\" width=\"1110\" height=\"624\" src=\"https:\/\/www.youtube.com\/embed\/zTG45DSSgdE?feature=oembed\" frameborder=\"0\" allow=\"accelerometer; autoplay; clipboard-write; encrypted-media; gyroscope; picture-in-picture; web-share\" referrerpolicy=\"strict-origin-when-cross-origin\" allowfullscreen><\/iframe><\/p>\n<h2 class=\"western\"><strong>Des relations plus saines, plus \u00e9galitaires<\/strong><\/h2>\n<p>En encourageant le respect mutuel et le consentement, <strong><b>le f\u00e9minisme rend les relations interpersonnelles plus \u00e9quilibr\u00e9es, moins charg\u00e9es d\u2019attentes rigides<\/b>.<\/strong> Finis les clich\u00e9s de l\u2019homme viril qui doit tout porter sur ses \u00e9paules et de la femme douce et compr\u00e9hensive qui devine les besoins de tout le monde sans jamais se plaindre. Moins de pression, plus de compr\u00e9hension. Moins de conflits, plus d\u2019\u00e9panouissement.<\/p>\n<p><strong>Des relations \u00e9quilibr\u00e9es sont aussi moins marqu\u00e9es par les rapports de pouvoir ou de domination. Elles sont <\/strong><strong><b>plus propices \u00e0 l\u2019\u00e9panouissement personnel, \u00e0 la complicit\u00e9 et \u00e0 l\u2019\u00e9coute mutuelle.<\/b><\/strong><strong>\u00a0En cela, le f\u00e9minisme contribue \u00e0 apaiser les tensions li\u00e9es \u00e0 la charge mentale, aux attentes contradictoires ou aux frustrations accumul\u00e9es dans des relations in\u00e9galitaires.<\/strong><\/p>\n<p><strong>La mise en question de la division sexu\u00e9e du travail domestique ou parental participe \u00e9galement de ce mouvement. Loin d\u2019\u00eatre une perte pour les hommes, le partage des t\u00e2ches \u2013 mat\u00e9rielles, \u00e9motionnelles, \u00e9ducatives \u2013 est une <\/strong><strong><b>source d\u2019\u00e9quilibre et de reconnaissance. Il ne s\u2019agit pas d\u2019\u00ab aider \u00bb la partenaire, mais de co-construire un foyer solidaire et \u00e9quitable<\/b><\/strong><strong>.<\/strong><\/p>\n<h2 class=\"western\"><strong>Vers une paternit\u00e9 plus libre et valoris\u00e9e<\/strong><\/h2>\n<p>Le f\u00e9minisme d\u00e9fend les droits des femmes \u00e0 ne pas porter seules la charge parentale, mais cette revendication <strong>ouvre \u00e9galement la voie \u00e0 une revalorisation de la paternit\u00e9.<\/strong><\/p>\n<p>En d\u00e9faisant l\u2019id\u00e9e que la m\u00e8re serait naturellement plus comp\u00e9tente pour s\u2019occuper des enfants, le f\u00e9minisme permet aux p\u00e8res de trouver pleinement leur place dans la sph\u00e8re familiale. <b>\u00catre p\u00e8re, ce n\u2019est pas \u00ab\u00a0aider la maman\u00a0\u00bb, <\/b><b>c<\/b><b>\u2019est \u00eatre impliqu\u00e9 dans la vie de ses enfants<\/b><strong>.<\/strong> Et cela change tout\u00a0: pour eux, pour leur d\u00e9veloppement, mais aussi pour les p\u00e8res eux-m\u00eames.<\/p>\n<p><iframe loading=\"lazy\" title=\"\u00c0 quoi \u00e7a sert, un p\u00e8re ? | Twist | ARTE\" width=\"1110\" height=\"624\" src=\"https:\/\/www.youtube.com\/embed\/x5h9dZIu8Ok?feature=oembed\" frameborder=\"0\" allow=\"accelerometer; autoplay; clipboard-write; encrypted-media; gyroscope; picture-in-picture; web-share\" referrerpolicy=\"strict-origin-when-cross-origin\" allowfullscreen><\/iframe><\/p>\n<p><b>La reconnaissance des <\/b><strong><b>cong\u00e9s paternit\u00e9<\/b><\/strong> \u2013 <strong>m\u00eame s<\/strong><strong>i encore loin d\u2019\u00eatre id\u00e9ale -,<\/strong>\u00a0l\u2019\u00e9volution des mentalit\u00e9s autour de la parentalit\u00e9 active, ou encore la l\u00e9gitimation d\u2019un attachement paternel plus d\u00e9monstratif sont autant de progr\u00e8s rendus possibles par les luttes f\u00e9ministes.<\/p>\n<p>Ces avanc\u00e9es permettent aux hommes de <strong>construire un lien fort, quotidien et impliqu\u00e9 avec leurs enfants<\/strong>, <b>avec des effets positifs tant pour ces derniers que pour eux-m\u00eames<\/b><strong>.<\/strong> En ce sens, le f\u00e9minisme contribue \u00e0 <strong>d\u00e9s-essentialiser les r\u00f4les parentaux<\/strong>, offrant aux hommes la possibilit\u00e9 de s\u2019investir dans des sph\u00e8res affectives autrefois renvoy\u00e9es au f\u00e9minin. Malheureusement, m\u00eame s\u2019il y a eu des avanc\u00e9es de ce point de vue ces derni\u00e8res d\u00e9cennies, on est encore bien loin de l\u2019\u00e9galit\u00e9 en mati\u00e8re de charge parentale :<\/p>\n<p><iframe loading=\"lazy\" title=\"P\u00c8RES DE FAMILLE : L&#039;ARNAQUE DERRI\u00c8RE LES BEAUX DISCOURS\" width=\"1110\" height=\"624\" src=\"https:\/\/www.youtube.com\/embed\/hBrUXidPVng?feature=oembed\" frameborder=\"0\" allow=\"accelerometer; autoplay; clipboard-write; encrypted-media; gyroscope; picture-in-picture; web-share\" referrerpolicy=\"strict-origin-when-cross-origin\" allowfullscreen><\/iframe><\/p>\n<h2 class=\"western\"><strong>Une lib\u00e9ration sexuelle b\u00e9n\u00e9fique pour tous et toutes<\/strong><\/h2>\n<p>Les luttes f\u00e9ministes pour le droit fondamental de disposer de son propre corps, et en particulier pour l\u2019acc\u00e8s \u00e0 la contraception et \u00e0 <a target=\"_blank\" href=\"https:\/\/mrmondialisation.org\/belgique-avortement\/\">l\u2019avortement,<\/a> ont profond\u00e9ment transform\u00e9 la sexualit\u00e9 contemporaine, non seulement pour les femmes, mais \u00e9galement pour les hommes. Ces combats ont permis de <b>sortir d\u2019un mod\u00e8le dans lequel la sexualit\u00e9 f\u00e9minine \u00e9tait soumise \u00e0 la peur permanente d\u2019une grossesse non d\u00e9sir\u00e9e, et donc \u00e0 un contr\u00f4le social et moral \u00e9touffant<\/b>.<\/p>\n<p>Cette \u00e9mancipation a eu pour effet de rendre les relations sexuelles plus libres, plus sereines et plus \u00e9galitaires. <strong>La possibilit\u00e9, pour les femmes, de choisir si et quand elles veulent avoir des enfants est aussi une garantie de responsabilit\u00e9 partag\u00e9e et de choix consentis pour les hommes.<\/strong> Elle permet d\u2019\u00e9tablir des rapports fond\u00e9s sur la confiance, le dialogue et le respect mutuel, plut\u00f4t que sur la peur ou le non-dit.<\/p>\n<p>En d\u00e9fendant le droit \u00e0 la contraception et \u00e0 l\u2019avortement, le f\u00e9minisme a ainsi ouvert un espace dans lequel la sexualit\u00e9 n\u2019est plus automatiquement li\u00e9e \u00e0 la reproduction, ni soumise \u00e0 des logiques de contr\u00f4le ou de d\u00e9pendance. En pla\u00e7ant le consentement et la r\u00e9ciprocit\u00e9 au c\u0153ur des relations intimes, <strong>le f\u00e9minisme offre un cadre o\u00f9 le d\u00e9sir peut s\u2019exprimer pleinement, sans r\u00f4le \u00e0 jouer, ni performance \u00e0 prouver.<\/strong><\/p>\n<p>Une sexualit\u00e9 lib\u00e9r\u00e9e des rapports oppressifs ne nuit pas aux hommes : elle les lib\u00e8re tout autant. Cette red\u00e9finition ouvre la voie \u00e0 <strong>des exp\u00e9riences plus libres, plus sinc\u00e8res, affranchies des injonctions<\/strong> \u00e0 la domination ou \u00e0 la virilit\u00e9.<\/p>\n<h2 class=\"western\"><strong>All\u00e9ger la pression \u00e9conomique sur les \u00e9paules masculines<\/strong><\/h2>\n<p>Pendant longtemps, les r\u00f4les au sein du couple \u00e9taient clairement d\u00e9finis, et profond\u00e9ment in\u00e9galitaires : Madame g\u00e8re la maison et les enfants, un travail invisible et non r\u00e9mun\u00e9r\u00e9, tandis que Monsieur ram\u00e8ne l\u2019argent. R\u00e9sultat : <strong>une charge mentale \u00e9crasante d\u2019un c\u00f4t\u00e9, et une pression financi\u00e8re \u00e9touffante de l\u2019autre.<\/strong><\/p>\n<p>Dans un mod\u00e8le patriarcal, l\u2019homme est souvent per\u00e7u comme <strong>le pilier \u00e9conomique du foyer.<\/strong> Ce r\u00f4le, rarement d\u00e9battu publiquement, p\u00e8se encore fortement sur les trajectoires masculines : stress, \u00e9puisement, et sentiment d\u2019\u00e9chec en cas de ch\u00f4mage ou de pr\u00e9carit\u00e9.<\/p>\n<p>Le f\u00e9minisme, en favorisant l\u2019\u00e9galit\u00e9 professionnelle et salariale, contribue \u00e0 <strong>redistribuer les responsabilit\u00e9s \u00e9conomiques<\/strong> et \u00e0 reconna\u00eetre pleinement la l\u00e9gitimit\u00e9 des femmes dans le monde du travail. Cette avanc\u00e9e ouvre aux hommes la possibilit\u00e9 de <strong>choisir des parcours de vie plus vari\u00e9s. <\/strong><\/p>\n<p><strong>Parenth\u00e8se importante\u00a0: <\/strong><strong><b>le mod\u00e8le du travail <\/b><\/strong><b>actuel <\/b><b>reste largement critiquable, <\/b><b>notamment<\/b><b> pour sa logique de performance, d\u2019exploitation et d\u2019ali\u00e9nation. <\/b><b>Cette<\/b><b> dynamique <\/b><b>f\u00e9ministe<\/b><b> ne peut <\/b><b>donc aucunement<\/b><b> s\u2019envisager sans une critique conjointe du n\u00e9olib\u00e9ralisme.<\/b> Parce que l\u2019acc\u00e8s \u00e9gal \u00e0 l\u2019emploi sert aussi le capitalisme en doublant la main d\u2019\u0153uvre disponible, sans pour autant redistribuer les b\u00e9n\u00e9fices et en augmentant toujours plus les pressions financi\u00e8res sur les m\u00e9nages. C\u2019est pourquoi un <strong>alliance entre le f\u00e9minisme et les luttes sociales<\/strong> est essentielle pour garantir un v\u00e9ritable \u00e9quilibre, fond\u00e9 \u00e0 la fois sur la justice \u00e9conomique et l\u2019\u00e9galit\u00e9 des sexes.<\/p>\n<p><iframe loading=\"lazy\" title=\"F\u00e9minisme et lutte des classes ?\" width=\"1110\" height=\"624\" src=\"https:\/\/www.youtube.com\/embed\/HtaS3rJ3oEw?feature=oembed\" frameborder=\"0\" allow=\"accelerometer; autoplay; clipboard-write; encrypted-media; gyroscope; picture-in-picture; web-share\" referrerpolicy=\"strict-origin-when-cross-origin\" allowfullscreen><\/iframe><\/p>\n<p><b>Le f\u00e9minisme et la lutte des classes ne s\u2019opposent pa<\/b><strong><b>s, <\/b><\/strong><strong><b>les deux<\/b><\/strong><strong><b> sont <\/b><\/strong><strong><b>parfaitement <\/b><\/strong><strong><b>compl\u00e9mentaire<\/b>s.<\/strong> L\u2019un sans l\u2019autre reste incomplet, surtout dans un monde o\u00f9 le capitalisme instrumentalise toutes les causes, aussi justes soient-elles.<\/p>\n<h2 class=\"western\"><strong>F\u00e9minisme &amp; justice sociale : des alli\u00e9s naturels<\/strong><\/h2>\n<p>Le f\u00e9minisme, dans sa version intersectionnelle, d\u00e9passe largement la seule question des rapports femmes\/hommes. Il s\u2019inscrit dans <strong>une d\u00e9marche plus large de justice sociale et \u00e9conomique<\/strong>, en articulant les luttes contre le sexisme, le racisme, l\u2019homophobie, la transphobie, le validisme ou encore les in\u00e9galit\u00e9s de classe.<\/p>\n<p><iframe loading=\"lazy\" title=\"Flora Tristan : marxiste tendance f\u00e9ministe\" width=\"1110\" height=\"624\" src=\"https:\/\/www.youtube.com\/embed\/rXfoQ4CfN1U?feature=oembed\" frameborder=\"0\" allow=\"accelerometer; autoplay; clipboard-write; encrypted-media; gyroscope; picture-in-picture; web-share\" referrerpolicy=\"strict-origin-when-cross-origin\" allowfullscreen><\/iframe><\/p>\n<p>Il est important de rappeler \u2013 m\u00eame si ce n\u2019est pas l\u2019objet central de cet article \u2013 que<strong> le f\u00e9minisme peut \u00e9galement \u00eatre profond\u00e9ment \u00e9cologiste, comme en t\u00e9moigne l\u2019\u00e9mergence des courants \u00e9cof\u00e9ministes.<\/strong> Car au fond, il interroge tous les syst\u00e8mes d\u2019exploitation, qu\u2019ils soient humains ou environnementaux.<\/p>\n<p>\u00c0 ce titre, il ne constitue pas une cause isol\u00e9e, mais <strong><b>un pilier central des combats contemporains pour l\u2019\u00e9galit\u00e9 des droits et des conditions de vie<\/b>.<\/strong> Il ne s\u2019agit pas d\u2019opposer les luttes, mais de reconna\u00eetre leur compl\u00e9mentarit\u00e9, et de cr\u00e9er des alliances solides entre ces mouvements. Le f\u00e9minisme intersectionnel permet de <strong><b>penser la pluralit\u00e9 des oppressions<\/b><\/strong><b>, et de construire des solidarit\u00e9s nouvelles, qui incluent aussi les hommes marginalis\u00e9s par le syst\u00e8me patriarcal<\/b> \u2013 notamment ceux touch\u00e9s par la pr\u00e9carit\u00e9, la stigmatisation de genre ou les violences syst\u00e9miques.<\/p>\n<p><iframe loading=\"lazy\" title=\"\u00ab La lutte des classes sans f\u00e9minisme est une impasse \u00bb\" width=\"1110\" height=\"624\" src=\"https:\/\/www.youtube.com\/embed\/ZZ0RS8l0olM?feature=oembed\" frameborder=\"0\" allow=\"accelerometer; autoplay; clipboard-write; encrypted-media; gyroscope; picture-in-picture; web-share\" referrerpolicy=\"strict-origin-when-cross-origin\" allowfullscreen><\/iframe><\/p>\n<h2 class=\"western\"><strong>Refuser le f\u00e9minisme, c\u2019est d\u00e9fendre un syst\u00e8me\u2026 qui nuit aussi aux hommes<\/strong><\/h2>\n<p>Quand on gratte un peu sous les discours antif\u00e9ministes, <strong>on trouve un attachement profond \u00e0 des normes qui font souffrir l\u2019ensemble des individus, peu importe leur genre.<\/strong> Les injonctions \u00e0 la r\u00e9ussite, les tabous autour des \u00e9motions, la pression sur la performance sexuelle, la peur d\u2019\u00eatre per\u00e7u comme \u00ab\u00a0faible \u00bb, la honte d\u2019avoir \u00e9t\u00e9 agress\u00e9\u2026 Toutes ces souffrances, <strong>les hommes les vivent aussi.<\/strong> Et elles ne sont pas tomb\u00e9es du ciel. Elles sont le produit d\u2019un syst\u00e8me : <strong>le patriarcat.<\/strong><\/p>\n<p>Le f\u00e9minisme ne veut pas remplacer une oppression par une autre. <strong>Il veut d\u00e9truire les carcans.<\/strong><br \/>Ce n\u2019est pas l\u2019ennemi des hommes, c\u2019est <strong>l\u2019alli\u00e9 de <\/strong><strong>toutes les personnes<\/strong><strong> qui veulent vivre libres, sans r\u00f4le impos\u00e9, sans domination, sans violence.<\/strong><\/p>\n<p align=\"right\">\u2013 <i><b>Elena Meilune<\/b><\/i><\/p>\n<hr\/>\n<p align=\"right\">Photo d\u2019ent\u00eate @<a target=\"_blank\" class=\"bimlc Pc_c1 rkYpC wQd_A\" href=\"https:\/\/unsplash.com\/fr\/@samanthasophia\" data-discover=\"true\">Samantha Sophia<\/a>\/Unsplash<\/p>\n<div class=\"td-a-rec td-a-rec-id-content_bottom  tdi_2 td_block_template_1\">\n<span class=\"td-adspot-title\">&#8211; Cet article gratuit et ind\u00e9pendant existe gr\u00e2ce \u00e0 vous &#8211;<\/span><\/p>\n<div class=\"td-all-devices\">\n    <a target=\"_blank\" href=\"https:\/\/mrmondialisation.org\/donation\/\" title=\"Faire_un_don\"><img decoding=\"async\" class=\"donationArticle\" src=\"https:\/\/mrmondialisation.org\/wp-content\/uploads\/2022\/12\/220405-flikalicious-final.jpg\" alt=\"Donation\"\/><\/a>\n<\/div>\n<\/div><\/div>\n<p><br \/>\n<br \/><a href=\"https:\/\/mrmondialisation.org\/ce-que-le-feminisme-change-aussi-pour-les-hommes\/\" target=\"_blank\"\">Source link <\/a><\/p>\n","protected":false},"excerpt":{"rendered":"<p>Le f\u00e9minisme est souvent per\u00e7u, \u00e0 tort, comme une cause exclusivement f\u00e9minine, voire comme une lutte oppos\u00e9e aux hommes. Pourtant, en d\u00e9construisant les normes de genre et les rapports de&hellip; <\/p>\n","protected":false},"author":1,"featured_media":13122,"comment_status":"open","ping_status":"open","sticky":false,"template":"","format":"standard","meta":{"footnotes":""},"categories":[1],"tags":[],"class_list":["post-13121","post","type-post","status-publish","format-standard","has-post-thumbnail","hentry","category-non-classe"],"_links":{"self":[{"href":"https:\/\/monde25.info\/index.php\/wp-json\/wp\/v2\/posts\/13121","targetHints":{"allow":["GET"]}}],"collection":[{"href":"https:\/\/monde25.info\/index.php\/wp-json\/wp\/v2\/posts"}],"about":[{"href":"https:\/\/monde25.info\/index.php\/wp-json\/wp\/v2\/types\/post"}],"author":[{"embeddable":true,"href":"https:\/\/monde25.info\/index.php\/wp-json\/wp\/v2\/users\/1"}],"replies":[{"embeddable":true,"href":"https:\/\/monde25.info\/index.php\/wp-json\/wp\/v2\/comments?post=13121"}],"version-history":[{"count":0,"href":"https:\/\/monde25.info\/index.php\/wp-json\/wp\/v2\/posts\/13121\/revisions"}],"wp:featuredmedia":[{"embeddable":true,"href":"https:\/\/monde25.info\/index.php\/wp-json\/wp\/v2\/media\/13122"}],"wp:attachment":[{"href":"https:\/\/monde25.info\/index.php\/wp-json\/wp\/v2\/media?parent=13121"}],"wp:term":[{"taxonomy":"category","embeddable":true,"href":"https:\/\/monde25.info\/index.php\/wp-json\/wp\/v2\/categories?post=13121"},{"taxonomy":"post_tag","embeddable":true,"href":"https:\/\/monde25.info\/index.php\/wp-json\/wp\/v2\/tags?post=13121"}],"curies":[{"name":"wp","href":"https:\/\/api.w.org\/{rel}","templated":true}]}}