{"id":13135,"date":"2025-07-31T12:32:43","date_gmt":"2025-07-31T10:32:43","guid":{"rendered":"https:\/\/monde25.info\/index.php\/2025\/07\/31\/politique-en-goguette-par-stanislas-de-fournoux-aurelien-merle-clemence-monnier-valentin-vander-le-monde-diplomatique-aout-2025\/"},"modified":"2025-07-31T12:32:43","modified_gmt":"2025-07-31T10:32:43","slug":"politique-en-goguette-par-stanislas-de-fournoux-aurelien-merle-clemence-monnier-valentin-vander-le-monde-diplomatique-aout-2025","status":"publish","type":"post","link":"https:\/\/monde25.info\/index.php\/2025\/07\/31\/politique-en-goguette-par-stanislas-de-fournoux-aurelien-merle-clemence-monnier-valentin-vander-le-monde-diplomatique-aout-2025\/","title":{"rendered":"Politique en goguette, par Stanislas de Fournoux, Aur\u00e9lien Merle, Cl\u00e9mence Monnier &#038; Valentin Vander (Le Monde diplomatique, ao\u00fbt 2025)"},"content":{"rendered":"<p> <br \/>\n<\/p>\n<div couleurfade=\"e6e5e6\" couleurclaire=\"e6e4e5\" couleurpale=\"d2c5d0\" couleurmi=\"686367\" couleurfoncee=\"554350\" couleursombre=\"1a1819\" couleurfond=\"4d4c4d\" couleurtexte=\"ffffff\">\n<div class=\"enapercu\">\n<figure class=\"spip_document_34793 spip_documents spip_documents_center justecol\" style=\"width:650px;\">\n<div class=\"limage\">\n<p>\t\t\t<img loading=\"lazy\" decoding=\"async\" src=\"https:\/\/www.monde-diplomatique.fr\/\/local\/cache-vignettes\/L650xH796\/19_2380.hr-2478d.jpg?1753803181\" width=\"650\" height=\"796\" class=\"spip_logos\" alt=\"JPEG - 137.1\u00a0ko\"\/><\/p><\/div><figcaption>\n<p>Solange Gautier. \u2013 \u00ab<small class=\"fine\">\u00a0<\/small>Alors on danse<small class=\"fine\">\u00a0<\/small>\u00bb, 2024<\/p>\n<p>\u00a9 Solange Gautier Collages\n<\/p>\n<\/figcaption><\/figure>\n<p><span class=\"mot-lettrine\"><span class=\"lettrine\">N<\/span>ous<\/span> sommes en 2025 apr\u00e8s J\u00e9sus-Christ (soit en 96 apr\u00e8s Jean Amadou). Toute la France \u00e9coute Jul et Taylor Swift\u2026 Toute<small class=\"fine\">\u00a0<\/small>? Non<small class=\"fine\">\u00a0<\/small>! Un petit spectacle de chansonniers continue inexplicablement de remplir les salles et de cumuler les vues sur YouTube\u2026 Inexplicablement, vraiment<small class=\"fine\">\u00a0<\/small>?<\/p>\n<p>Penchons-nous un instant sur la question et profitons-en pour jeter un coup d\u2019\u0153il r\u00e9trospectif. Depuis une dizaine d\u2019ann\u00e9es, notre spectacle tourne joyeusement un peu partout en France, nous en sommes encore les premiers surpris. Ce succ\u00e8s ne repose pourtant pas sur un concept novateur\u00a0: nous parodions des chansons connues dont nous d\u00e9tournons les paroles pour parler de l\u2019actualit\u00e9. Mais il semble que cette id\u00e9e ait \u00e9t\u00e9 d\u00e9sert\u00e9e depuis des ann\u00e9es et que nous soyons venus occuper un cr\u00e9neau d\u00e9laiss\u00e9, voire ringardis\u00e9. Signe d\u2019une renaissance de ce genre ou son chant du cygne<small class=\"fine\">\u00a0<\/small>? L\u2019avenir le dira.<\/p>\n<p>Ce qui est s\u00fbr, c\u2019est que pour notre g\u00e9n\u00e9ration (nous avons entre 34 et 54\u00a0ans) la goguette n\u2019\u00e9tait pas vraiment une pratique dont on aurait pu se r\u00e9clamer. En revanche, elle parle aux plus \u00e2g\u00e9s. Bien souvent, apr\u00e8s une repr\u00e9sentation, des gens du public font le lien avec une \u00e9mission de radio qu\u2019ils \u00e9coutaient jadis\u00a0: \u00ab<small class=\"fine\">\u00a0<\/small>Le grenier de Montmartre<small class=\"fine\">\u00a0<\/small>\u00bb. Lanc\u00e9e en 1946 sur la Radiodiffusion fran\u00e7aise (RDF), puis diffus\u00e9e jusqu\u2019en 1974 sur Paris Inter (devenue France Inter) le dimanche \u00e0 une heure de grande \u00e9coute, l\u2019\u00e9mission semble avoir marqu\u00e9 toute une g\u00e9n\u00e9ration, notamment avec le susnomm\u00e9 Jean Amadou. Les chansonniers qui s\u2019y produisaient officiaient alors \u00e9galement dans plusieurs \u00e9tablissements parisiens, Le Caveau de la R\u00e9publique, Les Trois Baudets\u2026 France Inter a continu\u00e9 d\u2019entretenir la flamme avec \u00ab<small class=\"fine\">\u00a0<\/small>L\u2019oreille en coin<small class=\"fine\">\u00a0<\/small>\u00bb de 1968 \u00e0 1990 \u2014 et on y retrouvait Jean Amadou\u00a0\u2014, puis \u00ab<small class=\"fine\">\u00a0<\/small>Rien \u00e0 cirer<small class=\"fine\">\u00a0<\/small>\u00bb, de Laurent Ruquier (1991-1996)<small class=\"fine\">\u00a0<\/small>; \u00e0 la t\u00e9l\u00e9vision ce furent Jacques Martin (\u00ab<small class=\"fine\">\u00a0<\/small>Ainsi font font font<small class=\"fine\">\u00a0<\/small>\u00bb) ou \u00ab<small class=\"fine\">\u00a0<\/small>Le b\u00e9b\u00eate show<small class=\"fine\">\u00a0<\/small>\u00bb, de St\u00e9phane Collaro. Mais au mitan des ann\u00e9es\u00a01990, c\u2019est un esprit qui a quasiment disparu des grands m\u00e9dias.<\/p>\n<p>Les \u00ab<small class=\"fine\">\u00a0<\/small>(&#8230;)<\/p>\n<\/p><\/div>\n<p>Taille de l\u2019article complet\u00a0:\u00a0<span>2\u00a0395<\/span>\u00a0mots.<\/p>\n<div class=\"promo_dispo_article\">\n<h2 class=\"avantbloc\">\n\tCet article est r\u00e9serv\u00e9 aux\u00a0abonn\u00e9s<\/p>\n<\/h2>\n<div class=\"abo_inst\">\n\t<strong>Lyc\u00e9es, biblioth\u00e8ques, administrations, entreprises,<\/strong><br \/>\n\tacc\u00e9dez \u00e0 la base de donn\u00e9es en ligne de tous les articles du <i>Monde diplomatique<\/i> de 1954 \u00e0 nos\u00a0jours.<br \/>\n\t<a target=\"_blank\" id=\"pw-institutions\" class=\"suivi\" href=\"https:\/\/www.monde-diplomatique.fr\/archives\/institutions\">Retrouvez cette\u00a0offre sp\u00e9cifique<\/a>.\n<\/div>\n<\/div><\/div>\n<div>\n<p class=\"nom\">Stanislas de Fournoux<span class=\"et\">,<\/span><\/p>\n<p>\tAur\u00e9lien Merle<span class=\"et\">,<\/span><\/p>\n<p>\tCl\u00e9mence Monnier <span class=\"et\">&amp;<\/span> <\/p>\n<p>\tValentin Vander<\/p>\n<p>\n\t\t\t\t\tMembres du groupe Les Goguettes en trio, mais \u00e0 quatre.<\/p>\n<\/p><\/div>\n<p><br \/>\n<br \/><a href=\"https:\/\/www.monde-diplomatique.fr\/2025\/08\/DE_FOURNOUX\/68660\" target=\"_blank\"\">Source link <\/a><\/p>\n","protected":false},"excerpt":{"rendered":"<p>Solange Gautier. \u2013 \u00ab\u00a0Alors on danse\u00a0\u00bb, 2024 \u00a9 Solange Gautier Collages Nous sommes en 2025 apr\u00e8s J\u00e9sus-Christ (soit en 96 apr\u00e8s Jean Amadou). Toute la France \u00e9coute Jul et Taylor&hellip; <\/p>\n","protected":false},"author":1,"featured_media":13136,"comment_status":"open","ping_status":"open","sticky":false,"template":"","format":"standard","meta":{"footnotes":""},"categories":[1],"tags":[],"class_list":["post-13135","post","type-post","status-publish","format-standard","has-post-thumbnail","hentry","category-non-classe"],"_links":{"self":[{"href":"https:\/\/monde25.info\/index.php\/wp-json\/wp\/v2\/posts\/13135","targetHints":{"allow":["GET"]}}],"collection":[{"href":"https:\/\/monde25.info\/index.php\/wp-json\/wp\/v2\/posts"}],"about":[{"href":"https:\/\/monde25.info\/index.php\/wp-json\/wp\/v2\/types\/post"}],"author":[{"embeddable":true,"href":"https:\/\/monde25.info\/index.php\/wp-json\/wp\/v2\/users\/1"}],"replies":[{"embeddable":true,"href":"https:\/\/monde25.info\/index.php\/wp-json\/wp\/v2\/comments?post=13135"}],"version-history":[{"count":0,"href":"https:\/\/monde25.info\/index.php\/wp-json\/wp\/v2\/posts\/13135\/revisions"}],"wp:featuredmedia":[{"embeddable":true,"href":"https:\/\/monde25.info\/index.php\/wp-json\/wp\/v2\/media\/13136"}],"wp:attachment":[{"href":"https:\/\/monde25.info\/index.php\/wp-json\/wp\/v2\/media?parent=13135"}],"wp:term":[{"taxonomy":"category","embeddable":true,"href":"https:\/\/monde25.info\/index.php\/wp-json\/wp\/v2\/categories?post=13135"},{"taxonomy":"post_tag","embeddable":true,"href":"https:\/\/monde25.info\/index.php\/wp-json\/wp\/v2\/tags?post=13135"}],"curies":[{"name":"wp","href":"https:\/\/api.w.org\/{rel}","templated":true}]}}