{"id":13148,"date":"2025-07-31T16:56:52","date_gmt":"2025-07-31T14:56:52","guid":{"rendered":"https:\/\/monde25.info\/index.php\/2025\/07\/31\/japon-lautre-pays-du-communisme-par-renaud-lambert-le-monde-diplomatique-aout-2025\/"},"modified":"2025-07-31T16:56:52","modified_gmt":"2025-07-31T14:56:52","slug":"japon-lautre-pays-du-communisme-par-renaud-lambert-le-monde-diplomatique-aout-2025","status":"publish","type":"post","link":"https:\/\/monde25.info\/index.php\/2025\/07\/31\/japon-lautre-pays-du-communisme-par-renaud-lambert-le-monde-diplomatique-aout-2025\/","title":{"rendered":"Japon, l\u2019autre pays du communisme, par Renaud Lambert (Le Monde diplomatique, ao\u00fbt 2025)"},"content":{"rendered":"<p> <br \/>\n<\/p>\n<div>\n<figure class=\"spip_document_34785 spip_documents spip_documents_center xl\" style=\"width:890px;\">\n<div class=\"limage\">\n<p>\t\t\t<img loading=\"lazy\" decoding=\"async\" src=\"https:\/\/www.monde-diplomatique.fr\/\/local\/cache-vignettes\/L890xH668\/07_2362.hr-f3370.jpg?1753801698\" width=\"890\" height=\"668\" class=\"spip_logos\" alt=\"JPEG - 173\u00a0ko\"\/><\/p><\/div><figcaption>\n<p>Antonin Lain\u00e9. \u2013 Affiches \u00e9lectorales \u00e0 Kyoto, Japon, 2023<\/p>\n<p>\u00a9 Antonin Lain\u00e9 \/ Divergence\n<\/p>\n<\/figcaption><\/figure>\n<p><span class=\"mot-lettrine\"><span class=\"lettrine\">C\u2019<\/span>est<\/span> une m\u00e8re de famille rang\u00e9e, employ\u00e9e d\u2019une \u00e9cole primaire de Tokyo. Un jour de janvier\u00a02025, l\u2019une de ses coll\u00e8gues, qui collabore \u00e0 la version japonaise du <i>Monde diplomatique,<\/i> lui annonce qu\u2019elle va accompagner un journaliste fran\u00e7ais au si\u00e8ge du Parti communiste japonais (PCJ). La nouvelle la glace\u00a0: <i>\u00ab<small class=\"fine\">\u00a0<\/small>Brrr, \u00e7a fait froid dans le dos<small class=\"fine\">\u00a0<\/small>!<small class=\"fine\">\u00a0<\/small>\u00bb<\/i> Une expression lui vient imm\u00e9diatement aux l\u00e8vres\u00a0: <i>\u00ab<small class=\"fine\">\u00a0<\/small>Le rouge, c\u2019est dangereux.<small class=\"fine\">\u00a0<\/small>\u00bb<\/i> Bien connus ici, les mots sont prononc\u00e9s sans la moindre ironie.<\/p>\n<p>Fond\u00e9 en 1922, le PCJ compte 250\u00a0000  membres, ce qui en fait l\u2019un des plus grands partis communistes du monde derri\u00e8re ceux qui sont au pouvoir en Chine, au Vietnam ou \u00e0 Cuba. En prenant en compte la diff\u00e9rence de population (124,5\u00a0millions pour le Japon, 68,3\u00a0millions pour la France), un Parti communiste fran\u00e7ais aussi puissant revendiquerait 137\u00a0000 adh\u00e9rents, contre ses quelque 42\u00a0000. En Europe, peu savent pourtant que le PCJ existe. Encore moins qu\u2019il fait peur.<\/p>\n<h3 class=\"spip\">Prisonniers politiques lib\u00e9r\u00e9s par l\u2019arm\u00e9e am\u00e9ricaine<\/h3>\n<p>M.\u00a0Yoshimitsu Kuronuma, lui, ne l\u2019ignore pas. Il a donn\u00e9 rendez-vous \u00e0 deux camarades pour tracter dans les rues d\u2019Ota, une ville de la classe moyenne inf\u00e9rieure au sud de la capitale. Lorsque ses amies arrivent, les sillons que le temps a creus\u00e9s sur leurs visages laissent deviner le poids des ann\u00e9es. Par contraste, M.\u00a0Kuronuma semble soudain fringant\u00a0: \u00e0 76\u00a0ans, il est le cadet de la cellule locale du PCJ. Muni d\u2019un haut-parleur mont\u00e9 sur un tricycle, le petit groupe se d\u00e9place de rue en rue pour inviter la population \u00e0 voter lors d\u2019une \u00e9lection locale pr\u00e9vue quelques semaines plus tard. <i>\u00ab<small class=\"fine\">\u00a0<\/small>Qu\u2019y a-t-il dans votre r\u00e9frig\u00e9rateur en ce moment<small class=\"fine\">\u00a0<\/small>?,<\/i> interroge-t-il en ponctuant, comme \u00e0 chaque fois, sa phrase d\u2019une courbette toute japonaise. <i>Faisons en sorte qu\u2019il soit plein et que vous puissiez manger trois repas par jour.<small class=\"fine\">\u00a0<\/small>\u00bb<\/i><\/p>\n<p>Envelopp\u00e9s dans leurs anoraks un peu grands, les trois personnages semblent tout droit sortis du studio Ghibli. S\u2019ils\u00a0(&#8230;)<\/p>\n<\/p><\/div>\n<p>Taille de l\u2019article complet\u00a0:\u00a0<span>2\u00a0540<\/span>\u00a0mots.<\/p>\n<p><br \/>\n<br \/><a href=\"https:\/\/www.monde-diplomatique.fr\/2025\/08\/LAMBERT\/68671\" target=\"_blank\"\">Source link <\/a><\/p>\n","protected":false},"excerpt":{"rendered":"<p>Antonin Lain\u00e9. \u2013 Affiches \u00e9lectorales \u00e0 Kyoto, Japon, 2023 \u00a9 Antonin Lain\u00e9 \/ Divergence C\u2019est une m\u00e8re de famille rang\u00e9e, employ\u00e9e d\u2019une \u00e9cole primaire de Tokyo. Un jour de janvier\u00a02025,&hellip; <\/p>\n","protected":false},"author":1,"featured_media":13149,"comment_status":"open","ping_status":"open","sticky":false,"template":"","format":"standard","meta":{"footnotes":""},"categories":[1],"tags":[],"class_list":["post-13148","post","type-post","status-publish","format-standard","has-post-thumbnail","hentry","category-non-classe"],"_links":{"self":[{"href":"https:\/\/monde25.info\/index.php\/wp-json\/wp\/v2\/posts\/13148","targetHints":{"allow":["GET"]}}],"collection":[{"href":"https:\/\/monde25.info\/index.php\/wp-json\/wp\/v2\/posts"}],"about":[{"href":"https:\/\/monde25.info\/index.php\/wp-json\/wp\/v2\/types\/post"}],"author":[{"embeddable":true,"href":"https:\/\/monde25.info\/index.php\/wp-json\/wp\/v2\/users\/1"}],"replies":[{"embeddable":true,"href":"https:\/\/monde25.info\/index.php\/wp-json\/wp\/v2\/comments?post=13148"}],"version-history":[{"count":0,"href":"https:\/\/monde25.info\/index.php\/wp-json\/wp\/v2\/posts\/13148\/revisions"}],"wp:featuredmedia":[{"embeddable":true,"href":"https:\/\/monde25.info\/index.php\/wp-json\/wp\/v2\/media\/13149"}],"wp:attachment":[{"href":"https:\/\/monde25.info\/index.php\/wp-json\/wp\/v2\/media?parent=13148"}],"wp:term":[{"taxonomy":"category","embeddable":true,"href":"https:\/\/monde25.info\/index.php\/wp-json\/wp\/v2\/categories?post=13148"},{"taxonomy":"post_tag","embeddable":true,"href":"https:\/\/monde25.info\/index.php\/wp-json\/wp\/v2\/tags?post=13148"}],"curies":[{"name":"wp","href":"https:\/\/api.w.org\/{rel}","templated":true}]}}