{"id":13150,"date":"2025-07-31T17:30:21","date_gmt":"2025-07-31T15:30:21","guid":{"rendered":"https:\/\/monde25.info\/index.php\/2025\/07\/31\/ryanair-reduit-son-activite-en-france-a-cause-dune-hausse-de-taxe\/"},"modified":"2025-07-31T17:30:21","modified_gmt":"2025-07-31T15:30:21","slug":"ryanair-reduit-son-activite-en-france-a-cause-dune-hausse-de-taxe","status":"publish","type":"post","link":"https:\/\/monde25.info\/index.php\/2025\/07\/31\/ryanair-reduit-son-activite-en-france-a-cause-dune-hausse-de-taxe\/","title":{"rendered":"Ryanair r\u00e9duit son activit\u00e9 en France \u00e0 cause d&#039;une hausse de taxe"},"content":{"rendered":"<p> <br \/>\n<br \/><img loading=\"lazy\" decoding=\"async\" src=\"https:\/\/reporterre.net\/local\/cache-vignettes\/L700xH467\/airport-airplane-plane-aircraft-vehicle-airline-881678-pxhere_com_1_1_-55590.jpg?1753978559\" class=\"spip_logo\" width=\"700\" height=\"467\" alt=\"\" \/><\/p>\n<p>Ryanair a annonc\u00e9 le 30\u00a0juillet la suppression de 13<small class=\"fine d-inline\">\u00a0<\/small>% de sa capacit\u00e9 de vol en France, soit 750\u00a0000 places. La reine du voyage a\u00e9rien low cost ne desservira plus les a\u00e9roports de Bergerac, Brive et Strasbourg. Elle explique cette d\u00e9cision par l&rsquo;augmentation de la taxe de solidarit\u00e9 sur les billets d&rsquo;avion (<span class=\"caps\">TSBA<\/span>), jug\u00e9e \u00ab<small class=\"fine d-inline\">\u00a0<\/small>astronomique<small class=\"fine d-inline\">\u00a0<\/small>\u00bb et \u00ab<small class=\"fine d-inline\">\u00a0<\/small>injuste<small class=\"fine d-inline\">\u00a0<\/small>\u00bb. <br class=\"autobr\" \/><br \/>\nCette derni\u00e8re \u00ab<small class=\"fine d-inline\">\u00a0<\/small>a \u00e9t\u00e9 augment\u00e9e de plus de 180<small class=\"fine d-inline\">\u00a0<\/small>%<small class=\"fine d-inline\">\u00a0<\/small>\u00bb, dit Jason McGuinness, directeur commercial de Ryanair. En effet, le 1<sup class=\"typo_exposants\">er<\/sup>\u00a0mars 2025, la\u00a0(\u2026)<\/p>\n<p>                    <a target=\"_blank\" href=\"https:\/\/reporterre.net\/Ryanair-reduit-son-activite-en-France-a-cause-d-une-hausse-de-taxe?utm_source=RSS&amp;utm_medium=RSS\">Lire la suite<\/a><\/p>\n<p>                    &#8211;<br \/>\n                        <a target=\"_blank\" href=\"https:\/\/reporterre.net\/Breves-20\" rel=\"directory\">En bref<\/a><\/p>\n<p>                    \/<br \/>\n                        <a target=\"_blank\" href=\"https:\/\/reporterre.net\/Transports\" rel=\"tag\">Transports<\/a><br \/>\n<br \/><br \/>\n<br \/><a href=\"https:\/\/reporterre.net\/Ryanair-reduit-son-activite-en-France-a-cause-d-une-hausse-de-taxe\" target=\"_blank\"\">Source link <\/a><\/p>\n","protected":false},"excerpt":{"rendered":"<p>Ryanair a annonc\u00e9 le 30\u00a0juillet la suppression de 13\u00a0% de sa capacit\u00e9 de vol en France, soit 750\u00a0000 places. La reine du voyage a\u00e9rien low cost ne desservira plus les&hellip; <\/p>\n","protected":false},"author":1,"featured_media":0,"comment_status":"open","ping_status":"open","sticky":false,"template":"","format":"standard","meta":{"footnotes":""},"categories":[1],"tags":[],"class_list":["post-13150","post","type-post","status-publish","format-standard","hentry","category-non-classe"],"_links":{"self":[{"href":"https:\/\/monde25.info\/index.php\/wp-json\/wp\/v2\/posts\/13150","targetHints":{"allow":["GET"]}}],"collection":[{"href":"https:\/\/monde25.info\/index.php\/wp-json\/wp\/v2\/posts"}],"about":[{"href":"https:\/\/monde25.info\/index.php\/wp-json\/wp\/v2\/types\/post"}],"author":[{"embeddable":true,"href":"https:\/\/monde25.info\/index.php\/wp-json\/wp\/v2\/users\/1"}],"replies":[{"embeddable":true,"href":"https:\/\/monde25.info\/index.php\/wp-json\/wp\/v2\/comments?post=13150"}],"version-history":[{"count":0,"href":"https:\/\/monde25.info\/index.php\/wp-json\/wp\/v2\/posts\/13150\/revisions"}],"wp:attachment":[{"href":"https:\/\/monde25.info\/index.php\/wp-json\/wp\/v2\/media?parent=13150"}],"wp:term":[{"taxonomy":"category","embeddable":true,"href":"https:\/\/monde25.info\/index.php\/wp-json\/wp\/v2\/categories?post=13150"},{"taxonomy":"post_tag","embeddable":true,"href":"https:\/\/monde25.info\/index.php\/wp-json\/wp\/v2\/tags?post=13150"}],"curies":[{"name":"wp","href":"https:\/\/api.w.org\/{rel}","templated":true}]}}