{"id":13161,"date":"2025-07-31T21:20:37","date_gmt":"2025-07-31T19:20:37","guid":{"rendered":"https:\/\/monde25.info\/index.php\/2025\/07\/31\/le-complotisme-nest-que-la-recherche-de-la-verite-histoire-secrete-sott-net\/"},"modified":"2025-07-31T21:20:37","modified_gmt":"2025-07-31T19:20:37","slug":"le-complotisme-nest-que-la-recherche-de-la-verite-histoire-secrete-sott-net","status":"publish","type":"post","link":"https:\/\/monde25.info\/index.php\/2025\/07\/31\/le-complotisme-nest-que-la-recherche-de-la-verite-histoire-secrete-sott-net\/","title":{"rendered":"le complotisme n&rsquo;est que la recherche de la v\u00e9rit\u00e9 \u2014 Histoire Secr\u00e8te \u2014 Sott.net"},"content":{"rendered":"<p> <br \/>\n<\/p>\n<div>\n      Le ferry Estonia, fleuron et fiert\u00e9 nationale de l&rsquo;Estonie, sombre dans la nuit du 27 au 28 septembre 1994 dans la mer Baltique, entra\u00eenant vers le fond, dans l&rsquo;eau glaciale, 852 passagers.<br \/>\n<\/p>\n<div class=\"article-image-super to-center\"><a target=\"_blank\" href=\"https:\/\/fr.sott.net\/image\/s36\/731442\/full\/maxresdefault_2_.jpg\" target=\"_blank\"><img decoding=\"async\" src=\"https:\/\/fr.sott.net\/image\/s36\/731442\/super\/maxresdefault_2_.jpg\" alt=\"tfghdr\" title=\"Cliquer pour agrandir\"\/><\/a><\/div>\n<p>Aujourd&rsquo;hui encore, les proches des victimes (il y aura 138 rescap\u00e9s) ne croient pas \u00e0 un accident. Les autorit\u00e9s avaient-elles quelque chose \u00e0 cacher ? Entre hypoth\u00e8ses et contre-hypoth\u00e8ses, les preuves de l&rsquo;accident avanc\u00e9es par les autorit\u00e9s ne sont pas toujours convaincantes.<\/p>\n<p><iframe loading=\"lazy\" title=\"Estonia, les myst\u00e8res d&#039;un naufrage\" width=\"1110\" height=\"624\" src=\"https:\/\/www.youtube.com\/embed\/4WwijnMn2uk?feature=oembed\" frameborder=\"0\" allow=\"accelerometer; autoplay; clipboard-write; encrypted-media; gyroscope; picture-in-picture; web-share\" referrerpolicy=\"strict-origin-when-cross-origin\" allowfullscreen><\/iframe><\/p>\n<p>On a vraiment l&rsquo;impression que le dossier de l&rsquo;Estonia ressemble \u00e0 celui des Am\u00e9ricains sur la Lune. Le \u00ab dialogue \u00bb entre les complotistes et les anticomplotistes, ou entre les partisans de la version accident et ceux de la version explosion, est sans fin. Peut-\u00eatre est-ce le seul moyen \u2014 contradictoire \u2014 d&rsquo;acc\u00e9der \u00e0 une v\u00e9rit\u00e9.<\/p>\n<p>Quand un trou dans la coque a \u00e9t\u00e9 d\u00e9couvert, ressemblant \u00e0 l&rsquo;impact d&rsquo;une bombe, on a r\u00e9torqu\u00e9 qu&rsquo;il s&rsquo;agissait \u00ab d&rsquo;un choc thermique qui a affect\u00e9 la r\u00e9sistance de l&rsquo;acier, l&rsquo;acier s&rsquo;est d\u00e9form\u00e9 sous la pression de l&rsquo;eau \u00bb.<\/p>\n<p>Prenant de la hauteur, un avocat parisien des familles des victimes pr\u00e9cise :\n<\/p>\n<blockquote class=\"typ1\"><p>\n \u00ab Quand vous n&rsquo;avez pas de r\u00e9ponse pr\u00e9cise cens\u00e9e mettre un terme \u00e0 un naufrage, forc\u00e9ment tout le monde vient expliquer le naufrage selon lui, comment \u00e7a s&rsquo;est pass\u00e9. Il est \u00e9vident que c&rsquo;est plus fascinant et c&rsquo;est plus vendeur de dire que le bateau a \u00e9t\u00e9 torpill\u00e9 plut\u00f4t que de dire qu&rsquo;il a coul\u00e9 parce qu&rsquo;il \u00e9tait en mauvais \u00e9tat. Je pense que le comportement des \u00c9tats post\u00e9rieurement au naufrage est certainement \u00e0 l&rsquo;origine de l&rsquo;ensemble de ces sp\u00e9culations. \u00bb\n<\/p><\/blockquote>\n<p> Une r\u00e9ponse pr\u00e9cise pouvant mettre un terme \u00e0 une affaire, cela nous rappelle une affaire qui touche le pouvoir fran\u00e7ais et qui s&rsquo;\u00e9tale \u00e0 l&rsquo;international. Cela nous rappelle aussi l&rsquo;\u00e9norme explosion de l&rsquo;usine AZF \u00e0 Toulouse juste apr\u00e8s le 11 septembre 2001, en France. M\u00eame doute, m\u00eame chape de plomb.<\/p>\n<p><iframe loading=\"lazy\" title=\"La pire CATASTROPHE INDUSTRIELLE de FRANCE (Usine AZF 2001)\" width=\"1110\" height=\"624\" src=\"https:\/\/www.youtube.com\/embed\/p9alF6JGJ5Y?feature=oembed\" frameborder=\"0\" allow=\"accelerometer; autoplay; clipboard-write; encrypted-media; gyroscope; picture-in-picture; web-share\" referrerpolicy=\"strict-origin-when-cross-origin\" allowfullscreen><\/iframe><\/p>\n<p>Plus pr\u00e8s de nous, en 2020, la terrible explosion du port de Beyrouth est selon les uns le m\u00eame accident industriel, \u00e0 base de nitrate d&rsquo;ammonium mal conserv\u00e9&#8230; D&rsquo;autres avancent une op\u00e9ration isra\u00e9lienne pour d\u00e9truire les caches d&rsquo;armes du Hezbollah, qui contr\u00f4lait justement ce port.<\/p>\n<p>Dans toutes ces affaires, il est certain que tout n&rsquo;est pas terrorisme, mais tout n&rsquo;est pas accident non plus. Avec pr\u00e8s de 25 ans de recul, pour ce qui concerne le 11-Septembre, il n&rsquo;y a plus gu\u00e8re de doute sur l&rsquo;origine de l&rsquo;impossible \u00e9croulement des tours jumelles sous l&rsquo;impact de deux avions, fussent-ils gros. Les t\u00e9moignages non concordants n&rsquo;ont pas \u00e9t\u00e9 pris en compte par l&rsquo;enqu\u00eate officielle, qui sent la dissimulation, \u00e0 l&rsquo;instar du rapport de la commission Warren (JFK).<\/p>\n<p>On retrouve l\u00e0 encore, chez nous, une correspondance avec les grands attentats de 2015, et une commission d&rsquo;enqu\u00eate qui se borne \u00e0 faire du minute par minute &#8211; ce qui n&rsquo;explique rien sur les commanditaires \u2014 et \u00e0 \u00e9vacuer des t\u00e9moignages non concordants. Il y a donc une arborescence plus complexe que le tr\u00e8s binaire \u00ab accident ou terrorisme \u00bb : il y a le terrorisme visible et le terrorisme profond. Comme les pouvoirs du m\u00eame nom.<\/p>\n<p><iframe loading=\"lazy\" width=\"600\" height=\"752\" src=\"https:\/\/www.sott.net\/embed\/XjiigXxyMeTNXUVRVOJB9mIvRDD\" allowfullscreen=\"\" allow=\"encrypted-media; web-share;\"><\/iframe><\/p>\n<p><iframe loading=\"lazy\" width=\"600\" height=\"803\" src=\"https:\/\/www.sott.net\/embed\/ZMy0CbWHmj9HEPDAmxnKZ7NoNlk\" allowfullscreen=\"\" allow=\"encrypted-media; web-share;\"><\/iframe><\/p>\n<p><iframe loading=\"lazy\" width=\"600\" height=\"987\" src=\"https:\/\/www.sott.net\/embed\/KhPZIvn_gtGeUn6SPUc4B_rXdbU\" allowfullscreen=\"\" allow=\"encrypted-media; web-share;\"><\/iframe><\/p>\n<p><iframe loading=\"lazy\" width=\"600\" height=\"1079\" src=\"https:\/\/www.sott.net\/embed\/3nr4vy0rHCgM8DFEksUknalBQRm\" allowfullscreen=\"\" allow=\"encrypted-media; web-share;\"><\/iframe><\/p>\n<\/p><\/div>\n<p><br \/>\n<br \/><a href=\"https:\/\/fr.sott.net\/article\/44393-Naufrage-de-l-Estonia-1994-le-complotisme-n-est-que-la-recherche-de-la-verite\" target=\"_blank\"\">Source link <\/a><\/p>\n","protected":false},"excerpt":{"rendered":"<p>Le ferry Estonia, fleuron et fiert\u00e9 nationale de l&rsquo;Estonie, sombre dans la nuit du 27 au 28 septembre 1994 dans la mer Baltique, entra\u00eenant vers le fond, dans l&rsquo;eau glaciale,&hellip; <\/p>\n","protected":false},"author":1,"featured_media":13162,"comment_status":"open","ping_status":"open","sticky":false,"template":"","format":"standard","meta":{"footnotes":""},"categories":[1],"tags":[],"class_list":["post-13161","post","type-post","status-publish","format-standard","has-post-thumbnail","hentry","category-non-classe"],"_links":{"self":[{"href":"https:\/\/monde25.info\/index.php\/wp-json\/wp\/v2\/posts\/13161","targetHints":{"allow":["GET"]}}],"collection":[{"href":"https:\/\/monde25.info\/index.php\/wp-json\/wp\/v2\/posts"}],"about":[{"href":"https:\/\/monde25.info\/index.php\/wp-json\/wp\/v2\/types\/post"}],"author":[{"embeddable":true,"href":"https:\/\/monde25.info\/index.php\/wp-json\/wp\/v2\/users\/1"}],"replies":[{"embeddable":true,"href":"https:\/\/monde25.info\/index.php\/wp-json\/wp\/v2\/comments?post=13161"}],"version-history":[{"count":0,"href":"https:\/\/monde25.info\/index.php\/wp-json\/wp\/v2\/posts\/13161\/revisions"}],"wp:featuredmedia":[{"embeddable":true,"href":"https:\/\/monde25.info\/index.php\/wp-json\/wp\/v2\/media\/13162"}],"wp:attachment":[{"href":"https:\/\/monde25.info\/index.php\/wp-json\/wp\/v2\/media?parent=13161"}],"wp:term":[{"taxonomy":"category","embeddable":true,"href":"https:\/\/monde25.info\/index.php\/wp-json\/wp\/v2\/categories?post=13161"},{"taxonomy":"post_tag","embeddable":true,"href":"https:\/\/monde25.info\/index.php\/wp-json\/wp\/v2\/tags?post=13161"}],"curies":[{"name":"wp","href":"https:\/\/api.w.org\/{rel}","templated":true}]}}