{"id":1320,"date":"2024-12-02T00:03:48","date_gmt":"2024-12-01T23:03:48","guid":{"rendered":"https:\/\/monde25.info\/index.php\/2024\/12\/02\/manifestation-a-paris-contre-le-soutien-financier-et-militaire-a-lukraine-videos-rt-en-francais\/"},"modified":"2024-12-02T00:03:48","modified_gmt":"2024-12-01T23:03:48","slug":"manifestation-a-paris-contre-le-soutien-financier-et-militaire-a-lukraine-videos-rt-en-francais","status":"publish","type":"post","link":"https:\/\/monde25.info\/index.php\/2024\/12\/02\/manifestation-a-paris-contre-le-soutien-financier-et-militaire-a-lukraine-videos-rt-en-francais\/","title":{"rendered":"manifestation \u00e0 Paris contre le soutien financier et militaire \u00e0 l\u2019Ukraine (VID\u00c9OS) \u2014 RT en fran\u00e7ais"},"content":{"rendered":"<p> <br \/>\n<br \/><img decoding=\"async\" src=\"https:\/\/mf.b37mrtl.ru\/french\/images\/2024.12\/thumbnail\/674c99ab87f3ec36312c673e.jpg\" \/><\/p>\n<div>\n<p class=\"text__summary\">\n                                        \u00c0 Paris, des manifestants s\u2019opposent \u00e0 l\u2019implication de la France dans le conflit en Ukraine. Ils exigent de cesser de fournir une assistance militaire et financi\u00e8re \u00e0 Kiev.\n                                    <\/p>\n<p>Des milliers\u00a0de Fran\u00e7ais se sont rassembl\u00e9s ce 1er d\u00e9cembre\u00a0\u00e0 Paris pour exprimer leur opposition \u00e0 l\u2019implication de la France dans le conflit en Ukraine et protester contre l&rsquo;envoi potentiel de troupes fran\u00e7aises.<\/p>\n<p>Les manifestants, brandissant des pancartes sur lesquelles on peut notamment lire \u00abApocalypse now\u00bb, ont scand\u00e9 des slogans hostiles \u00e0 toute mesure fran\u00e7aise potentielle favorisant l\u2019escalade militaire en Ukraine.<\/p>\n<p><iframe loading=\"lazy\" src=\"https:\/\/vk.com\/video_ext.php?oid=-216965535&amp;id=456256956&amp;hash=a8421101883d22c1\" width=\"640\" height=\"360\" frameborder=\"0\" allowfullscreen=\"1\" allow=\"autoplay; encrypted-media; fullscreen; picture-in-picture\"><\/iframe><\/p>\n<p>\u00abUkraine\u00a0: refusons l\u2019escalade guerri\u00e8re. Pour une solution n\u00e9goci\u00e9e\u00bb, peut-on lire sur un \u00e9criteau affich\u00e9 lors de cette manifestation pour la paix.\u00a0\u00abMacron veut sa guerre, pas nous!\u00bb, peut-on lire sur un autre.<\/p>\n<p>\u00abSortons vite de l\u2019OTAN!\u00bb, ont encore hurl\u00e9 les manifestants.<\/p>\n<div class=\"rtcode\">\n<blockquote class=\"twitter-tweet\">\n<p lang=\"fr\" dir=\"ltr\">\u00c9norme !<\/p>\n<p>\u00ab Sortons vite de l\u2019OTAN ! \u00bb hurlent des milliers et des milliers de Fran\u00e7ais \u00e0 l\u2019appel des Patriotes dans la manifestation nationale pour la Paix en ce moment m\u00eame ! \ud83d\udd4a\ufe0f\ud83c\uddeb\ud83c\uddf7<\/p>\n<p>\u2935\ufe0f <a target=\"_blank\" href=\"https:\/\/t.co\/JAsYyYi6R3\">pic.twitter.com\/JAsYyYi6R3<\/a><\/p>\n<p>\u2014 Florian Philippot (@f_philippot) <a target=\"_blank\" href=\"https:\/\/twitter.com\/f_philippot\/status\/1863254186760036710?ref_src=twsrc%5Etfw\">December 1, 2024<\/a><\/p><\/blockquote>\n<\/div>\n<p>Les manifestants ont exprim\u00e9 par ailleurs leur refus de l\u2019assistance militaire et financi\u00e8re de Paris \u00e0 Kiev, appelant \u00e0 cesser le soutien fran\u00e7ais.<\/p>\n<p>\u00a0\u00abMacron, on ne mourra pas pour l\u2019Ukraine!\u00bb, peut-on lire aussi sur l\u2019une des pancartes. \u00abZelensky, rends l\u2019argent!\u00bb, enjoint une autre pancarte.<\/p>\n<div class=\"rtcode\">\n<blockquote class=\"twitter-tweet\">\n<p lang=\"fr\" dir=\"ltr\">Fou ! Une premi\u00e8re ! <a target=\"_blank\" href=\"https:\/\/twitter.com\/hashtag\/Macron?src=hash&amp;ref_src=twsrc%5Etfw\">#Macron<\/a> nous envoie son <a target=\"_blank\" href=\"https:\/\/twitter.com\/hashtag\/drone?src=hash&amp;ref_src=twsrc%5Etfw\">#drone<\/a> pour surveiller tout du long la manif pour la Paix que nous organisons aujourd\u2019hui \u00e0 Paris !<\/p>\n<p>(Cf vid\u00e9o ! \u2935\ufe0f)<\/p>\n<p>Bient\u00f4t la reconnaissance faciale ?!<\/p>\n<p>Les libert\u00e9s publiques en grave danger !<\/p>\n<p>Macron, d\u00e9gage ton drone !\u2026 <a target=\"_blank\" href=\"https:\/\/t.co\/WdaERr2ggj\">pic.twitter.com\/WdaERr2ggj<\/a><\/p>\n<p>\u2014 Florian Philippot (@f_philippot) <a target=\"_blank\" href=\"https:\/\/twitter.com\/f_philippot\/status\/1863233048088646116?ref_src=twsrc%5Etfw\">December 1, 2024<\/a><\/p><\/blockquote>\n<\/div>\n<h4><strong>\u00abMondialisation du conflit\u00bb<\/strong><\/h4>\n<p>Cette manifestation intervient alors que des dirigeants fran\u00e7ais multiplient ces derniers temps des d\u00e9clarations sugg\u00e9rant l\u2019envoi de troupes \u00e0 l\u2019Ukraine, suscitant des inqui\u00e9tudes au sein de l\u2019opinion publique du pays, notamment quant \u00e0 une potentielle \u00abmondialisation du conflit\u00bb<\/p>\n<p>Le 23 novembre, le ministre fran\u00e7ais des Affaires \u00e9trang\u00e8res Jean-No\u00ebl Barrot, avait d\u00e9clar\u00e9 \u00e0 la BBC que l\u2019arm\u00e9e ukrainienne pourrait tirer des missiles fran\u00e7ais \u00e0 longue port\u00e9e sur la Russie, affirmant \u00abne pas \u00e9carter l\u2019option\u00bb d\u2019envoi des troupes fran\u00e7aises en Ukraine.<\/p>\n<p>Le ministre, qui s&rsquo;\u00e9tait entretenu la veille \u00e0 Londres avec son homologue britannique David Lammy, a d\u00e9clar\u00e9 que les alli\u00e9s occidentaux ne devraient pas fixer de limites au soutien \u00e0 l&rsquo;Ukraine contre la Russie et \u00abne pas fixer\u00a0ni exprimer de lignes rouges\u00bb.<\/p>\n<p>Les commentaires de Jean-No\u00ebl Barrot intervenaient quelques jours apr\u00e8s que des missiles \u00e0 longue port\u00e9e am\u00e9ricains et britanniques ont \u00e9t\u00e9 utilis\u00e9s\u00a0pour la premi\u00e8re fois contre la Russie. Plus t\u00f4t cette ann\u00e9e, le pr\u00e9sident fran\u00e7ais Emmanuel Macron avait indiqu\u00e9 que la France \u00e9tait pr\u00eate \u00e0 autoriser le tir de missiles vers la Russie.<\/p>\n<p>Le pr\u00e9sident russe Vladimir Poutine a r\u00e9cemment critiqu\u00e9 les \u00c9tats-Unis et ses alli\u00e9s europ\u00e9ens dont la France pour l\u2019escalade des tensions provoqu\u00e9e tout en accusant l\u2019Occident d\u2019avoir donn\u00e9 au conflit une dimension mondiale.<\/p>\n<\/div>\n<p><script async src=\"\/\/platform.twitter.com\/widgets.js\" charset=\"utf-8\"><\/script><br \/>\n<br \/><br \/>\n<br \/><a href=\"https:\/\/francais.rt.com\/france\/115062-france-manifestation-paris-contre-soutien-ukraine\" target=\"_blank\"\">Source link <\/a><\/p>\n","protected":false},"excerpt":{"rendered":"<p>\u00c0 Paris, des manifestants s\u2019opposent \u00e0 l\u2019implication de la France dans le conflit en Ukraine. Ils exigent de cesser de fournir une assistance militaire et financi\u00e8re \u00e0 Kiev. Des milliers\u00a0de&hellip; <\/p>\n","protected":false},"author":1,"featured_media":1321,"comment_status":"open","ping_status":"open","sticky":false,"template":"","format":"standard","meta":{"footnotes":""},"categories":[1],"tags":[],"class_list":["post-1320","post","type-post","status-publish","format-standard","has-post-thumbnail","hentry","category-non-classe"],"_links":{"self":[{"href":"https:\/\/monde25.info\/index.php\/wp-json\/wp\/v2\/posts\/1320","targetHints":{"allow":["GET"]}}],"collection":[{"href":"https:\/\/monde25.info\/index.php\/wp-json\/wp\/v2\/posts"}],"about":[{"href":"https:\/\/monde25.info\/index.php\/wp-json\/wp\/v2\/types\/post"}],"author":[{"embeddable":true,"href":"https:\/\/monde25.info\/index.php\/wp-json\/wp\/v2\/users\/1"}],"replies":[{"embeddable":true,"href":"https:\/\/monde25.info\/index.php\/wp-json\/wp\/v2\/comments?post=1320"}],"version-history":[{"count":0,"href":"https:\/\/monde25.info\/index.php\/wp-json\/wp\/v2\/posts\/1320\/revisions"}],"wp:featuredmedia":[{"embeddable":true,"href":"https:\/\/monde25.info\/index.php\/wp-json\/wp\/v2\/media\/1321"}],"wp:attachment":[{"href":"https:\/\/monde25.info\/index.php\/wp-json\/wp\/v2\/media?parent=1320"}],"wp:term":[{"taxonomy":"category","embeddable":true,"href":"https:\/\/monde25.info\/index.php\/wp-json\/wp\/v2\/categories?post=1320"},{"taxonomy":"post_tag","embeddable":true,"href":"https:\/\/monde25.info\/index.php\/wp-json\/wp\/v2\/tags?post=1320"}],"curies":[{"name":"wp","href":"https:\/\/api.w.org\/{rel}","templated":true}]}}