{"id":1324,"date":"2024-12-02T01:10:18","date_gmt":"2024-12-02T00:10:18","guid":{"rendered":"https:\/\/monde25.info\/index.php\/2024\/12\/02\/propaganda-djihadistes-dalep-vs-le-ramasse\/"},"modified":"2024-12-02T01:10:18","modified_gmt":"2024-12-02T00:10:18","slug":"propaganda-djihadistes-dalep-vs-le-ramasse","status":"publish","type":"post","link":"https:\/\/monde25.info\/index.php\/2024\/12\/02\/propaganda-djihadistes-dalep-vs-le-ramasse\/","title":{"rendered":"Propaganda : djihadistes d\u2019Alep VS le Ramasse !"},"content":{"rendered":"<p> <br \/>\n<br \/><img loading=\"lazy\" decoding=\"async\" width=\"544\" height=\"680\" src=\"https:\/\/www.lelibrepenseur.org\/wp-content\/uploads\/2024\/12\/Djihadiste-Vs-Ramasse.jpg\" class=\"webfeedsFeaturedVisual wp-post-image\" alt=\"\" style=\"margin-bottom: 5px;clear:both;max-width: 100%\" \/><\/p>\n<div class=\"intro-text\">\n<p><span class=\"dropcap \" style=\"background-color: #ffffff;color: #000000;border-color: #ffffff\"><strong>C&rsquo;<\/strong><\/span>est rigolo de voir les islamophobes ultra sionistes des plateaux t\u00e9l\u00e9 et radios parisiens nous expliquer que la r\u00e9bellion actuelle en Syrie est d\u00e9mocratique. Pourtant ce sont des membres d&rsquo;Al Qa\u00efda, vous savez, le groupe terroriste qui est \u00e0 l&rsquo;origine du 11\/9 \u00e0 New York. Au m\u00eame moment, la r\u00e9sistance palestinienne est consid\u00e9r\u00e9e comme \u00ab\u00a0terroriste\u00a0\u00bb ! On n&rsquo;y comprend PLUS RIEN. Ils ont bombard\u00e9 pendant 20 ans l&rsquo;Afghanistan d\u00e9pensant 1000 milliards de dollars pour rien !<\/p>\n<p>C&rsquo;est du coup l&rsquo;Occident &#8211; et sa propagande m\u00e9diatique &#8211; qui d\u00e9cide qui est \u00ab\u00a0terroriste\u00a0\u00bb et qui est \u00ab\u00a0combattant de la Libert\u00e9\u00a0\u00bb ! C&rsquo;est aussi ce m\u00eame Occident qui pers\u00e9cute et harc\u00e8le des citoyens anti g\u00e9nocide pour \u00ab\u00a0apologie de terrorisme\u00a0\u00bb et au m\u00eame moment traite les vrais terroristes sanguinaires de Daech de \u00ab\u00a0rebelles\u00a0\u00bb anti dictature !<\/p>\n<\/div>\n<hr \/>\n<hr \/>\n<div class=\"css-175oi2r\">\n<div class=\"css-175oi2r r-1s2bzr4\">\n<div id=\"id__16mqk0rderl\" class=\"css-146c3p1 r-bcqeeo r-1ttztb7 r-qvutc0 r-37j5jr r-1inkyih r-16dba41 r-bnwqim r-135wba7\" dir=\"auto\" lang=\"fr\" data-testid=\"tweetText\">\n<blockquote>\n<p><span class=\"css-1jxf684 r-bcqeeo r-1ttztb7 r-qvutc0 r-poiln3\">Les rebelles qui avancent contre Assad \u00e0 <\/span><span class=\"r-18u37iz\">Alep <\/span><span class=\"css-1jxf684 r-bcqeeo r-1ttztb7 r-qvutc0 r-poiln3\"><span class=\"css-1jxf684 r-bcqeeo r-1ttztb7 r-qvutc0 r-poiln3\">sont Jihadistes. En 2011, j&rsquo;avais film\u00e9 les premiers r\u00e9volutionnaires autour de Jamel Makhouf, pr\u00e8s d&rsquo;Idlib. 5 ans plus tard, ils avaient perdu contre les islamistes. Les occidentaux ne les ont pas aid\u00e9s.<\/span><\/span><\/p>\n<\/blockquote>\n<hr \/>\n<hr \/>\n<blockquote class=\"twitter-tweet\" data-media-max-width=\"560\">\n<p dir=\"ltr\" lang=\"fr\">Les rebelles qui avancent contre Assad \u00e0 <a target=\"_blank\" href=\"https:\/\/twitter.com\/hashtag\/Aleppo?src=hash&amp;ref_src=twsrc%5Etfw\">#Aleppo<\/a> sont Jihadistes. En 2011, j&rsquo;avais film\u00e9 les premiers r\u00e9volutionnaires autour de Jamel Makhouf, pr\u00e8s d&rsquo;Idlib. 5 ans plus tard, ils avaient perdu contre les islamistes. Les occidentaux ne les ont pas aid\u00e9s. <a target=\"_blank\" href=\"https:\/\/t.co\/frk88YmpoN\">https:\/\/t.co\/frk88YmpoN<\/a><\/p>\n<p>\u2014 Paul Moreira (@PaulMoreiraPLTV) <a target=\"_blank\" href=\"https:\/\/twitter.com\/PaulMoreiraPLTV\/status\/1862898782398026157?ref_src=twsrc%5Etfw\">November 30, 2024<\/a><\/p>\n<\/blockquote>\n<hr \/>\n<\/div>\n<\/div>\n<\/div>\n<p>L\u2019article <a target=\"_blank\" href=\"https:\/\/www.lelibrepenseur.org\/propaganda-djihadistes-dalep-vs-le-ramasse\/\">Propaganda : djihadistes d&rsquo;Alep VS le Ramasse !<\/a> est apparu en premier sur <a target=\"_blank\" href=\"https:\/\/www.lelibrepenseur.org\">Le Libre Penseur<\/a>.<\/p>\n<p><script async src=\"https:\/\/platform.twitter.com\/widgets.js\" charset=\"utf-8\"><\/script><br \/>\n<br \/><br \/>\n<br \/><a href=\"https:\/\/www.lelibrepenseur.org\/propaganda-djihadistes-dalep-vs-le-ramasse\/\" target=\"_blank\"\">Source link <\/a><\/p>\n","protected":false},"excerpt":{"rendered":"<p>C&rsquo;est rigolo de voir les islamophobes ultra sionistes des plateaux t\u00e9l\u00e9 et radios parisiens nous expliquer que la r\u00e9bellion actuelle en Syrie est d\u00e9mocratique. Pourtant ce sont des membres d&rsquo;Al&hellip; <\/p>\n","protected":false},"author":1,"featured_media":1325,"comment_status":"open","ping_status":"open","sticky":false,"template":"","format":"standard","meta":{"footnotes":""},"categories":[1],"tags":[],"class_list":["post-1324","post","type-post","status-publish","format-standard","has-post-thumbnail","hentry","category-non-classe"],"_links":{"self":[{"href":"https:\/\/monde25.info\/index.php\/wp-json\/wp\/v2\/posts\/1324","targetHints":{"allow":["GET"]}}],"collection":[{"href":"https:\/\/monde25.info\/index.php\/wp-json\/wp\/v2\/posts"}],"about":[{"href":"https:\/\/monde25.info\/index.php\/wp-json\/wp\/v2\/types\/post"}],"author":[{"embeddable":true,"href":"https:\/\/monde25.info\/index.php\/wp-json\/wp\/v2\/users\/1"}],"replies":[{"embeddable":true,"href":"https:\/\/monde25.info\/index.php\/wp-json\/wp\/v2\/comments?post=1324"}],"version-history":[{"count":0,"href":"https:\/\/monde25.info\/index.php\/wp-json\/wp\/v2\/posts\/1324\/revisions"}],"wp:featuredmedia":[{"embeddable":true,"href":"https:\/\/monde25.info\/index.php\/wp-json\/wp\/v2\/media\/1325"}],"wp:attachment":[{"href":"https:\/\/monde25.info\/index.php\/wp-json\/wp\/v2\/media?parent=1324"}],"wp:term":[{"taxonomy":"category","embeddable":true,"href":"https:\/\/monde25.info\/index.php\/wp-json\/wp\/v2\/categories?post=1324"},{"taxonomy":"post_tag","embeddable":true,"href":"https:\/\/monde25.info\/index.php\/wp-json\/wp\/v2\/tags?post=1324"}],"curies":[{"name":"wp","href":"https:\/\/api.w.org\/{rel}","templated":true}]}}