{"id":1329,"date":"2024-12-02T03:54:40","date_gmt":"2024-12-02T02:54:40","guid":{"rendered":"https:\/\/monde25.info\/index.php\/2024\/12\/02\/syrie-que-se-passe-t-il-dans-alep-et-sa-region\/"},"modified":"2024-12-02T03:54:40","modified_gmt":"2024-12-02T02:54:40","slug":"syrie-que-se-passe-t-il-dans-alep-et-sa-region","status":"publish","type":"post","link":"https:\/\/monde25.info\/index.php\/2024\/12\/02\/syrie-que-se-passe-t-il-dans-alep-et-sa-region\/","title":{"rendered":"Syrie : Que se passe-t-il dans Alep et sa r\u00e9gion ?"},"content":{"rendered":"<p> <br \/>\n<\/p>\n<div>\n<p>par <strong>Mouna\u00a0Alno-Nakhal\u00a0<\/strong><\/p>\n<p><strong>Revue de presse\u00a0<\/strong><\/p>\n<p>Le\u00a028 novembre\u00a0\u00e0 18H39,\u00a0le\u00a0chercheur syrien\u00a0<strong>Basel al-Khatib<\/strong>\u00a0d\u00e9crivait\u00a0la situation\u00a0bri\u00e8vement\u00a0et en ces termes :\u00a0<\/p>\n<p><strong>Tableau g\u00e9n\u00e9ral et contexte strat\u00e9gique :\u00a0<\/strong><\/p>\n<p>\u2022\u00a0Op\u00e9rations\u00a0ordonn\u00e9es par les\u00a0sionistes\u2026<\/p>\n<p>\u2022\u00a0Mot de passe : \u00abAl-Assad\u00a0joue avec le feu\u00bb,\u00a0(phrase prononc\u00e9e\u00a0le 26 novembre 2024\u00a0par Netanyahou lorsqu\u2019il a annonc\u00e9\u00a0son accord sur\u00a0le cessez-le-feu au Liban,\u00a0Ndt)\u2026<\/p>\n<p>\u2022\u00a0Attaque des\u00a0campagnes d\u2019Alep et d\u2019Idlib par des\u00a0troupeaux terroristes\u2026<\/p>\n<p>\u2022\u00a0Attaque planifi\u00e9e cens\u00e9e se transformer\u00a0en une\u00a0guerre d\u2019usure\u00a0longue et cruelle et\u00a0dont l\u2019ex\u00e9cution \u00e9tait pr\u00e9vue pour le\u00a0cas o\u00f9\u00a0la Syrie participerait\u00a0directement \u00e0 la guerre contre l\u2019entit\u00e9\u00a0sioniste\u2026<\/p>\n<p>\u2022\u00a0C\u2019est donc une\u00a0attaque\u00a0qui se pr\u00e9pare depuis longtemps\u2026<\/p>\n<p>\u2022\u00a0L\u2019attaque\u00a0est\u00a0actuellement\u00a0g\u00e9r\u00e9e par une cellule d\u2019op\u00e9rations comprenant des sionistes, des Turcs, des Am\u00e9ricains, des Britanniques et des Ukrainiens\u2026<\/p>\n<p>\u2022\u00a0Tous les\u00a0\u00e9quipements, munitions et armes,\u00a0que les Am\u00e9ricains ont transport\u00e9s ces derniers temps vers leurs bases ill\u00e9gales en Syrie \u00e9taient destin\u00e9s aux terroristes afin de pr\u00e9parer cette attaque\u2026<\/p>\n<p>\u2022\u00a0Les Turcs\u00a0participent directement\u00a0en personnel et en armement\u2026\u00a0<\/p>\n<p>\u2022\u00a0Les Ukrainiens participent en tant qu\u2019officiers du commandement op\u00e9rationnel\u2026<\/p>\n<p>\u2022\u00a0L\u2019attaque n\u2019est qu\u2019une \u00e9tape\u00a0de la guerre contre Gaza et le Liban, dans le prolongement\u00a0de la guerre majeure qui a d\u00e9but\u00e9 contre la Syrie en 2011 et pour les m\u00eames objectifs. En un mot : nous sommes toujours en\u00a0guerre\u2026<\/p>\n<p>\u2022\u00a0Une op\u00e9ration avec de nombreux\u00a0participants, chacun ayant un objectif distinct de l\u2019autre\u2026<\/p>\n<p><strong>Situation\u00a0tactique sur le terrain :<\/strong><\/p>\n<p>\u2022\u00a0Les terroristes ont fait quelques progr\u00e8s au cours des premi\u00e8res heures en raison de l\u2019ampleur\u00a0et de la violence de l\u2019attaque\u2026<\/p>\n<p>\u2022\u00a0Une attaque\u00a0\u00e0 laquelle ont particip\u00e9\u00a0des terroristes (d\u2019\u00e9lite),\u00a0achemin\u00e9s des quatre coins de la plan\u00e8te, d\u2019une grande exp\u00e9rience et d\u2019un haut niveau de formation\u2026<\/p>\n<p>\u2022\u00a0L\u2019arm\u00e9e s\u2019est retir\u00e9e de la premi\u00e8re ligne de front afin de\u00a0pr\u00e9server la vie des soldats et absorber le choc\u2026<\/p>\n<p>\u2022\u00a0L\u2019avanc\u00e9e des terroristes le long des lignes de front a \u00e9t\u00e9 stopp\u00e9e\u2026<\/p>\n<p>\u2022\u00a0Les terroristes ont subi de lourdes pertes, que ce soit au niveau de leurs forces d\u2019attaque, de leurs positions arri\u00e8re ou\u00a0de\u00a0leurs lignes\u00a0de ravitaillement\u2026<\/p>\n<p>\u2022\u00a0Intervention massive et \u00e9crasante des forces a\u00e9riennes syriennes et russes\u2026<\/p>\n<p>\u2022\u00a0D\u00e9cision strat\u00e9gique russe\u00a0prise au plus haut\u00a0niveau : \u00e9crasement des terroristes quoi qu\u2019il en co\u00fbte et soutien maximum\u00a0\u00e0 l\u2019arm\u00e9e syrienne\u2026<\/p>\n<p>\u2022\u00a0La Russie consid\u00e8re\u00a0que\u00a0cette bataille est sa bataille,\u00a0comme si elle se d\u00e9roulait \u00e0 la p\u00e9riph\u00e9rie de ses villes.\u00a0<\/p>\n<p>\u2022\u00a0D\u00e9cision iranienne similaire,\u00a0quoi qu\u2019il en co\u00fbte\u2026<\/p>\n<p>\u2022\u00a0Mobilisation des\u00a0forces syriennes et\u00a0de ses auxiliaires\u00a0sur tous les axes de combat\u2026<\/p>\n<p>\u2022\u00a0La contre-attaque est\u00a0d\u00e9sormais\u00a0proche\u2026<\/p>\n<p>\u2022\u00a0Une zone d\u2019exclusion a\u00e9rienne totale sera impos\u00e9e dans le nord de la Syrie par les forces a\u00e9riennes russes et syriennes ainsi que par les drones iraniens\u2026<\/p>\n<p>\u2022\u00a0La contre-attaque syrienne ne se contentera pas\u00a0de la reconqu\u00eate des zones dans lesquelles les terroristes sont entr\u00e9s, certaines ayant\u00a0d\u00e9j\u00e0 \u00e9t\u00e9 reconquises \u00e0 l\u2019heure o\u00f9 j\u2019\u00e9cris ces mots. Elle\u00a0pourrait se transformer en une lib\u00e9ration globale,\u00a0possibilit\u00e9 que\u00a0je n\u2019exclus pas\u2026<\/p>\n<p>\u2022\u00a0Rassurez-vous, notre arm\u00e9e est aux commandes\u2026<\/p>\n<p>\u2022\u00a0Vos hommes, vos fils, vos p\u00e8res et vos fr\u00e8res sont\u00a0pr\u00e9sents et pi\u00e9tinent le front de ces crapules infid\u00e8les avec dans leurs c\u0153urs\u00a0assez de\u00a0rage et de d\u00e9testation\u00a0pour occire\u00a0tous les terroristes de la plan\u00e8te\u2026<\/p>\n<p>\u2022\u00a0Tout ce que vous pourrez entendre d\u2019autre sur ces\u00a0\u00e9v\u00e9nements\u00a0ne sera que mensonges\u00a0malfaisants.\u00a0Je ne vous ai\u00a0jamais dit\u00a0que\u00a0la v\u00e9rit\u00e9. Si Dieu le permet, je continuerai toujours \u00e0 vous dire la v\u00e9rit\u00e9\u2026<\/p>\n<p>\u2022\u00a0Rassurez-vous\u2026<\/p>\n<p>\u2022\u00a0Nous allons certainement gagner\u2026\u00a0<\/p>\n<p>\u2022\u00a0Pri\u00e8re de diffuser ce message autant que possible.\u00a0<\/p>\n<p>source :\u00a0<a target=\"_blank\" href=\"https:\/\/www.facebook.com\/Basell.alkhateb\/\" target=\"_blank\" rel=\"noopener\" title=\"\">Basell.alkhateb<\/a><\/p>\n<h5 class=\"wp-block-heading has-text-align-center\">*<\/h5>\n<p><em>Et le 29 novembre,\u00a0<strong>M. Nasser\u00a0Kandil<\/strong>\u00a0ancien d\u00e9put\u00e9 libanais et r\u00e9dacteur en chef du quotidien libanais\u00a0Al-Binaa\u00a0publiait un article intitul\u00e9 : \u00abD\u00e9placement\u00a0de la guerre du Liban vers la Syrie\u00bb.<\/em><\/p>\n<p>Ce n\u2019est pas un hasard si les brigades du terroriste Abou\u00a0Mouhammad\u00a0al-Joulani\u00a0ont attaqu\u00e9 Alep d\u00e8s que la \u00abbrigade\u00a0Golani\u00bb (brigade d\u2019infanterie isra\u00e9lienne \u00e9galement d\u00e9nomm\u00e9e 1\u00e8re\u00a0Brigade) est entr\u00e9e en soins intensifs apr\u00e8s son \u00e9chec dans la guerre contre le Sud-Liban. Autrement dit, la guerre contre la R\u00e9sistance libanaise report\u00e9e depuis la d\u00e9faite de l\u2019arm\u00e9e isra\u00e9lienne en juillet 2006 en attendant le moment opportun.\u00a0<\/p>\n<p>La guerre est, en effet, un plan permanent pour l\u2019entit\u00e9 sioniste comme\u00a0le prouve ce que vit la r\u00e9gion depuis l\u2019op\u00e9ration \u00abD\u00e9luge al-Aqsa\u00bb\u00a0\u00e0 partir de Gaza. N\u00e9anmoins, il est \u00e9vident que tout ce que l\u2019entit\u00e9 d\u2019occupation a commis contre les pays de la r\u00e9gion n\u2019aurait \u00e9t\u00e9 possible sans\u00a0une planification conjointe am\u00e9ricano-isra\u00e9lienne.\u00a0<\/p>\n<p>De m\u00eame, la guerre contre la Syrie est clairement isra\u00e9lienne, quels qu\u2019aient\u00a0\u00e9t\u00e9 ses diff\u00e9rents partenaires allant de Washington \u00e0 Ankara en passant par les groupes terroristes et certaines capitales arabes ayant particip\u00e9 avec leur argent, leurs m\u00e9dias et leurs fatwas.\u00a0Une guerre dont l\u2019objectif est de d\u00e9truire les forces\u00a0de la r\u00e9gion\u00a0afin\u00a0de remplir les conditions de l\u2019h\u00e9g\u00e9monie isra\u00e9lienne : le \u00abGrand Isra\u00ebl\u00bb via l\u2019occupation territoriale\u00a0ou le Puissant\u00a0Isra\u00ebl via l\u2019influence r\u00e9gionale. D\u2019ailleurs, si la guerre contre la Syrie avait r\u00e9ussi \u00e0 atteindre ses objectifs, il n\u2019y aurait pas eu de guerre contre la R\u00e9sistance au Liban. Et si la guerre contre le Liban avait r\u00e9ussi cette fois-ci, il n\u2019y aurait pas eu une nouvelle guerre contre la Syrie imm\u00e9diatement apr\u00e8s le cessez-le feu annonc\u00e9 le 26 novembre dernier.\u00a0<\/p>\n<p>Et le Front Al-Nosra, lequel a lui-m\u00eame annonc\u00e9 via un communiqu\u00e9 officiel le changement de son nom en \u00abHay\u2019at\u00a0Tahrir\u00a0al-Cham\u00bb [HTS] apr\u00e8s s\u2019\u00eatre\u00a0pr\u00e9sent\u00e9 comme la branche d\u2019Al-Qa\u00efda en Syrie et avoir pr\u00eat\u00e9\u00a0all\u00e9geance \u00e0 son chef\u00a0Aymanal-Zawahiri, est celui-l\u00e0 m\u00eame que l\u2019ancien ministre isra\u00e9lien de la Guerre, Moshe\u00a0Ya\u2019alon, a\u00a0reconnu comme\u00a0alli\u00e9 dans une d\u00e9claration de 2014\u00a0du fait, selon ses propres termes,\u00a0de sa contribution \u00e0 la protection\u00a0des fronti\u00e8res orientales\u00a0de l\u2019entit\u00e9 sioniste.\u00a0<\/p>\n<p>Le Front Al-Nosra\u00a0est celui-l\u00e0 m\u00eame dont la Turquie r\u00e9clame l\u2019int\u00e9gration au processus de la solution politique en Syrie depuis qu\u2019il a chang\u00e9 de nom, vu qu\u2019il figurait sur les listes terroristes. Et c\u2019est celui-l\u00e0 m\u00eame\u00a0qui a lanc\u00e9 hier l\u2019attaque majeure, couverte par les tirs de drones turcs, contre les positions de l\u2019arm\u00e9e syrienne.\u00a0<\/p>\n<p>Le\u00a0Front Al-Nosra\u00a0est celui-l\u00e0 m\u00eame que les \u00c9tats-Unis ont \u00e9galement cherch\u00e9 \u00e0 int\u00e9grer dans la gouvernance\u00a0syrienne\u00a0en incitant l\u2019ancien envoy\u00e9 de l\u2019ONU,\u00a0Staffande\u00a0Mistura, \u00e0 pr\u00e9senter un projet de solution politique qui lui accorderait l\u2019autonomie dans les zones syriennes se trouvant sous son contr\u00f4le.<\/p>\n<p>Par cons\u00e9quent ce n\u2019est pas un hasard, non plus, que la Turquie -un membre de l\u2019OTAN qui n\u2019a pas rompu ses liens avec Isra\u00ebl par solidarit\u00e9 avec Gaza comme l\u2019ont fait des pays d\u2019Am\u00e9rique latine- soit d\u2019accord avec les \u00c9tats-Unis qui dirigent l\u2019OTAN, ainsi qu\u2019Isra\u00ebl\u00a0qui en profite, pour un\u00a0tel usage du Front al-Nosra.\u00a0<\/p>\n<p>En effet, le conflit en, avec ou sur la Syrie, n\u2019est ni un conflit pour le pouvoir, ni une affaire int\u00e9rieure, ni une guerre civile. Ceux qui d\u00e9fendent de tels r\u00e9cits prouvent leur parti pris contre la Syrie\u00a0; autrement dit, pour le bloc isra\u00e9lo-turco-am\u00e9ricain. C\u2019est pourquoi\u00a0les forces de\u00a0la R\u00e9sistance, l\u2019Iran et la Russie n\u2019ont pas h\u00e9sit\u00e9 \u00e0 se ranger du c\u00f4t\u00e9 de la Syrie.\u00a0<\/p>\n<p>Et c\u2019est pourquoi la deuxi\u00e8me bataille d\u2019Alep, qui vient de commencer, appara\u00eet comme une tentative de modifier les r\u00e9sultats de la premi\u00e8re bataille d\u2019Alep. Et ceci dans l\u2019espoir que l\u2019arm\u00e9e syrienne et ses alli\u00e9s soient \u00e9puis\u00e9s ou d\u00e9sint\u00e9gr\u00e9s\u00a0apr\u00e8s des ann\u00e9es de guerre ; les\u00a0brigades du Front al-Nosra\u00a0\u00e9tant cens\u00e9es compenser ce que l\u2019arm\u00e9e isra\u00e9lienne n\u2019a pas r\u00e9ussi \u00e0 r\u00e9aliser au Sud Liban et qu\u2019elle a besoin de r\u00e9cup\u00e9rer ses forces, raison pour laquelle Netanyahou aurait accept\u00e9 le cessez-le-feu.\u00a0<\/p>\n<p>source :\u00a0<a target=\"_blank\" href=\"https:\/\/www.al-binaa.com\/archives\/420118\" target=\"_blank\" rel=\"noopener\" title=\"\">Al-Binaa<\/a><\/p>\n<h5 class=\"wp-block-heading has-text-align-center\">*<\/h5>\n<p><em>Quant \u00e0 M. Nasser\u00a0Charara, r\u00e9dacteur en chef du magasine Al-Hadeel, nous retenons de son article,\u00a0publi\u00e9 ce m\u00eame 29 novembre,\u00a0quatre\u00a0remarques principales :\u00a0<\/em><\/p>\n<p>En\u00a0arri\u00e8re-plan\u00a0de la reprise de la guerre en\u00a0Syrie,\u00a072H apr\u00e8s le cessez-le-feu sur le front libanais,\u00a0l\u2019intention d\u2019attaquer le poumon fournissant l\u2019oxyg\u00e8ne au Hezbollah\u00a0est \u00e9vidente.<\/p>\n<p>Diriger la guerre vers la Syrie en la concentrant sur Alep\u00a0oblige\u00a0les alli\u00e9s du gouvernement syrien\u00a0\u00e0 d\u00e9porter leur poids de la zone de conflit avec Isra\u00ebl, c\u2019est-\u00e0-dire du sud de Damas limitrophe des fronti\u00e8res du Golan occup\u00e9,\u00a0vers les r\u00e9gions du nord\u00a0syrien\u00a0;\u00a0ce que veut Isra\u00ebl et que Moscou ne d\u00e9sapprouverait\u00a0pas.<\/p>\n<p>Le message re\u00e7u par la Russie,\u00a0suite \u00e0 l\u2019attaque de\u00a0Hay\u2019at\u00a0Tahrir\u00a0al-Cham\u00a0et ses alli\u00e9s sur Alep,\u00a0est essentiellement une mise en garde\u00a0consistant \u00e0 mettre\u00a0le pr\u00e9sident\u00a0Poutine devant la possibilit\u00e9 d\u2019un glissement vers un combat sur deux fronts : l\u2019Ukraine puis la Syrie. Et le but du message est de lui faire comprendre qu\u2019il s\u2019approche d\u2019une saison de concessions \u00e0\u00a0Isra\u00ebl et\u00a0aux\u00a0\u00c9tats-Unis en Syrie, et de concessions \u00e0 l\u2019administration\u00a0Trump\u00a0et aux Europ\u00e9ens en Ukraine\u00a0; le seul moyen de r\u00e9ussir \u00e0 \u00e9teindre les incendies qui l\u2019assi\u00e8gent.\u00a0<\/p>\n<p>Quant \u00e0\u00a0Erdogan, avec l\u2019av\u00e8nement de la pr\u00e9sidence\u00a0Trump\u00a0et l\u2019\u00e9ventualit\u00e9 d\u2019un retrait militaire am\u00e9ricain de Syrie, il cherche \u00e0 devenir la cl\u00e9 de la solution politique entre \u00abl\u2019opposition arm\u00e9e\u00bb et l\u2019\u00c9tat syrien, tout comme il cherche \u00e0 ce que la Turquie devienne l\u2019\u00c9tat charg\u00e9 de r\u00e9gler la situation compliqu\u00e9e au nord de la Syrie et de superviser\u00a0les dispositions de s\u00e9curit\u00e9\u00a0aux fronti\u00e8res syriennes avec l\u2019Irak et La\u00a0Turquie.\u00a0<\/p>\n<p>source :\u00a0<a target=\"_blank\" href=\"https:\/\/alhadeel.net\/article\/704709\/\" target=\"_blank\" rel=\"noopener\" title=\"\">Al-Hadeel<\/a><\/p>\n<h5 class=\"wp-block-heading has-text-align-center\">*<\/h5>\n<p><em>Mais ce 30 novembre, d\u2019apr\u00e8s al-Mayadeen\u00a0TV et nombre de sources r\u00e9gionales :<\/em><\/p>\n<p>Le ministre turc des Affaires \u00e9trang\u00e8res,\u00a0Hakan\u00a0Fidan, a affirm\u00e9 que son pays\u00a0n\u2019est pas impliqu\u00e9 dans les conflits en cours \u00e0 Alep, mais prend des pr\u00e9cautions pour emp\u00eacher une \u00e9ventuelle vague de d\u00e9plac\u00e9s. Il aurait ajout\u00e9 que l\u2019art\u00e8re\u00a0qui maintient en vie\u00a0les\u00a0groupes terroristes dans la r\u00e9gion est entre les\u00a0mains des \u00c9tats-Unis d\u2019Am\u00e9rique sans le soutien desquels ils ne peuvent\u00a0continuer\u00a0\u00e0 avancer\u00a0plus de\u00a0trois jours, et aurait assur\u00e9 que la Turquie ne permettra jamais \u00e0 la structure terroriste en Syrie de devenir un \u00c9tat.\u00a0<\/p>\n<p>source\u00a0: \u00a0<a target=\"_blank\" href=\"https:\/\/www.almayadeen.net\/news\/politics\/%D8%AA%D8%B1%D9%83%D9%8A%D8%A7--%D9%84%D8%B3%D9%86%D8%A7-%D9%85%D9%86%D8%AE%D8%B1%D8%B7%D9%8A%D9%86-%D9%81%D9%8A-%D8%A7%D9%84%D8%B5%D8%B1%D8%A7%D8%B9-%D8%A7%D9%84%D8%AF%D8%A7%D8%A6%D8%B1-%D9%81%D9%8A-%D8%AD%D9%84%D8\" target=\"_blank\" rel=\"noopener\" title=\"\">\u062a\u0631\u0643\u064a\u0627 : \u0644\u0633\u0646\u0627 \u0645\u0646\u062e\u0631\u0637\u064a\u0646 \u0641\u064a \u0627\u0644\u0635\u0631\u0627\u0639 \u0627\u0644\u062f\u0627\u0626\u0631 \u0641\u064a \u062d\u0644\u0628 \u0648\u0644\u0646 \u0646\u0633\u0645\u062d \u0628\u0623\u0646 \u064a\u062a\u062d\u0648\u0644 \u0627\u0644\u0625\u0631\u0647\u0627\u0628 \u0625\u0644\u0649 \u062f\u0648\u0644\u0629<\/a><\/p>\n<p>Et la question devient :\u00a0mais alors,\u00a0d\u2019o\u00f9 vient l\u2019armement lourd utilis\u00e9 au d\u00e9but de l\u2019attaque ? Des \u00c9tats-Unis ? De l\u2019Ukraine ? De la France comme certaines sources l\u2019affirment ? De la Turquie quoi qu\u2019en disent ses repr\u00e9sentants, vu que sans sa fronti\u00e8re ayant servi de passoire \u00e0 tous les terroristes venus du monde entier, la Syrie n\u2019en serait pas l\u00e0 o\u00f9 elle est rendue ? De tous ces pays r\u00e9unis ?<\/p>\n<p>Quoi qu\u2019il en soit, la propagande et la d\u00e9sinformation ont atteint des sommets afin d\u2019\u00e9garer les Syriens et probablement de les pousser \u00e0 fuir leur terre et, une fois de plus, les pousser \u00e0 l\u2019exil. Des bruits ont couru que les terroristes sont entr\u00e9s dans Hama et Damas, ce qui vient d\u2019\u00eatre ni\u00e9 par\u00a0<em>Al-Akhbariya\u00a0TV<\/em> et\u00a0le journaliste\u00a0syrien\u00a0Haydar\u00a0Mustapha circulant dans les rues de la capitale.\u00a0<\/p>\n<p>Finalement,\u00a0pour le moment le brouillard reste\u00a0\u00e9pais et\u00a0les c\u0153urs nou\u00e9s.<\/p>\n<p>\u00c0 suivre\u2026<\/p>\n<p><a target=\"_blank\" href=\"https:\/\/reseauinternational.net\/author\/mouna-alno-nakhal\/\" target=\"_blank\" rel=\"noopener\" title=\"\">Mouna Alno-Nakhal<\/a><\/p>\n<div class=\"sharedaddy sd-block sd-like jetpack-likes-widget-wrapper jetpack-likes-widget-unloaded\" id=\"like-post-wrapper-237719536-433386-674d1a0365812\" data-src=\"https:\/\/widgets.wp.com\/likes\/?ver=14.0#blog_id=237719536&amp;post_id=433386&amp;origin=reseauinternational.net&amp;obj_id=237719536-433386-674d1a0365812&amp;n=1\" data-name=\"like-post-frame-237719536-433386-674d1a0365812\" data-title=\"Aimer ou rebloguer\">\n<h3 class=\"sd-title\">J\u2019aime \u00e7a\u00a0:<\/h3>\n<p><span class=\"button\"><span>J\u2019aime<\/span><\/span> <span class=\"loading\">chargement\u2026<\/span><\/p>\n<p><span class=\"sd-text-color\"\/><a target=\"_blank\" class=\"sd-link-color\"\/><\/div>\n<p><meta itemscope=\"\" itemprop=\"mainEntityOfPage\" itemtype=\"https:\/\/schema.org\/WebPage\" itemid=\"https:\/\/reseauinternational.net\/syrie-que-se-passe-t-il-dans-alep-et-sa-region\/\"\/><meta itemprop=\"headline\" content=\"Syrie :\u00a0Que se passe-t-il dans Alep et sa r\u00e9gion ?\u00a0\"\/><span style=\"display: none;\" itemprop=\"author\" itemscope=\"\" itemtype=\"https:\/\/schema.org\/Person\"><meta itemprop=\"name\" content=\"Amira\"\/><\/span><span style=\"display: none;\" itemprop=\"image\" itemscope=\"\" itemtype=\"https:\/\/schema.org\/ImageObject\"><meta itemprop=\"url\" content=\"https:\/\/i0.wp.com\/reseauinternational.net\/wp-content\/uploads\/2024\/12\/Sans-titre-7.png?fit=800%2C467&amp;ssl=1\"\/><meta itemprop=\"width\" content=\"800\"\/><meta itemprop=\"height\" content=\"467\"\/><\/span><span style=\"display: none;\" itemprop=\"publisher\" itemscope=\"\" itemtype=\"https:\/\/schema.org\/Organization\"><span style=\"display: none;\" itemprop=\"logo\" itemscope=\"\" itemtype=\"https:\/\/schema.org\/ImageObject\"><meta itemprop=\"url\" content=\"https:\/\/reseauinternational.net\/wp-content\/uploads\/2022\/06\/Capture-de\u0301cran-2022-06-14-a\u0300-16.51.07.png\"\/><\/span><meta itemprop=\"name\" content=\"Amira\"\/><\/span><meta itemprop=\"datePublished\" content=\"2024-12-01T11:11:14+00:00\"\/><meta itemprop=\"dateModified\" content=\"2024-12-01T11:11:40+00:00\"\/><\/div>\n<p><br \/>\n<br \/><a href=\"https:\/\/reseauinternational.net\/syrie-que-se-passe-t-il-dans-alep-et-sa-region\/\" target=\"_blank\"\">Source link <\/a><\/p>\n","protected":false},"excerpt":{"rendered":"<p>par Mouna\u00a0Alno-Nakhal\u00a0 Revue de presse\u00a0 Le\u00a028 novembre\u00a0\u00e0 18H39,\u00a0le\u00a0chercheur syrien\u00a0Basel al-Khatib\u00a0d\u00e9crivait\u00a0la situation\u00a0bri\u00e8vement\u00a0et en ces termes :\u00a0 Tableau g\u00e9n\u00e9ral et contexte strat\u00e9gique :\u00a0 \u2022\u00a0Op\u00e9rations\u00a0ordonn\u00e9es par les\u00a0sionistes\u2026 \u2022\u00a0Mot de passe : \u00abAl-Assad\u00a0joue avec&hellip; <\/p>\n","protected":false},"author":1,"featured_media":1330,"comment_status":"open","ping_status":"open","sticky":false,"template":"","format":"standard","meta":{"footnotes":""},"categories":[1],"tags":[],"class_list":["post-1329","post","type-post","status-publish","format-standard","has-post-thumbnail","hentry","category-non-classe"],"_links":{"self":[{"href":"https:\/\/monde25.info\/index.php\/wp-json\/wp\/v2\/posts\/1329","targetHints":{"allow":["GET"]}}],"collection":[{"href":"https:\/\/monde25.info\/index.php\/wp-json\/wp\/v2\/posts"}],"about":[{"href":"https:\/\/monde25.info\/index.php\/wp-json\/wp\/v2\/types\/post"}],"author":[{"embeddable":true,"href":"https:\/\/monde25.info\/index.php\/wp-json\/wp\/v2\/users\/1"}],"replies":[{"embeddable":true,"href":"https:\/\/monde25.info\/index.php\/wp-json\/wp\/v2\/comments?post=1329"}],"version-history":[{"count":0,"href":"https:\/\/monde25.info\/index.php\/wp-json\/wp\/v2\/posts\/1329\/revisions"}],"wp:featuredmedia":[{"embeddable":true,"href":"https:\/\/monde25.info\/index.php\/wp-json\/wp\/v2\/media\/1330"}],"wp:attachment":[{"href":"https:\/\/monde25.info\/index.php\/wp-json\/wp\/v2\/media?parent=1329"}],"wp:term":[{"taxonomy":"category","embeddable":true,"href":"https:\/\/monde25.info\/index.php\/wp-json\/wp\/v2\/categories?post=1329"},{"taxonomy":"post_tag","embeddable":true,"href":"https:\/\/monde25.info\/index.php\/wp-json\/wp\/v2\/tags?post=1329"}],"curies":[{"name":"wp","href":"https:\/\/api.w.org\/{rel}","templated":true}]}}