{"id":1333,"date":"2024-12-02T05:00:43","date_gmt":"2024-12-02T04:00:43","guid":{"rendered":"https:\/\/monde25.info\/index.php\/2024\/12\/02\/la-nouvelle-cheffe-de-la-diplomatie-de-lue-menace-la-georgie-de-sanctions-des-son-entree-en-fonction-rt-en-francais\/"},"modified":"2024-12-02T05:00:43","modified_gmt":"2024-12-02T04:00:43","slug":"la-nouvelle-cheffe-de-la-diplomatie-de-lue-menace-la-georgie-de-sanctions-des-son-entree-en-fonction-rt-en-francais","status":"publish","type":"post","link":"https:\/\/monde25.info\/index.php\/2024\/12\/02\/la-nouvelle-cheffe-de-la-diplomatie-de-lue-menace-la-georgie-de-sanctions-des-son-entree-en-fonction-rt-en-francais\/","title":{"rendered":"La nouvelle cheffe de la diplomatie de l&rsquo;UE menace la G\u00e9orgie de sanctions d\u00e8s son entr\u00e9e en fonction \u2014 RT en fran\u00e7ais"},"content":{"rendered":"<p> <br \/>\n<br \/><img decoding=\"async\" src=\"https:\/\/mf.b37mrtl.ru\/french\/images\/2024.12\/thumbnail\/674c938e6f7ccc286a0aa3f5.jpg\" \/><\/p>\n<div>\n<p class=\"text__summary\">\n                                        Kaja Kallas, nouvelle cheffe de la diplomatie europ\u00e9enne, a menac\u00e9 la G\u00e9orgie de sanctions apr\u00e8s le gel des discussions d&rsquo;adh\u00e9sion \u00e0 l&rsquo;UE, tout en exprimant son soutien aux manifestants pro-occidentaux lors de son tout premier jour en fonction.\n                                    <\/p>\n<p>D\u00e8s son entr\u00e9e en fonction, l&rsquo;ancienne Premi\u00e8re ministre estonienne\u00a0et nouvelle cheffe de la diplomatie europ\u00e9enne, Kaja Kallas, qui a remplac\u00e9 Josep Borrell \u00e0 ce poste, a\u00a0fait des d\u00e9clarations fracassantes, cette fois-ci concernant le fait que les sanctions\u00a0faisaient partie des\u00a0\u00aboptions\u00bb envisag\u00e9es par les Occidentaux apr\u00e8s\u00a0le gel\u00a0par la G\u00e9orgie des discussions d&rsquo;adh\u00e9sion \u00e0 l&rsquo;UE.<\/p>\n<p>S&rsquo;adressant aux journalistes en Ukraine ce 1er d\u00e9cembre, Kaja Kallas a pris le parti des manifestants pro-europ\u00e9ens. \u00abIl est clair que l&rsquo;utilisation de la violence contre des manifestants pacifiques est inacceptable, et le gouvernement g\u00e9orgien devrait respecter la volont\u00e9 du peuple g\u00e9orgien\u00bb, a-t-elle d\u00e9clar\u00e9. \u00abEn ce qui concerne l&rsquo;Union europ\u00e9enne, cela a clairement des cons\u00e9quences sur notre relation avec la G\u00e9orgie\u00bb, a-t-elle poursuivi.<\/p>\n<h2>Kallas donne de la voix<\/h2>\n<p>Les manifestations se sont intensifi\u00e9es \u00e0 Tbilissi depuis\u00a0le 28 novembre, lorsque le Premier ministre Irakli Kobakhidze a annonc\u00e9 le gel des\u00a0discussions d&rsquo;adh\u00e9sion \u00e0 l&rsquo;UE jusqu&rsquo;en 2028, en raison du \u00abchantage et de la manipulation constants\u00bb de Bruxelles sur la politique int\u00e9rieure g\u00e9orgienne. Lors de la manifestation du 30 novembre, les manifestants ont\u00a0tir\u00e9 des feux d&rsquo;artifice et lanc\u00e9 des cocktails Molotov contre les policiers. Dans la nuit du 1er d\u00e9cembre, les manifestants ont utilis\u00e9 une sorte de mitrailleuse improvis\u00e9e qui lan\u00e7ait violemment des p\u00e9tards en direction des forces de l\u2019ordre. La police a r\u00e9pondu par des gaz lacrymog\u00e8nes, des canons \u00e0 eau et l&rsquo;arrestation de nombreuses personnes.<\/p>\n<p>Cette prise de position n&rsquo;\u00e9tait\u00a0pas la premi\u00e8re d\u00e9claration \u00abspectaculaire\u00bb de Kaja Kallas ce 1er d\u00e9cembre. Arriv\u00e9e \u00e0 Kiev d\u00e8s son premier jour de travail, elle a d\u00e9clar\u00e9 qu&rsquo;elle n&rsquo;excluait pas l&rsquo;envoi de troupes europ\u00e9ennes \u00e0 Kiev, prouvant ainsi une fois de plus que l&rsquo;UE ne cherchait pas la paix, mais la continuation de la guerre, selon Dmitri Medvedev, ex-pr\u00e9sident de la F\u00e9d\u00e9ration de Russie (2008-2012)\u00a0et actuel vice-pr\u00e9sident du Conseil de s\u00e9curit\u00e9.<\/p>\n<\/div>\n<p><br \/>\n<br \/><a href=\"https:\/\/francais.rt.com\/international\/115061-nouvelle-cheffe-diplomatie-ue-menace-georgie-sanctions\" target=\"_blank\"\">Source link <\/a><\/p>\n","protected":false},"excerpt":{"rendered":"<p>Kaja Kallas, nouvelle cheffe de la diplomatie europ\u00e9enne, a menac\u00e9 la G\u00e9orgie de sanctions apr\u00e8s le gel des discussions d&rsquo;adh\u00e9sion \u00e0 l&rsquo;UE, tout en exprimant son soutien aux manifestants pro-occidentaux&hellip; <\/p>\n","protected":false},"author":1,"featured_media":1334,"comment_status":"open","ping_status":"open","sticky":false,"template":"","format":"standard","meta":{"footnotes":""},"categories":[1],"tags":[],"class_list":["post-1333","post","type-post","status-publish","format-standard","has-post-thumbnail","hentry","category-non-classe"],"_links":{"self":[{"href":"https:\/\/monde25.info\/index.php\/wp-json\/wp\/v2\/posts\/1333","targetHints":{"allow":["GET"]}}],"collection":[{"href":"https:\/\/monde25.info\/index.php\/wp-json\/wp\/v2\/posts"}],"about":[{"href":"https:\/\/monde25.info\/index.php\/wp-json\/wp\/v2\/types\/post"}],"author":[{"embeddable":true,"href":"https:\/\/monde25.info\/index.php\/wp-json\/wp\/v2\/users\/1"}],"replies":[{"embeddable":true,"href":"https:\/\/monde25.info\/index.php\/wp-json\/wp\/v2\/comments?post=1333"}],"version-history":[{"count":0,"href":"https:\/\/monde25.info\/index.php\/wp-json\/wp\/v2\/posts\/1333\/revisions"}],"wp:featuredmedia":[{"embeddable":true,"href":"https:\/\/monde25.info\/index.php\/wp-json\/wp\/v2\/media\/1334"}],"wp:attachment":[{"href":"https:\/\/monde25.info\/index.php\/wp-json\/wp\/v2\/media?parent=1333"}],"wp:term":[{"taxonomy":"category","embeddable":true,"href":"https:\/\/monde25.info\/index.php\/wp-json\/wp\/v2\/categories?post=1333"},{"taxonomy":"post_tag","embeddable":true,"href":"https:\/\/monde25.info\/index.php\/wp-json\/wp\/v2\/tags?post=1333"}],"curies":[{"name":"wp","href":"https:\/\/api.w.org\/{rel}","templated":true}]}}