{"id":1340,"date":"2024-12-02T08:18:35","date_gmt":"2024-12-02T07:18:35","guid":{"rendered":"https:\/\/monde25.info\/index.php\/2024\/12\/02\/10-millions-de-francais-prives-de-transports-en-commun-accessibles\/"},"modified":"2024-12-02T08:18:35","modified_gmt":"2024-12-02T07:18:35","slug":"10-millions-de-francais-prives-de-transports-en-commun-accessibles","status":"publish","type":"post","link":"https:\/\/monde25.info\/index.php\/2024\/12\/02\/10-millions-de-francais-prives-de-transports-en-commun-accessibles\/","title":{"rendered":"10 millions de Fran\u00e7ais priv\u00e9s de transports en commun accessibles"},"content":{"rendered":"<p> <br \/>\n<\/p>\n<div style=\"position:relative;\">\n        <picture><source type=\"image\/webp\" srcset=\"https:\/\/reporterre.net\/local\/cache-gd2\/29\/f1e2099f96778f36145e0f4d8b28be.jpg@.webp?1732803220\"><img loading=\"lazy\" decoding=\"async\" src=\"https:\/\/reporterre.net\/local\/cache-gd2\/29\/f1e2099f96778f36145e0f4d8b28be.jpg?1732803220\" width=\"720\" height=\"480\" alt=\"10 millions de Fran\u00e7ais priv\u00e9s de transports en commun accessibles\" class=\"image_logo voir_logo\"\/><\/p>\n<p><\/source><\/picture>\n<p class=\"legende_logo\">L\u2019association de consommateurs UFC &#8211; Que choisir a cartographi\u00e9 la r\u00e9alit\u00e9 de l\u2019accessibilit\u00e9 aux transports en commun en France m\u00e9tropolitaine. <span class=\"copyright_logo\">&#8211; Wikimedia \/ CC BY-SA 4.0 \/ St96204<\/span><\/p>\n<p class=\"legende_logo_480\">L\u2019association de consommateurs UFC &#8211; Que choisir a cartographi\u00e9 la r\u00e9alit\u00e9 de l\u2019accessibilit\u00e9 aux transports en commun en France m\u00e9tropolitaine. <span class=\"copyright_logo\">&#8211; Wikimedia \/ CC BY-SA 4.0 \/ St96204<\/span><\/p>\n<\/p><\/div>\n<div>\n        <span class=\"date\">28 novembre 2024  \u00e0 15h10<\/span><\/p>\n<p class=\"duree_lecture\">\n        Dur\u00e9e de lecture : 1 minute\n      <\/p>\n<\/p><\/div>\n<div>\n<p>Laisser la voiture pour les transports en commun<small class=\"fine d-inline\">\u00a0<\/small>? Encore faut-il avoir acc\u00e8s aux transports en commun<small class=\"fine d-inline\">\u00a0<\/small>! Aujourd\u2019hui, 10\u00a0millions de personnes n\u2019y ont pas acc\u00e8s en France, r\u00e9v\u00e8le l\u2019<span class=\"caps\">UFC<\/span>-Que choisir dans <a target=\"_blank\" href=\"https:\/\/www.quechoisir.org\/action-ufc-que-choisir-plus-de-10-millions-de-francais-sans-alternatives-a-la-voiture-l-ufc-que-choisir-revele-les-zones-blanches-de-l-acces-aux-transports-publics-n132694\/?dl=141994\" class=\"spip_out\" rel=\"external\">une \u00e9tude publi\u00e9e le 26\u00a0novembre<\/a>.<\/p>\n<p>L\u2019association de consommateurs a cartographi\u00e9 la r\u00e9alit\u00e9 de l\u2019accessibilit\u00e9 aux transports en commun en France m\u00e9tropolitaine. <i>\u00ab<small class=\"fine d-inline\">\u00a0<\/small>Nos travaux mettent en \u00e9vidence que 17,4<small class=\"fine d-inline\">\u00a0<\/small>% de la population n\u2019a aucun acc\u00e8s \u00e0 un arr\u00eat de transport en commun \u00e0 moins de dix\u00a0minutes \u00e0 pied, une proportion qui grimpe \u00e0 85,3<small class=\"fine d-inline\">\u00a0<\/small>% pour les arr\u00eats de transports ferr\u00e9s<small class=\"fine d-inline\">\u00a0<\/small>\u00bb<\/i>, d\u00e9crit-elle.<\/p>\n<h2 class=\"spip\">Des infrastructures cyclables sont trop rares<\/h2>\n<p>Cette carte met en \u00e9vidence les importantes in\u00e9galit\u00e9s territoriales. Le quart sud-ouest du pays se montre particuli\u00e8rement mal desservi, avec des d\u00e9partements comme le Gers, la Loz\u00e8re ou la Dordogne. Plus de 60<small class=\"fine d-inline\">\u00a0<\/small>% de leurs habitants n\u2019ont acc\u00e8s \u00e0 aucun arr\u00eat de transport en commun \u00e0 moins de 10\u00a0minutes \u00e0 pied. Et si pr\u00e8s de la moiti\u00e9 des Fran\u00e7ais peuvent th\u00e9oriquement acc\u00e9der \u00e0 une gare en moins de 10\u00a0minutes \u00e0 v\u00e9lo, les infrastructures cyclables sont trop rares, et l\u2019intermodalit\u00e9 insuffisamment favoris\u00e9e, estime l\u2019association.<\/p>\n<div class=\"spip_document_86739 spip_document spip_documents spip_document_image spip_documents_center spip_document_center spip_document_avec_legende\" data-legende-len=\"106\" data-legende-lenx=\"xx\">\n<figure class=\"spip_doc_inner\">\n      <picture>\n<p>        <img decoding=\"async\" src=\"https:\/\/reporterre.net\/IMG\/png\/screenshot_2024-11-28_at_14-52-46_etudeaccestransportspublics.pdf.pdf.png\" width=\"614\" height=\"634\" loading=\"lazy\" alt=\"\"\/>\n    <\/picture><figcaption class=\"spip_doc_legende\">\n<p>17,4<small class=\"fine d-inline\">\u00a0<\/small>% de la population n\u2019a aucun acc\u00e8s \u00e0 un arr\u00eat de transport en commun \u00e0 moins de dix minutes \u00e0 pied.\n<\/p>\n<\/figcaption><\/figure>\n<\/p><\/div>\n<p>Elle pointe aussi le probl\u00e8me du financement des transports publics\u00a0: ce dernier d\u00e9pend grandement de l\u2019implantation g\u00e9ographique des entreprises, ce qui l\u00e8se de nombreuses collectivit\u00e9s p\u00e9ri-urbaines et rurales.\u00a0<i>\u00ab<small class=\"fine d-inline\">\u00a0<\/small>Un choc d\u2019offre est n\u00e9cessaire pour rendre les transports publics accessibles et attractifs, y compris au-del\u00e0 des zones urbaines<small class=\"fine d-inline\">\u00a0<\/small>\u00bb<\/i>, consid\u00e8re l\u2019<span class=\"caps\">UFC<\/span>. Elle a lanc\u00e9, avec ses associations locales, une campagne nationale de terrain, visant \u00e0 mobiliser les habitants de ces zones blanches.<\/p>\n<aside class=\"boite_encarts\">\n<div class=\"encart encart_gris noprint\">\n<p><strong>Il est de retour.<\/strong><\/p>\n<p>Dans quelques semaines, Donald Trump se r\u00e9-installera \u00e0 la Maison Blanche.<\/p>\n<p>Un milliardaire, pour qui le r\u00e9chauffement climatique est \u00ab<small class=\"fine d-inline\">\u00a0<\/small>un canular<small class=\"fine d-inline\">\u00a0<\/small>\u00bb, sera \u00e0 la t\u00eate de la plus grande puissance mondiale.<\/p>\n<p>Dans une d\u00e9cennie cruciale pour l\u2019\u00e9cologie, nous ne pouvons pas nous permettre de perdre plus de temps.<\/p>\n<p>La soci\u00e9t\u00e9 civile doit continuer de se soulever, de se mobiliser et de faire pression sur les puissants.<\/p>\n<p>Mais pour agir, il faut savoir.<\/p>\n<p><strong>Depuis 11 ans, nous publions des articles de qualit\u00e9 sur l\u2019\u00e9cologie, en acc\u00e8s libre et sans publicit\u00e9, pour tous.<\/strong><\/p>\n<p>Nous avons la conviction que l\u2019urgence \u00e9cologique est l\u2019enjeu majeur de notre \u00e9poque.<br class=\"autobr\"\/><br \/>\n Et comme plus de 2 millions de lectrices et lecteurs chaque mois, vous partagez sans doute cette conviction&#8230;<\/p>\n<p>Alors si vous en avez les moyens, sachez qu\u2019un don, m\u00eame d\u20191\u20ac, est un acte de soutien fort pour l\u2019\u00e9cologie et le journalisme ind\u00e9pendant.<br class=\"autobr\"\/><br \/>\n (Et \u00e7a vous prendra moins de temps que la lecture de ce texte).<\/p>\n<p><strong>Si vous le pouvez, choisissez un soutien mensuel. Merci.<\/strong><\/p>\n<p><a target=\"_blank\" href=\"https:\/\/reporterre.net\/dons\" class=\"bt_soutenir\">Je soutiens <i>Reporterre<\/i><\/a><\/p>\n<\/p><\/div>\n<div class=\"encart encart_vert noprint montre_1023\">\n<div class=\"infolettre-form-container noprint\">\n<p>Abonnez-vous \u00e0 la lettre d\u2019info de Reporterre<\/p>\n<\/div><\/div>\n<\/aside>\n<aside class=\"boite_apresarticle encart_note\">\n<\/aside>\n<aside class=\"boite_complement texte\">\n<p>      <!-- zone_forum --><br \/>\n          <\/aside>\n<aside class=\"boite_lireaussi noprint\">\n<\/aside>\n<aside class=\"colonne\">\n<div class=\"article_info cache_1023 noprint\">\n        <span class=\"date\">28 novembre 2024  \u00e0 15h10<\/span><\/p>\n<p class=\"duree_lecture\">\n        Dur\u00e9e de lecture : 1 minute\n      <\/p>\n<\/p><\/div>\n<div class=\"bloc_infolettre\">\n<div class=\"infolettre-form-container noprint\">\n<p>Abonnez-vous \u00e0 la lettre d\u2019info de Reporterre<\/p>\n<\/div><\/div>\n<\/aside>\n<div id=\"galerie\">\n  <img decoding=\"async\" src=\"\" class=\"principale\" id=\"principale\"\/><\/p>\n<p id=\"legende\">legende<\/p>\n<\/div>\n<footer class=\"noprint\">\n<\/footer>\n<\/div>\n<p><br \/>\n<br \/><a href=\"https:\/\/reporterre.net\/Transports-en-commun-10-millions-de-Francais-laisses-au-bord-du-chemin\" target=\"_blank\"\">Source link <\/a><\/p>\n","protected":false},"excerpt":{"rendered":"<p>L\u2019association de consommateurs UFC &#8211; Que choisir a cartographi\u00e9 la r\u00e9alit\u00e9 de l\u2019accessibilit\u00e9 aux transports en commun en France m\u00e9tropolitaine. &#8211; Wikimedia \/ CC BY-SA 4.0 \/ St96204 L\u2019association de&hellip; <\/p>\n","protected":false},"author":1,"featured_media":1341,"comment_status":"open","ping_status":"open","sticky":false,"template":"","format":"standard","meta":{"footnotes":""},"categories":[1],"tags":[],"class_list":["post-1340","post","type-post","status-publish","format-standard","has-post-thumbnail","hentry","category-non-classe"],"_links":{"self":[{"href":"https:\/\/monde25.info\/index.php\/wp-json\/wp\/v2\/posts\/1340","targetHints":{"allow":["GET"]}}],"collection":[{"href":"https:\/\/monde25.info\/index.php\/wp-json\/wp\/v2\/posts"}],"about":[{"href":"https:\/\/monde25.info\/index.php\/wp-json\/wp\/v2\/types\/post"}],"author":[{"embeddable":true,"href":"https:\/\/monde25.info\/index.php\/wp-json\/wp\/v2\/users\/1"}],"replies":[{"embeddable":true,"href":"https:\/\/monde25.info\/index.php\/wp-json\/wp\/v2\/comments?post=1340"}],"version-history":[{"count":0,"href":"https:\/\/monde25.info\/index.php\/wp-json\/wp\/v2\/posts\/1340\/revisions"}],"wp:featuredmedia":[{"embeddable":true,"href":"https:\/\/monde25.info\/index.php\/wp-json\/wp\/v2\/media\/1341"}],"wp:attachment":[{"href":"https:\/\/monde25.info\/index.php\/wp-json\/wp\/v2\/media?parent=1340"}],"wp:term":[{"taxonomy":"category","embeddable":true,"href":"https:\/\/monde25.info\/index.php\/wp-json\/wp\/v2\/categories?post=1340"},{"taxonomy":"post_tag","embeddable":true,"href":"https:\/\/monde25.info\/index.php\/wp-json\/wp\/v2\/tags?post=1340"}],"curies":[{"name":"wp","href":"https:\/\/api.w.org\/{rel}","templated":true}]}}