{"id":1353,"date":"2024-12-02T12:42:36","date_gmt":"2024-12-02T11:42:36","guid":{"rendered":"https:\/\/monde25.info\/index.php\/2024\/12\/02\/cuba-gaza-ce-que-les-medias-oublient-de-dire-video-par-loic-ramirez\/"},"modified":"2024-12-02T12:42:36","modified_gmt":"2024-12-02T11:42:36","slug":"cuba-gaza-ce-que-les-medias-oublient-de-dire-video-par-loic-ramirez","status":"publish","type":"post","link":"https:\/\/monde25.info\/index.php\/2024\/12\/02\/cuba-gaza-ce-que-les-medias-oublient-de-dire-video-par-loic-ramirez\/","title":{"rendered":"Cuba\/Gaza : ce que les m\u00e9dias oublient de dire (vid\u00e9o). par Lo\u00efc Ramirez"},"content":{"rendered":"<p> <br \/>\n<br \/><img loading=\"lazy\" decoding=\"async\" src=\"https:\/\/www.legrandsoir.info\/local\/cache-vignettes\/L150xH77\/screenshot-www.youtube.com-2024.12.02-11_59_59-2b7f4.png?1733137294\" class=\"spip_logo spip_logo_left\" width=\"150\" height=\"77\" alt=\"\" \/> <\/p>\n<p>Entretien avec la journaliste Ma\u00eflys Khider pour le m\u00e9dia Le Grand Soir. <br class=\"autobr\" \/> Tomb\u00e9e amoureuse de Cuba au d\u00e9tour d&rsquo;un voyage, la journaliste Ma\u00eflys Khider a enqu\u00eat\u00e9 longtemps sur la r\u00e9alit\u00e9 de l&rsquo;\u00eele. Autrice d&rsquo;un livre sur les m\u00e9decins cubains, elle a interrog\u00e9 de nombreux professionnels qui ont particip\u00e9 aux missions de solidarit\u00e9 \u00e0 travers le monde. Dans cet entretien, elle revient sur les nombreux t\u00e9moignages re\u00e7us, notamment celui de cette Cubaine perturb\u00e9e lorsque des coll\u00e8gues m\u00e9decins, (\u2026)<\/p>\n<p><a target=\"_blank\" href=\"https:\/\/www.legrandsoir.info\/-nos-lecteurs-proposent-.html\" rel=\"directory\">Nos lecteurs proposent<\/a><br \/>\n \/ <a target=\"_blank\" href=\"https:\/\/www.legrandsoir.info\/+-cuba-+.html\" rel=\"tag\">Cuba<\/a><br \/>\n<br \/><br \/>\n<br \/><a href=\"https:\/\/www.legrandsoir.info\/cuba-gaza-ce-que-les-medias-oublient-de-dire-video.html\" target=\"_blank\"\">Source link <\/a><\/p>\n","protected":false},"excerpt":{"rendered":"<p>Entretien avec la journaliste Ma\u00eflys Khider pour le m\u00e9dia Le Grand Soir. Tomb\u00e9e amoureuse de Cuba au d\u00e9tour d&rsquo;un voyage, la journaliste Ma\u00eflys Khider a enqu\u00eat\u00e9 longtemps sur la r\u00e9alit\u00e9&hellip; <\/p>\n","protected":false},"author":1,"featured_media":1354,"comment_status":"open","ping_status":"open","sticky":false,"template":"","format":"standard","meta":{"footnotes":""},"categories":[1],"tags":[],"class_list":["post-1353","post","type-post","status-publish","format-standard","has-post-thumbnail","hentry","category-non-classe"],"_links":{"self":[{"href":"https:\/\/monde25.info\/index.php\/wp-json\/wp\/v2\/posts\/1353","targetHints":{"allow":["GET"]}}],"collection":[{"href":"https:\/\/monde25.info\/index.php\/wp-json\/wp\/v2\/posts"}],"about":[{"href":"https:\/\/monde25.info\/index.php\/wp-json\/wp\/v2\/types\/post"}],"author":[{"embeddable":true,"href":"https:\/\/monde25.info\/index.php\/wp-json\/wp\/v2\/users\/1"}],"replies":[{"embeddable":true,"href":"https:\/\/monde25.info\/index.php\/wp-json\/wp\/v2\/comments?post=1353"}],"version-history":[{"count":0,"href":"https:\/\/monde25.info\/index.php\/wp-json\/wp\/v2\/posts\/1353\/revisions"}],"wp:featuredmedia":[{"embeddable":true,"href":"https:\/\/monde25.info\/index.php\/wp-json\/wp\/v2\/media\/1354"}],"wp:attachment":[{"href":"https:\/\/monde25.info\/index.php\/wp-json\/wp\/v2\/media?parent=1353"}],"wp:term":[{"taxonomy":"category","embeddable":true,"href":"https:\/\/monde25.info\/index.php\/wp-json\/wp\/v2\/categories?post=1353"},{"taxonomy":"post_tag","embeddable":true,"href":"https:\/\/monde25.info\/index.php\/wp-json\/wp\/v2\/tags?post=1353"}],"curies":[{"name":"wp","href":"https:\/\/api.w.org\/{rel}","templated":true}]}}