{"id":1357,"date":"2024-12-02T14:21:59","date_gmt":"2024-12-02T13:21:59","guid":{"rendered":"https:\/\/monde25.info\/index.php\/2024\/12\/02\/barnier-pilonne-la-culture-en-catimini\/"},"modified":"2024-12-02T14:21:59","modified_gmt":"2024-12-02T13:21:59","slug":"barnier-pilonne-la-culture-en-catimini","status":"publish","type":"post","link":"https:\/\/monde25.info\/index.php\/2024\/12\/02\/barnier-pilonne-la-culture-en-catimini\/","title":{"rendered":"Barnier pilonne la culture en catimini"},"content":{"rendered":"<p> <br \/>\n<\/p>\n<div>\n<h4><strong>Le projet de loi de finances 2025 pr\u00e9voit des coupes drastiques dans les budgets des d\u00e9partements, notamment celui de la culture. Au point o\u00f9 certains dispositifs historiques risquent de dispara\u00eetre. Devant cette menace, le r\u00e9seau national pour la <span class=\"culture\">culture <\/span>dans les D\u00e9partements <a target=\"_blank\" href=\"https:\/\/www.culture-co.fr\/\">Culture\u2022Co<\/a> lance un <a target=\"_blank\" href=\"https:\/\/www.culture-co.fr\/a-la-une\/lappel-de-begles\/\">appel<\/a> pour rappeler le r\u00f4le essentiel jou\u00e9 par les politiques culturelles et d\u00e9fendre notre mod\u00e8le de d\u00e9mocratie culturelle. Appel que nous relayons.<br \/><\/strong><\/h4>\n<p><a target=\"_blank\" href=\"https:\/\/mrmondialisation.org\/racisme-homophobie-gouvernement-barnier\/\"><strong>Les cons\u00e9quences du gouvernement Barnier commencent \u00e0 se faire sentir.<\/strong><\/a> D\u00e9sormais, c\u2019est la culture qui est vis\u00e9e alors m\u00eame qu\u2019elle est <strong><a target=\"_blank\" href=\"https:\/\/mrmondialisation.org\/la-colere-dartistes-et-de-professionnels-de-la-culture-face-a-la-derive-autoritaire\/\">un domaine crucial pour nos structures psychiques, sociales et la sant\u00e9 physique.<\/a><\/strong> Nous relayons ici l\u2019appel de <a target=\"_blank\" href=\"https:\/\/www.culture-co.fr\/\">Culture\u2022Co, <\/a>le r\u00e9seau national pour la <span class=\"culture\">culture <\/span>dans les D\u00e9partements, qui entend d\u00e9fendre ce bien commun.<\/p>\n<h2><strong>L\u2019APPEL DE B\u00c8GLES<\/strong><\/h2>\n<p>B\u00e8gles, le 22 novembre 2024<\/p>\n<p>R\u00e9unis en s\u00e9minaire \u00e0 B\u00e8gles avec le concours du D\u00e9partement de la Gironde et de son agence culturelle, l\u2019<a target=\"_blank\" href=\"https:\/\/www.iddac.net\/\">Iddac<\/a>, les repr\u00e9sentants de <a target=\"_blank\" href=\"https:\/\/www.culture-co.fr\/\">Culture\u2022Co<\/a>, \u00e9lus, directeurs et directrices de la culture des D\u00e9partements, ont r\u00e9dig\u00e9 cette tribune <strong>pour d\u00e9fendre l\u2019urgence de <\/strong><strong>pr\u00e9server les politiques culturelles d\u00e9partementales<\/strong> face \u00e0 la crise budg\u00e9taire actuelle.<\/p>\n<figure id=\"attachment_689127\" aria-describedby=\"caption-attachment-689127\" style=\"width: 1024px\" class=\"wp-caption alignnone\"><img fetchpriority=\"high\" decoding=\"async\" class=\"wp-image-689127 size-medium\" src=\"https:\/\/mrmondialisation.org\/wp-content\/uploads\/2024\/11\/lysee-palace-sep-2017-1-1024x683.jpg\" alt=\"\" width=\"1024\" height=\"683\" srcset=\"https:\/\/mrmondialisation.org\/wp-content\/uploads\/2024\/11\/lysee-palace-sep-2017-1-1024x683.jpg 1024w, https:\/\/mrmondialisation.org\/wp-content\/uploads\/2024\/11\/lysee-palace-sep-2017-1-768x512.jpg 768w, https:\/\/mrmondialisation.org\/wp-content\/uploads\/2024\/11\/lysee-palace-sep-2017-1-696x464.jpg 696w, https:\/\/mrmondialisation.org\/wp-content\/uploads\/2024\/11\/lysee-palace-sep-2017-1-1068x712.jpg 1068w, https:\/\/mrmondialisation.org\/wp-content\/uploads\/2024\/11\/lysee-palace-sep-2017-1-630x420.jpg 630w, https:\/\/mrmondialisation.org\/wp-content\/uploads\/2024\/11\/lysee-palace-sep-2017-1.jpg 1500w\" sizes=\"(max-width: 1024px) 100vw, 1024px\"\/><figcaption id=\"caption-attachment-689127\" class=\"wp-caption-text\">Visiteurs du palais de l\u2019\u00c9lys\u00e9e lors des Journ\u00e9es europ\u00e9ennes du patrimoine 2017.<a target=\"_blank\" href=\"https:\/\/commons.wikimedia.org\/wiki\/File:%C3%89lys%C3%A9e_Palace_Sep._2017_(1).jpg?uselang=fr\"> Wikimedia Commons<\/a><\/figcaption><\/figure>\n<p>En cette fin d\u2019ann\u00e9e 2024, les D\u00e9partements m\u00e9tropolitains et ultramarins font face \u00e0 une crise sans pr\u00e9c\u00e9dent.<strong> Le projet de loi de finances pour 2025 porte un coup fatal \u00e0 leur autonomie<\/strong> et menace directement leur capacit\u00e9 \u00e0 maintenir des politiques culturelles essentielles \u00e0 la coh\u00e9sion de nos territoires.<\/p>\n<blockquote>\n<p><strong>\u00ab Les D\u00e9partements, remparts de la d\u00e9mocratie culturelle en danger \u00bb<\/strong><\/p>\n<\/blockquote>\n<p>Les chiffres sont alarmants : <strong>des D\u00e9partements voient leur budget culture divis\u00e9 par 3 en 2 ans<\/strong>. 14 d\u2019entre eux seront dans l\u2019impossibilit\u00e9 de voter un budget \u00e0 l\u2019\u00e9quilibre en 2024. Si rien ne change, ce sont 80 D\u00e9partements qui seront dans cette situation d\u2019ici 2027. Derri\u00e8re ces chiffres, <strong>c\u2019est tout un mod\u00e8le de soci\u00e9t\u00e9 qui vacille<\/strong>.<\/p>\n<p>Car ne nous y trompons pas : en asphyxiant financi\u00e8rement les D\u00e9partements,<strong> c\u2019est la promesse r\u00e9publicaine d\u2019\u00e9galit\u00e9 territoriale et citoyenne qui est bafou\u00e9e<\/strong>. Dans nos zones rurales, dans nos quartiers prioritaires, dans nos villes moyennes, les D\u00e9partements sont souvent les derniers remparts contre la d\u00e9sertification culturelle. Ce sont eux qui, aux c\u00f4t\u00e9s des communes, <strong>maintiennent vivant le tissu associatif culturel<\/strong>, encouragent et accompagnent l\u2019acc\u00e8s au livre et \u00e0 la lecture, participent \u00e0 <strong>la sauvegarde et au partage de nos patrimoines et de nos m\u00e9moires,<\/strong> soutiennent les artistes, les compagnies, les lieux de cr\u00e9ation et les structures d\u2019enseignement artistique. Ce sont eux qui permettent \u00e0 <strong>des milliers de coll\u00e9giens de d\u00e9couvrir le spectacle vivant, le cin\u00e9ma, les arts plastiques, la <\/strong><strong>musique et la danse.<\/strong><\/p>\n<figure id=\"attachment_689130\" aria-describedby=\"caption-attachment-689130\" style=\"width: 1024px\" class=\"wp-caption alignnone\"><img loading=\"lazy\" decoding=\"async\" class=\"wp-image-689130 size-medium\" src=\"https:\/\/mrmondialisation.org\/wp-content\/uploads\/2024\/11\/bordeaux-grand-theatre-1024x579.jpg\" alt=\"\" width=\"1024\" height=\"579\" srcset=\"https:\/\/mrmondialisation.org\/wp-content\/uploads\/2024\/11\/bordeaux-grand-theatre-1024x579.jpg 1024w, https:\/\/mrmondialisation.org\/wp-content\/uploads\/2024\/11\/bordeaux-grand-theatre-768x434.jpg 768w, https:\/\/mrmondialisation.org\/wp-content\/uploads\/2024\/11\/bordeaux-grand-theatre-696x393.jpg 696w, https:\/\/mrmondialisation.org\/wp-content\/uploads\/2024\/11\/bordeaux-grand-theatre-1068x604.jpg 1068w, https:\/\/mrmondialisation.org\/wp-content\/uploads\/2024\/11\/bordeaux-grand-theatre-743x420.jpg 743w, https:\/\/mrmondialisation.org\/wp-content\/uploads\/2024\/11\/bordeaux-grand-theatre.jpg 1500w\" sizes=\"auto, (max-width: 1024px) 100vw, 1024px\"\/><figcaption id=\"caption-attachment-689130\" class=\"wp-caption-text\">Le Grand Th\u00e9\u00e2tre de Bordeaux. <a target=\"_blank\" href=\"https:\/\/commons.wikimedia.org\/wiki\/File:Bordeaux_-_Grand_Th%C3%A9%C3%A2tre_4.jpg\">Wikimedia Commons<\/a><\/figcaption><\/figure>\n<p>Aujourd\u2019hui,<strong> ce mod\u00e8le est menac\u00e9 de disparition<\/strong>. Des d\u00e9partements sont contraints de supprimer des dispositifs historiques. Des agences culturelles d\u00e9partementales, outils essentiels d\u2019irrigation culturelle des territoires ruraux, voient leur existence remise en question.<\/p>\n<p>Plus inqui\u00e9tant encore, une id\u00e9ologie du d\u00e9sengagement commence \u00e0 poindre, pr\u00e9tendant que la culture rel\u00e8verait de la seule responsabilit\u00e9 des familles. <strong>C\u2019est oublier que l\u2019acc\u00e8s \u00e0 la culture est un droit constitutionnel, une mission de service public, un pilier de notre pacte r\u00e9publicain.<\/strong> Et que la culture reste un secteur marqu\u00e9 par de profondes in\u00e9galit\u00e9s sociales et territoriales.<\/p>\n<p>40 ans apr\u00e8s les lois de d\u00e9centralisation qui proclamaient <em>\u00ab droits et libert\u00e9s des collectivit\u00e9s territoriales \u00bb<\/em>, force est de constater que <strong>ces droits et ces libert\u00e9s sont vid\u00e9s de leur substance<\/strong>. Priv\u00e9s de leurs leviers fiscaux, contraints de g\u00e9rer une explosion des d\u00e9penses sociales insuffisamment compens\u00e9es par l\u2019\u00c9tat, les D\u00e9partements sont progressivement r\u00e9duits au r\u00f4le de simples op\u00e9rateurs de l\u2019\u00c9tat.<\/p>\n<div class=\"td-a-rec td-a-rec-id-content_inlineright  tdi_1 td_block_template_1\">\n<span class=\"td-adspot-title\">&#8211; Pour une information libre ! &#8211;<\/span><a target=\"_blank\" href=\"https:\/\/fr.tipeee.com\/mr-mondialisation\" class=\"tipeee-project-small\">Soutenir Mr Japanization sur Tipeee<\/a>\n<\/div>\n<p>Face \u00e0 cette situation, Culture\u2022Co, r\u00e9seau national pour la culture dans les D\u00e9partements, <strong>lance un cri d\u2019alarme et un appel \u00e0 solidarit\u00e9 \u00e0 l\u2019ensemble des acteurs culturels<\/strong>, des \u00e9lus locaux et des citoyens pour d\u00e9fendre ce bien commun qu\u2019est la culture :<\/p>\n<ul>\n<li>Nous exigeons une <strong>r\u00e9vision imm\u00e9diate du projet de loi de finances pour 2025<\/strong> pour garantir aux D\u00e9partements les moyens de leurs missions ;<\/li>\n<li>Nous appelons \u00e0 une <strong>r\u00e9forme profonde de la d\u00e9centralisation<\/strong>, restaurant l\u2019autonomie fiscale des collectivit\u00e9s ;<\/li>\n<li>Nous demandons l\u2019<strong>ouverture d\u2019une n\u00e9gociation nationale sur le financement<\/strong> des politiques culturelles territoriales.<\/li>\n<\/ul>\n<figure id=\"attachment_689129\" aria-describedby=\"caption-attachment-689129\" style=\"width: 1024px\" class=\"wp-caption alignnone\"><img loading=\"lazy\" decoding=\"async\" class=\"wp-image-689129 size-medium\" src=\"https:\/\/mrmondialisation.org\/wp-content\/uploads\/2024\/11\/musee-rodin-nuit-europeenne-des-musees-2013-1024x575.jpg\" alt=\"\" width=\"1024\" height=\"575\" srcset=\"https:\/\/mrmondialisation.org\/wp-content\/uploads\/2024\/11\/musee-rodin-nuit-europeenne-des-musees-2013-1024x575.jpg 1024w, https:\/\/mrmondialisation.org\/wp-content\/uploads\/2024\/11\/musee-rodin-nuit-europeenne-des-musees-2013-768x432.jpg 768w, https:\/\/mrmondialisation.org\/wp-content\/uploads\/2024\/11\/musee-rodin-nuit-europeenne-des-musees-2013-696x391.jpg 696w, https:\/\/mrmondialisation.org\/wp-content\/uploads\/2024\/11\/musee-rodin-nuit-europeenne-des-musees-2013-1068x600.jpg 1068w, https:\/\/mrmondialisation.org\/wp-content\/uploads\/2024\/11\/musee-rodin-nuit-europeenne-des-musees-2013-747x420.jpg 747w, https:\/\/mrmondialisation.org\/wp-content\/uploads\/2024\/11\/musee-rodin-nuit-europeenne-des-musees-2013.jpg 1500w\" sizes=\"auto, (max-width: 1024px) 100vw, 1024px\"\/><figcaption id=\"caption-attachment-689129\" class=\"wp-caption-text\">Mus\u00e9e Rodin \u2013 Nuit europ\u00e9enne des mus\u00e9es 2013. <a target=\"_blank\" href=\"https:\/\/commons.wikimedia.org\/wiki\/File:Mus%C3%A9e_Rodin_-_Nuit_europ%C3%A9enne_des_mus%C3%A9es_2013_(4).jpg\">Wikimedia Commons<\/a><\/figcaption><\/figure>\n<p>L\u2019heure n\u2019est plus aux demi-mesures. Si nous laissons dispara\u00eetre les politiques culturelles<br \/>d\u00e9partementales et territoriales,<a target=\"_blank\" href=\"https:\/\/mrmondialisation.org\/mondialisation-neoliberale-ennemi-de-la-democratie\/\"><strong> c\u2019est tout notre mod\u00e8le de d\u00e9mocratie culturelle qui s\u2019effondrera<\/strong>.<\/a> Des d\u00e9cennies d\u2019efforts pour la d\u00e9mocratisation de la culture seront r\u00e9duites \u00e0 n\u00e9ant. Des territoires entiers se verront priv\u00e9s d\u2019acc\u00e8s \u00e0 l\u2019art et \u00e0 la culture. Des associations culturelles seront amen\u00e9es \u00e0 devoir licencier massivement leurs salari\u00e9s.<\/p>\n<hr\/>\n<p><a target=\"_blank\" href=\"https:\/\/fr.tipeee.com\/mr-mondialisation\"><strong>Gratuit, sans subvention et ind\u00e9pendant depuis 10 ans, nous avons besoin de vous pour continuer ce travail en 2024. Sens-toi libre d\u2019activer un abonnement volontaire sur ce lien en offrant un th\u00e9 \u00e0 l\u2019\u00e9quipe. Merci infiniment.<\/strong><\/a><\/p>\n<hr\/>\n<p>Ensemble, artistes, compagnies, associations, f\u00e9d\u00e9rations culturelles, \u00e9lus locaux, citoyens, soyons solidaires pour d\u00e9fendre les politiques culturelles d\u00e9partementales. Faites entendre votre voix et votre soutien aux c\u00f4t\u00e9s des D\u00e9partements. Car c\u2019est bien de cela qu\u2019il s\u2019agit : <strong>pr\u00e9server notre capacit\u00e9 \u00e0 faire soci\u00e9t\u00e9, \u00e0 cr\u00e9er du lien, \u00e0 construire du sens commun<\/strong>.<\/p>\n<p>La culture n\u2019est pas une variable d\u2019ajustement budg\u00e9taire. Elle donne du sens \u00e0 nos vies individuelles et collectives, <strong>elle est le c\u0153ur battant de nos territoires, l\u2019\u00e2me de notre R\u00e9publique<\/strong>.<\/p>\n<p style=\"text-align: right;\">Pour les membres du conseil d\u2019administration de Culture\u2022Co,<br \/>Le pr\u00e9sident Claudy Lebreton<\/p>\n<hr\/>\n<p>Photo de couverture : <a target=\"_blank\" href=\"https:\/\/www.pexels.com\/fr-fr\/photo\/ecole-brouiller-enfants-etudiants-7929452\/\">Pexels<\/a><\/p>\n<div class=\"td-a-rec td-a-rec-id-content_bottom  tdi_2 td_block_template_1\">\n<span class=\"td-adspot-title\">&#8211; Cet article gratuit et ind\u00e9pendant existe gr\u00e2ce \u00e0 vous &#8211;<\/span><\/p>\n<div class=\"td-all-devices\">\n    <a target=\"_blank\" href=\"https:\/\/mrmondialisation.org\/donation\/\" title=\"Faire_un_don\"><img decoding=\"async\" class=\"donationArticle\" src=\"https:\/\/mrmondialisation.org\/wp-content\/uploads\/2022\/12\/220405-flikalicious-final.jpg\" alt=\"Donation\"\/><\/a>\n<\/div>\n<\/div><\/div>\n<p><br \/>\n<br \/><a href=\"https:\/\/mrmondialisation.org\/tribune-culture-barnier-finances\/\" target=\"_blank\"\">Source link <\/a><\/p>\n","protected":false},"excerpt":{"rendered":"<p>Le projet de loi de finances 2025 pr\u00e9voit des coupes drastiques dans les budgets des d\u00e9partements, notamment celui de la culture. Au point o\u00f9 certains dispositifs historiques risquent de dispara\u00eetre.&hellip; <\/p>\n","protected":false},"author":1,"featured_media":1358,"comment_status":"open","ping_status":"open","sticky":false,"template":"","format":"standard","meta":{"footnotes":""},"categories":[1],"tags":[],"class_list":["post-1357","post","type-post","status-publish","format-standard","has-post-thumbnail","hentry","category-non-classe"],"_links":{"self":[{"href":"https:\/\/monde25.info\/index.php\/wp-json\/wp\/v2\/posts\/1357","targetHints":{"allow":["GET"]}}],"collection":[{"href":"https:\/\/monde25.info\/index.php\/wp-json\/wp\/v2\/posts"}],"about":[{"href":"https:\/\/monde25.info\/index.php\/wp-json\/wp\/v2\/types\/post"}],"author":[{"embeddable":true,"href":"https:\/\/monde25.info\/index.php\/wp-json\/wp\/v2\/users\/1"}],"replies":[{"embeddable":true,"href":"https:\/\/monde25.info\/index.php\/wp-json\/wp\/v2\/comments?post=1357"}],"version-history":[{"count":0,"href":"https:\/\/monde25.info\/index.php\/wp-json\/wp\/v2\/posts\/1357\/revisions"}],"wp:featuredmedia":[{"embeddable":true,"href":"https:\/\/monde25.info\/index.php\/wp-json\/wp\/v2\/media\/1358"}],"wp:attachment":[{"href":"https:\/\/monde25.info\/index.php\/wp-json\/wp\/v2\/media?parent=1357"}],"wp:term":[{"taxonomy":"category","embeddable":true,"href":"https:\/\/monde25.info\/index.php\/wp-json\/wp\/v2\/categories?post=1357"},{"taxonomy":"post_tag","embeddable":true,"href":"https:\/\/monde25.info\/index.php\/wp-json\/wp\/v2\/tags?post=1357"}],"curies":[{"name":"wp","href":"https:\/\/api.w.org\/{rel}","templated":true}]}}