{"id":1359,"date":"2024-12-02T14:54:44","date_gmt":"2024-12-02T13:54:44","guid":{"rendered":"https:\/\/monde25.info\/index.php\/2024\/12\/02\/en-polynesie-francaise-il-ny-aura-plus-de-presse-nationale-en-kiosque-en-2025\/"},"modified":"2024-12-02T14:54:44","modified_gmt":"2024-12-02T13:54:44","slug":"en-polynesie-francaise-il-ny-aura-plus-de-presse-nationale-en-kiosque-en-2025","status":"publish","type":"post","link":"https:\/\/monde25.info\/index.php\/2024\/12\/02\/en-polynesie-francaise-il-ny-aura-plus-de-presse-nationale-en-kiosque-en-2025\/","title":{"rendered":"En Polyn\u00e9sie fran\u00e7aise, il n&rsquo;y aura plus de presse nationale en kiosque en 2025"},"content":{"rendered":"<p> <br \/>\n<\/p>\n<div>\n<p><span data-contrast=\"auto\">Le 1er janvier 2025, la distribution de la presse nationale et internationale cessera dans les kiosques \u00e0 journaux de Polyn\u00e9sie fran\u00e7aise : Hachette Pacifique, l&rsquo;unique distributeur local, arr\u00eate leur importation.<\/span><span data-ccp-props=\"{&quot;134233117&quot;:false,&quot;134233118&quot;:false,&quot;335559738&quot;:300,&quot;335559739&quot;:180}\">\u00a0<\/span><\/p>\n<p><span data-contrast=\"auto\">\u00ab\u00a0\u00c7a fait mal au c\u0153ur de voir que tout \u00e7a va dispara\u00eetre\u00a0\u00bb, d\u00e9plore Monique Tautia en disposant sa derni\u00e8re livraison de mensuels dans les rayons de la maison de la presse o\u00f9 elle travaille au Pirae, sur l&rsquo;\u00eele de Tahiti.<\/span><span data-ccp-props=\"{&quot;134233117&quot;:false,&quot;134233118&quot;:false,&quot;335559738&quot;:300,&quot;335559739&quot;:180}\">\u00a0<\/span><\/p>\n<p><span data-contrast=\"auto\">\u00c2g\u00e9e de 62 ans, elle a pass\u00e9 quatre d\u00e9cennies \u00e0 ranger des magazines sans jamais les lire. \u00ab\u00a0Je ne regarde que les titres et je vois passer les modes : par exemple les magazines d&rsquo;histoire, on n&rsquo;en avait presque pas il y a 40 ans\u00a0\u00bb.<\/span><span data-ccp-props=\"{&quot;134233117&quot;:false,&quot;134233118&quot;:false,&quot;335559738&quot;:300,&quot;335559739&quot;:180}\">\u00a0<\/span><\/p>\n<p><span data-contrast=\"auto\">Bient\u00f4t, il n&rsquo;y aura presque plus de magazines du tout. Unique distributeur de la collectivit\u00e9, Hachette Pacifique a annonc\u00e9 par une simple note aux buralistes qu&rsquo;il arr\u00eaterait de livrer la presse nationale et internationale au-del\u00e0 du 31 d\u00e9cembre.<\/span><span data-ccp-props=\"{&quot;134233117&quot;:false,&quot;134233118&quot;:false,&quot;335559738&quot;:300,&quot;335559739&quot;:180}\">\u00a0<\/span><\/p>\n<p><span data-contrast=\"auto\">L&rsquo;entreprise n&rsquo;a pas souhait\u00e9 r\u00e9pondre \u00e0 l&rsquo;AFP mais en mars, elle avait sollicit\u00e9 une aide financi\u00e8re aupr\u00e8s du Haut-commissariat de France en Polyn\u00e9sie, arguant d&rsquo;un service \u00ab\u00a0largement d\u00e9ficitaire\u00a0\u00bb.<\/span><span data-ccp-props=\"{&quot;134233117&quot;:false,&quot;134233118&quot;:false,&quot;335559738&quot;:300,&quot;335559739&quot;:180}\">\u00a0<\/span><\/p>\n<p><span data-contrast=\"auto\">La crise de la distribution n&rsquo;est pas neuve dans l&rsquo;immense territoire du Pacifique qui s&rsquo;\u00e9tend sur une surface comparable \u00e0 celle de l&rsquo;Union europ\u00e9enne. D\u00e8s 2020, en pleine pand\u00e9mie de Covid-19, les quotidiens avaient cess\u00e9 d&rsquo;\u00eatre livr\u00e9s.<\/span><span data-ccp-props=\"{&quot;134233117&quot;:false,&quot;134233118&quot;:false,&quot;335559738&quot;:300,&quot;335559739&quot;:180}\">\u00a0<\/span><\/p>\n<p><span data-contrast=\"auto\">En octobre 2024, la distribution par avion des hebdomadaires et des mensuels avait \u00e9galement cess\u00e9 mais ils continuaient d&rsquo;\u00eatre livr\u00e9s par bateau, avec plus d&rsquo;un mois de retard sur l&rsquo;Hexagone.<\/span><span data-ccp-props=\"{&quot;134233117&quot;:false,&quot;134233118&quot;:false,&quot;335559738&quot;:300,&quot;335559739&quot;:180}\">\u00a0<\/span><\/p>\n<p><span data-contrast=\"auto\">Le gouvernement local, de son c\u00f4t\u00e9, ne s&rsquo;\u00e9meut pas de cette rar\u00e9faction de l&rsquo;offre. Interrog\u00e9 par l&rsquo;AFP, il a simplement affirm\u00e9 que la collectivit\u00e9 \u00ab\u00a0n&rsquo;a pas \u00e0 se substituer aux acteurs priv\u00e9s\u00a0\u00bb.<\/span><span data-ccp-props=\"{&quot;134233117&quot;:false,&quot;134233118&quot;:false,&quot;335559738&quot;:300,&quot;335559739&quot;:180}\">\u00a0<\/span><\/p>\n<p><span data-contrast=\"none\" data-ccp-parastyle=\"heading 2\"><strong>&#8211; Un seul quotidien &#8211;<\/strong><\/span><span data-ccp-props=\"{&quot;134233117&quot;:false,&quot;134233118&quot;:false,&quot;134245418&quot;:true,&quot;134245529&quot;:true,&quot;201341983&quot;:0,&quot;335559738&quot;:349,&quot;335559739&quot;:360,&quot;335559740&quot;:450}\">\u00a0<\/span><\/p>\n<p><span data-contrast=\"auto\">Dans les tabacs-presse tahitiens, les quelque 600 titres encore en vente dispara\u00eetront donc d\u00e8s le 1er janvier. Ne subsisteront que quelques magazines locaux et l&rsquo;unique quotidien de Polyn\u00e9sie, Tahiti Info.<\/span><span data-ccp-props=\"{&quot;134233117&quot;:false,&quot;134233118&quot;:false,&quot;335559738&quot;:300,&quot;335559739&quot;:180}\">\u00a0<\/span><\/p>\n<p><span data-contrast=\"auto\">Directeur du g\u00e9ant de la distribution de presse France Messagerie, qui exp\u00e9die chaque jour 700.000 journaux et magazines en France m\u00e9tropolitaine et en Outre-mer, Eric Matton a indiqu\u00e9 \u00e0 l&rsquo;AFP \u00e9tudier avec son concurrent les Messageries lyonnaises de presse (MLP) \u00ab\u00a0la possibilit\u00e9 d&rsquo;organiser une distribution alternative via la Nouvelle-Cal\u00e9donie\u00a0\u00bb.<\/span><span data-ccp-props=\"{&quot;134233117&quot;:false,&quot;134233118&quot;:false,&quot;335559738&quot;:300,&quot;335559739&quot;:180}\">\u00a0<\/span><\/p>\n<p><span data-contrast=\"auto\">Mais la distribution en Nouvelle-Cal\u00e9donie a elle-m\u00eame \u00e9t\u00e9 tr\u00e8s affect\u00e9e par les \u00e9meutes qui ont touch\u00e9 l&rsquo;archipel apr\u00e8s la tentative d&rsquo;adoption d&rsquo;un projet de r\u00e9forme constitutionnelle visant \u00e0 modifier le corps \u00e9lectoral, laissant planer le doute sur cette possibilit\u00e9.<\/span><span data-ccp-props=\"{&quot;134233117&quot;:false,&quot;134233118&quot;:false,&quot;335559738&quot;:300,&quot;335559739&quot;:180}\">\u00a0<\/span><\/p>\n<p><span data-contrast=\"auto\">Laurent Martinez, le patron de Monique Tautia, s&rsquo;inqui\u00e8te de ne bient\u00f4t plus pouvoir conserver son employ\u00e9e dans la petite entreprise familiale qui porte le pr\u00e9nom de sa m\u00e8re, Kina.<\/span><span data-ccp-props=\"{&quot;134233117&quot;:false,&quot;134233118&quot;:false,&quot;335559738&quot;:300,&quot;335559739&quot;:180}\">\u00a0<\/span><\/p>\n<p><span data-contrast=\"auto\">\u00ab\u00a0La presse, c&rsquo;est 20% de mon chiffre d&rsquo;affaires, mais c&rsquo;est aussi un produit d&rsquo;appel pour des clients r\u00e9guliers qui viennent pour un magazine puis ach\u00e8tent autre chose\u00a0\u00bb, explique-t-il.<\/span><span data-ccp-props=\"{&quot;134233117&quot;:false,&quot;134233118&quot;:false,&quot;335559738&quot;:300,&quot;335559739&quot;:180}\">\u00a0<\/span><\/p>\n<p><span data-contrast=\"auto\">Sa boutique s&rsquo;est d\u00e9j\u00e0 diversifi\u00e9e : elle propose un rayon presse, mais aussi de la papeterie, des jeux de hasard, du tabac, un service de reprographie et m\u00eame des glaces.<\/span><span data-ccp-props=\"{&quot;134233117&quot;:false,&quot;134233118&quot;:false,&quot;335559738&quot;:300,&quot;335559739&quot;:180}\">\u00a0<\/span><\/p>\n<p><span data-contrast=\"auto\">Et il conserve encore un mince espoir : l&rsquo;impression des titres nationaux par un imprimeur local.<\/span><span data-ccp-props=\"{&quot;134233117&quot;:false,&quot;134233118&quot;:false,&quot;335559738&quot;:300,&quot;335559739&quot;:180}\">\u00a0<\/span><\/p>\n<\/div>\n<p><script>(function(d, s, id) {  var js, fjs = d.getElementsByTagName(s)[0];  if (d.getElementById(id)) return;  js = d.createElement(s); js.id = id;  js.src = \"\/\/connect.facebook.net\/fr_FR\/sdk.js#xfbml=1&version=v2.3\";  fjs.parentNode.insertBefore(js, fjs);}(document, \"script\", \"facebook-jssdk\"));<\/script><br \/>\n<br \/><br \/>\n<br \/><a href=\"https:\/\/www.francesoir.fr\/culture-medias\/en-polynesie-francaise-il-n-y-aura-plus-de-presse-nationale-en-kiosque-en-2025\" target=\"_blank\"\">Source link <\/a><\/p>\n","protected":false},"excerpt":{"rendered":"<p>Le 1er janvier 2025, la distribution de la presse nationale et internationale cessera dans les kiosques \u00e0 journaux de Polyn\u00e9sie fran\u00e7aise : Hachette Pacifique, l&rsquo;unique distributeur local, arr\u00eate leur importation.\u00a0&hellip; <\/p>\n","protected":false},"author":1,"featured_media":1360,"comment_status":"open","ping_status":"open","sticky":false,"template":"","format":"standard","meta":{"footnotes":""},"categories":[1],"tags":[],"class_list":["post-1359","post","type-post","status-publish","format-standard","has-post-thumbnail","hentry","category-non-classe"],"_links":{"self":[{"href":"https:\/\/monde25.info\/index.php\/wp-json\/wp\/v2\/posts\/1359","targetHints":{"allow":["GET"]}}],"collection":[{"href":"https:\/\/monde25.info\/index.php\/wp-json\/wp\/v2\/posts"}],"about":[{"href":"https:\/\/monde25.info\/index.php\/wp-json\/wp\/v2\/types\/post"}],"author":[{"embeddable":true,"href":"https:\/\/monde25.info\/index.php\/wp-json\/wp\/v2\/users\/1"}],"replies":[{"embeddable":true,"href":"https:\/\/monde25.info\/index.php\/wp-json\/wp\/v2\/comments?post=1359"}],"version-history":[{"count":0,"href":"https:\/\/monde25.info\/index.php\/wp-json\/wp\/v2\/posts\/1359\/revisions"}],"wp:featuredmedia":[{"embeddable":true,"href":"https:\/\/monde25.info\/index.php\/wp-json\/wp\/v2\/media\/1360"}],"wp:attachment":[{"href":"https:\/\/monde25.info\/index.php\/wp-json\/wp\/v2\/media?parent=1359"}],"wp:term":[{"taxonomy":"category","embeddable":true,"href":"https:\/\/monde25.info\/index.php\/wp-json\/wp\/v2\/categories?post=1359"},{"taxonomy":"post_tag","embeddable":true,"href":"https:\/\/monde25.info\/index.php\/wp-json\/wp\/v2\/tags?post=1359"}],"curies":[{"name":"wp","href":"https:\/\/api.w.org\/{rel}","templated":true}]}}