{"id":1361,"date":"2024-12-02T15:27:38","date_gmt":"2024-12-02T14:27:38","guid":{"rendered":"https:\/\/monde25.info\/index.php\/2024\/12\/02\/larmee-malienne-a-neutralise-plusieurs-chefs-terroristes-dans-le-nord-du-pays\/"},"modified":"2024-12-02T15:27:38","modified_gmt":"2024-12-02T14:27:38","slug":"larmee-malienne-a-neutralise-plusieurs-chefs-terroristes-dans-le-nord-du-pays","status":"publish","type":"post","link":"https:\/\/monde25.info\/index.php\/2024\/12\/02\/larmee-malienne-a-neutralise-plusieurs-chefs-terroristes-dans-le-nord-du-pays\/","title":{"rendered":"L&rsquo;arm\u00e9e malienne a neutralis\u00e9 plusieurs chefs terroristes dans le nord du pays"},"content":{"rendered":"<p> <br \/>\n<\/p>\n<div>\n<div class=\"article__meta\" itemscope=\"\" itemtype=\"https:\/\/schema.org\/Article\">\n<p>https:\/\/fr.sputniknews.africa\/20241202\/larmee-malienne-a-neutralise-plusieurs-chefs-terroristes-dans-le-nord-du-pays-1069512158.html<\/p>\n<p><a target=\"_blank\" itemprop=\"url\" href=\"https:\/\/fr.sputniknews.africa\/20241202\/larmee-malienne-a-neutralise-plusieurs-chefs-terroristes-dans-le-nord-du-pays-1069512158.html\" title=\"L'arm\u00e9e malienne a neutralis\u00e9 plusieurs chefs terroristes dans le nord du pays\"\/><\/p>\n<p>L&rsquo;arm\u00e9e malienne a neutralis\u00e9 plusieurs chefs terroristes dans le nord du pays<\/p>\n<p>L&rsquo;arm\u00e9e malienne a neutralis\u00e9 plusieurs chefs terroristes dans le nord du pays<\/p>\n<p>Sputnik Afrique<\/p>\n<p>Les FAMa ont men\u00e9, le 1er d\u00e9cembre, une op\u00e9ration dans la r\u00e9gion de Kidal contre le Front de Lib\u00e9ration de l&rsquo;Azawad (FLA). 02.12.2024, Sputnik Afrique<\/p>\n<p>2024-12-02T14:43+0100<\/p>\n<p>2024-12-02T14:43+0100<\/p>\n<p>2024-12-02T14:43+0100<\/p>\n<p>mali<\/p>\n<p>kidal<\/p>\n<p>terrorisme<\/p>\n<p>https:\/\/cdn1.img.sputniknews.africa\/img\/07e8\/09\/11\/1068312885_0:4:637:362_1920x0_80_0_0_56ae5fc119f5cef8ef6b12e4f7b9b81f.jpg<\/p>\n<p>Suite \u00e0 l&rsquo;attaque \u00e0 Tinzaouat\u00e8ne, plusieurs dirigeants du Front de Lib\u00e9ration de l&rsquo;Azawad, dont le c\u00e9l\u00e8bre Fahad Ag Almahmoud, ex-Secr\u00e9taire G\u00e9n\u00e9ral du GATIA, ont \u00e9t\u00e9 \u00e9limin\u00e9s, selon les forces arm\u00e9es maliennes.<\/p>\n<p>mali<\/p>\n<p>kidal<\/p>\n<div itemprop=\"copyrightHolder\" itemscope=\"\" itemtype=\"http:\/\/schema.org\/Organization\">\n<p>Sputnik Afrique<\/p>\n<p><a target=\"_blank\" itemprop=\"url\" href=\"https:\/\/fr.sputniknews.africa\" title=\"Sputnik Afrique\"> <\/a><\/p>\n<p>feedback.fr@sputniknews.com<\/p>\n<p>+74956456601<\/p>\n<p>MIA \u201eRossiya Segodnya\u201c<\/p>\n<p><a target=\"_blank\" itemprop=\"sameAs\" href=\"https:\/\/t.me\/sputnik_afrique\"> <\/a><a target=\"_blank\" itemprop=\"sameAs\" href=\"https:\/\/t.me\/sputnik_africa\"> <\/a><a target=\"_blank\" itemprop=\"sameAs\" href=\"https:\/\/t.me\/sputnik_ethiopia\"> <\/a><a target=\"_blank\" itemprop=\"sameAs\" href=\"https:\/\/x.com\/sputnik_afrique\"> <\/a><a target=\"_blank\" itemprop=\"sameAs\" href=\"https:\/\/x.com\/sputnik_africa\"> <\/a><\/div>\n<p>2024<\/p>\n<div itemprop=\"creator\" itemscope=\"\" itemtype=\"http:\/\/schema.org\/Organization\">\n<p>Sputnik Afrique<\/p>\n<p><a target=\"_blank\" itemprop=\"url\" href=\"https:\/\/fr.sputniknews.africa\" title=\"Sputnik Afrique\"> <\/a><\/p>\n<p>feedback.fr@sputniknews.com<\/p>\n<p>+74956456601<\/p>\n<p>MIA \u201eRossiya Segodnya\u201c<\/p>\n<p><a target=\"_blank\" itemprop=\"sameAs\" href=\"https:\/\/t.me\/sputnik_afrique\"> <\/a><a target=\"_blank\" itemprop=\"sameAs\" href=\"https:\/\/t.me\/sputnik_africa\"> <\/a><a target=\"_blank\" itemprop=\"sameAs\" href=\"https:\/\/t.me\/sputnik_ethiopia\"> <\/a><a target=\"_blank\" itemprop=\"sameAs\" href=\"https:\/\/x.com\/sputnik_afrique\"> <\/a><a target=\"_blank\" itemprop=\"sameAs\" href=\"https:\/\/x.com\/sputnik_africa\"> <\/a><\/div>\n<p>Actus<\/p>\n<p>fr_FR<\/p>\n<div itemprop=\"sourceOrganization\" itemscope=\"\" itemtype=\"http:\/\/schema.org\/Organization\">\n<p>Sputnik Afrique<\/p>\n<p><a target=\"_blank\" itemprop=\"url\" href=\"https:\/\/fr.sputniknews.africa\" title=\"Sputnik Afrique\"> <\/a><\/p>\n<p>feedback.fr@sputniknews.com<\/p>\n<p>+74956456601<\/p>\n<p>MIA \u201eRossiya Segodnya\u201c<\/p>\n<p><a target=\"_blank\" itemprop=\"sameAs\" href=\"https:\/\/t.me\/sputnik_afrique\"> <\/a><a target=\"_blank\" itemprop=\"sameAs\" href=\"https:\/\/t.me\/sputnik_africa\"> <\/a><a target=\"_blank\" itemprop=\"sameAs\" href=\"https:\/\/t.me\/sputnik_ethiopia\"> <\/a><a target=\"_blank\" itemprop=\"sameAs\" href=\"https:\/\/x.com\/sputnik_afrique\"> <\/a><a target=\"_blank\" itemprop=\"sameAs\" href=\"https:\/\/x.com\/sputnik_africa\"> <\/a><\/div>\n<p><a target=\"_blank\" itemprop=\"thumbnailUrl\" href=\"https:\/\/cdn1.img.sputniknews.africa\/img\/07e8\/09\/11\/1068312885_0:4:637:362_1920x0_80_0_0_56ae5fc119f5cef8ef6b12e4f7b9b81f.jpg\"\/><a target=\"_blank\" itemprop=\"thumbnailUrl\" href=\"https:\/\/cdn1.img.sputniknews.africa\/img\/07e8\/09\/11\/1068312885_131:0:614:362_1920x0_80_0_0_531daea54131a0d6e05a9c17ec6db09c.jpg\">https:\/\/cdn1.img.sputniknews.africa\/img\/07e8\/09\/11\/1068312885_131:0:614:362_1920x0_80_0_0_531daea54131a0d6e05a9c17ec6db09c.jpg<\/a><a target=\"_blank\" itemprop=\"thumbnailUrl\" href=\"https:\/\/cdn1.img.sputniknews.africa\/img\/07e8\/09\/11\/1068312885_191:0:553:362_1920x0_80_0_0_71560cc585981c615c8712f29ed007ab.jpg\" title=\"Militaires maliens \"\/><\/p>\n<div itemprop=\"publisher\" itemscope=\"\" itemtype=\"http:\/\/schema.org\/Organization\">\n<p>Sputnik Afrique<\/p>\n<p><a target=\"_blank\" itemprop=\"url\" href=\"https:\/\/fr.sputniknews.africa\" title=\"Sputnik Afrique\"> <\/a><\/p>\n<p>feedback.fr@sputniknews.com<\/p>\n<p>+74956456601<\/p>\n<p>MIA \u201eRossiya Segodnya\u201c<\/p>\n<p><a target=\"_blank\" itemprop=\"sameAs\" href=\"https:\/\/t.me\/sputnik_afrique\"> <\/a><a target=\"_blank\" itemprop=\"sameAs\" href=\"https:\/\/t.me\/sputnik_africa\"> <\/a><a target=\"_blank\" itemprop=\"sameAs\" href=\"https:\/\/t.me\/sputnik_ethiopia\"> <\/a><a target=\"_blank\" itemprop=\"sameAs\" href=\"https:\/\/x.com\/sputnik_afrique\"> <\/a><a target=\"_blank\" itemprop=\"sameAs\" href=\"https:\/\/x.com\/sputnik_africa\"> <\/a><\/div>\n<p>mali, kidal, terrorisme<\/p>\n<\/div>\n<div class=\"article__header\">\n<p>Les FAMa ont men\u00e9, le 1er d\u00e9cembre, une op\u00e9ration dans la r\u00e9gion de Kidal contre le Front de Lib\u00e9ration de l&rsquo;Azawad (FLA).<\/p>\n<\/div>\n<div class=\"article__body\">\n<div class=\"article__block\" data-type=\"text\">\n<p>Suite \u00e0 l&rsquo;attaque \u00e0 Tinzaouat\u00e8ne, plusieurs dirigeants du Front de Lib\u00e9ration de l&rsquo;Azawad, dont le c\u00e9l\u00e8bre Fahad Ag Almahmoud, ex-Secr\u00e9taire G\u00e9n\u00e9ral du GATIA, ont \u00e9t\u00e9 \u00e9limin\u00e9s, selon les forces arm\u00e9es maliennes.<\/p>\n<\/div>\n<div class=\"article__block\" data-type=\"quote\">\n<div class=\"article__quote\">\n<p>Le succ\u00e8s de cette op\u00e9ration t\u00e9moigne une fois de plus du professionnalisme de nos FAMa et de la d\u00e9termination de l&rsquo;\u00c9tat malien \u00e0 combattre le terrorisme sous toutes ses formes et \u00e0 renforcer la s\u00e9curit\u00e9 nationale.<\/p>\n<\/div>\n<\/div>\n<div class=\"article__block\" data-type=\"social\">\n<div class=\"ria-tweet\">\n<blockquote class=\"twitter-tweet\">\n<p lang=\"fr\" dir=\"ltr\">L&rsquo;arm\u00e9e malienne \ud83c\uddf2\ud83c\uddf1 a neutralis\u00e9 plusieurs chefs terroristes dans le nord du pays.<\/p>\n<p>Les <a target=\"_blank\" href=\"https:\/\/twitter.com\/hashtag\/FAMa?src=hash&amp;ref_src=twsrc%5Etfw\">#FAMa<\/a> ont men\u00e9, le 1er d\u00e9cembre, une op\u00e9ration dans la r\u00e9gion de Kidal contre le Front de Lib\u00e9ration de l&rsquo;Azawad (FLA).<\/p>\n<p>Suite \u00e0 l&rsquo;attaque \u00e0 Tinzaouat\u00e8ne, plusieurs dirigeants du FLA, dont le\u2026 <a target=\"_blank\" href=\"https:\/\/t.co\/9Z6TGAHfar\">pic.twitter.com\/9Z6TGAHfar<\/a><\/p>\n<p>\u2014 Sputnik Afrique (@sputnik_afrique) <a target=\"_blank\" href=\"https:\/\/twitter.com\/sputnik_afrique\/status\/1863575014546538665?ref_src=twsrc%5Etfw\">December 2, 2024<\/a><\/p><\/blockquote>\n<\/div>\n<\/div>\n<\/div>\n<\/div>\n<p><script async src=\"\/\/platform.twitter.com\/widgets.js\" charset=\"utf-8\"><\/script><script async=\"async\" type=\"text\/plain\" class=\"_iub_cs_activate\" data-iub-purposes=\"3\" data-suppressedsrc=\"https:\/\/connect.facebook.net\/en_US\/sdk.js#xfbml=1&amp;version=v3.2\"><\/script><br \/>\n<br \/><br \/>\n<br \/><a href=\"https:\/\/fr.sputniknews.africa\/20241202\/larmee-malienne-a-neutralise-plusieurs-chefs-terroristes-dans-le-nord-du-pays-1069512158.html\" target=\"_blank\"\">Source link <\/a><\/p>\n","protected":false},"excerpt":{"rendered":"<p>https:\/\/fr.sputniknews.africa\/20241202\/larmee-malienne-a-neutralise-plusieurs-chefs-terroristes-dans-le-nord-du-pays-1069512158.html L&rsquo;arm\u00e9e malienne a neutralis\u00e9 plusieurs chefs terroristes dans le nord du pays L&rsquo;arm\u00e9e malienne a neutralis\u00e9 plusieurs chefs terroristes dans le nord du pays Sputnik Afrique Les FAMa ont&hellip; <\/p>\n","protected":false},"author":1,"featured_media":1362,"comment_status":"open","ping_status":"open","sticky":false,"template":"","format":"standard","meta":{"footnotes":""},"categories":[1],"tags":[],"class_list":["post-1361","post","type-post","status-publish","format-standard","has-post-thumbnail","hentry","category-non-classe"],"_links":{"self":[{"href":"https:\/\/monde25.info\/index.php\/wp-json\/wp\/v2\/posts\/1361","targetHints":{"allow":["GET"]}}],"collection":[{"href":"https:\/\/monde25.info\/index.php\/wp-json\/wp\/v2\/posts"}],"about":[{"href":"https:\/\/monde25.info\/index.php\/wp-json\/wp\/v2\/types\/post"}],"author":[{"embeddable":true,"href":"https:\/\/monde25.info\/index.php\/wp-json\/wp\/v2\/users\/1"}],"replies":[{"embeddable":true,"href":"https:\/\/monde25.info\/index.php\/wp-json\/wp\/v2\/comments?post=1361"}],"version-history":[{"count":0,"href":"https:\/\/monde25.info\/index.php\/wp-json\/wp\/v2\/posts\/1361\/revisions"}],"wp:featuredmedia":[{"embeddable":true,"href":"https:\/\/monde25.info\/index.php\/wp-json\/wp\/v2\/media\/1362"}],"wp:attachment":[{"href":"https:\/\/monde25.info\/index.php\/wp-json\/wp\/v2\/media?parent=1361"}],"wp:term":[{"taxonomy":"category","embeddable":true,"href":"https:\/\/monde25.info\/index.php\/wp-json\/wp\/v2\/categories?post=1361"},{"taxonomy":"post_tag","embeddable":true,"href":"https:\/\/monde25.info\/index.php\/wp-json\/wp\/v2\/tags?post=1361"}],"curies":[{"name":"wp","href":"https:\/\/api.w.org\/{rel}","templated":true}]}}