{"id":1363,"date":"2024-12-02T16:00:34","date_gmt":"2024-12-02T15:00:34","guid":{"rendered":"https:\/\/monde25.info\/index.php\/2024\/12\/02\/un-dispositif-digne-des-jo-pour-la-reouverture-de-notre-dame-de-paris-rt-en-francais\/"},"modified":"2024-12-02T16:00:34","modified_gmt":"2024-12-02T15:00:34","slug":"un-dispositif-digne-des-jo-pour-la-reouverture-de-notre-dame-de-paris-rt-en-francais","status":"publish","type":"post","link":"https:\/\/monde25.info\/index.php\/2024\/12\/02\/un-dispositif-digne-des-jo-pour-la-reouverture-de-notre-dame-de-paris-rt-en-francais\/","title":{"rendered":"Un dispositif digne des JO pour la r\u00e9ouverture de Notre Dame de Paris \u2014 RT en fran\u00e7ais"},"content":{"rendered":"<p> <br \/>\n<br \/><img decoding=\"async\" src=\"https:\/\/mf.b37mrtl.ru\/french\/images\/2024.12\/thumbnail\/674d8d346f7ccc289e7814f3.jpg\" \/><\/p>\n<div>\n<p class=\"text__summary\">\n                                        Les autorit\u00e9s fran\u00e7aises ont mis en place un dispositif exceptionnel pour la r\u00e9ouverture de la cath\u00e9drale Notre-Dame de Paris les 7 et 8 d\u00e9cembre. Des milliers de policiers seront mobilis\u00e9s pour s\u00e9curiser l\u2019\u00e9v\u00e8nement.\n                                    <\/p>\n<p>Apr\u00e8s cinq ann\u00e9es de travaux cons\u00e9cutifs \u00e0\u00a0l&rsquo;incendie survenu en 2019, la cath\u00e9drale Notre-Dame de Paris s&rsquo;appr\u00eate \u00e0 rouvrir ses portes les 7 et 8 d\u00e9cembre. Un dispositif exceptionnel de s\u00e9curit\u00e9 sera d\u00e9ploy\u00e9 dans la capitale. Le pr\u00e9fet de police Laurent Nu\u00f1ez a d\u00e9velopp\u00e9 \u0441e dispositif le 1er d\u00e9cembre dans les colonnes du <em>Parisien\u00a0<\/em>et a affirm\u00e9\u00a0: \u00ab<a target=\"_blank\" href=\"https:\/\/www.leparisien.fr\/paris-75\/reouverture-de-notre-dame-de-paris-un-dispositif-de-securite-inspire-de-la-ceremonie-des-jo-01-12-2024-P27COQ3IEJGQHK3VPH44N2M5IE.php\">G\u00e9ographiquement parlant, c\u2019est un petit bout de la c\u00e9r\u00e9monie d\u2019ouverture des JO<\/a>\u00bb.<\/p>\n<p>Le haut-fonctionnaire a\u00a0aussi \u00e9voqu\u00e9 la mobilisation de milliers d&rsquo;agents des forces de l\u2019ordre et affirme qu\u2019il se servira de la c\u00e9r\u00e9monie des JO \u00abpour la gestion des c\u00e9r\u00e9monies [\u2026]\u00a0et les mesures r\u00e9glementaires de s\u00e9curit\u00e9\u00bb.<\/p>\n<h2>Un contexte de haut niveau de menace terroriste<\/h2>\n<p>Laurent Nu\u00f1ez, par ailleurs, a \u00e9voqu\u00e9 un \u00abtr\u00e8s haut niveau de menace terroriste, comme pendant les JO\u00bb\u00a0tout en affirmant qu\u2019\u00e0 sa connaissance \u00abil n\u2019y a pas eu [\u2026] de menace caract\u00e9ris\u00e9e sur l\u2019\u00e9v\u00e9nement\u00bb.\u00a0Le pr\u00e9fet de police a par ailleurs pr\u00e9cis\u00e9 que la Brigade de recherche et d\u2019intervention (BRI) sera en \u00abr\u00e9serve d\u2019intervention\u00bb, c\u2019est-\u00e0-dire pr\u00eate \u00e0 se mobiliser et que des \u00abtireurs de pr\u00e9cision\u00bb effectueront \u00abune surveillance sur des points hauts\u00bb.<\/p>\n<p>Conscient de l\u2019int\u00e9r\u00eat d\u2019un tr\u00e8s large public pour la r\u00e9ouverture de la cath\u00e9drale, <a target=\"_blank\" href=\"https:\/\/x.com\/prefpolice\/status\/1863535043102036201\">la pr\u00e9fecture<\/a> a pr\u00e9vu de donner une conf\u00e9rence de presse le 2 d\u00e9cembre en pr\u00e9sence du porte-parole de la Conf\u00e9rence des \u00e9v\u00eaques de France Monseigneur Olivier Ribadeau Dumas ainsi que de repr\u00e9sentants de la ville de Paris pour d\u00e9velopper la marche \u00e0 suivre lors de la r\u00e9ouverture.\u00a0<\/p>\n<div class=\"rtcode\">\n<blockquote class=\"twitter-tweet\">\n<p lang=\"fr\" dir=\"ltr\"><a target=\"_blank\" href=\"https:\/\/twitter.com\/hashtag\/NotreDame?src=hash&amp;ref_src=twsrc%5Etfw\">#NotreDame<\/a> | Suivez en direct \u00e0 partir de 15h30 la conf\u00e9rence de presse du pr\u00e9fet de Police <a target=\"_blank\" href=\"https:\/\/twitter.com\/NunezLaurent?ref_src=twsrc%5Etfw\">@NunezLaurent<\/a>, en pr\u00e9sence de Monseigneur Olivier Ribadeau Dumas et de la ville de <a target=\"_blank\" href=\"https:\/\/twitter.com\/Paris?ref_src=twsrc%5Etfw\">@Paris<\/a>, relative au week-end de r\u00e9ouverture de la cath\u00e9drale Notre-Dame de Paris, les 7 et 8 d\u00e9cembre. <a target=\"_blank\" href=\"https:\/\/t.co\/prxqqepH1D\">pic.twitter.com\/prxqqepH1D<\/a><\/p>\n<p>\u2014 Pr\u00e9fecture de Police (@prefpolice) <a target=\"_blank\" href=\"https:\/\/twitter.com\/prefpolice\/status\/1863535043102036201?ref_src=twsrc%5Etfw\">December 2, 2024<\/a><\/p><\/blockquote>\n<\/div>\n<p><a target=\"_blank\" href=\"https:\/\/x.com\/prefpolice\/status\/1863535043102036201\"\/>Durant les festivit\u00e9s des 7 et 8 d\u00e9cembre, plus de 40 000 personnes sont attendues dans la zone qui entoure la cath\u00e9drale, essentiellement sur les quais qui entourent l\u2019\u00e9glise. Seules les personnes invit\u00e9es, parmi lesquels une cinquantaine de chefs d\u2019\u00c9tat pourront acc\u00e9der au parvis et \u00e0 l\u2019\u00e9difice, soit 3000 personnes au maximum.<\/p>\n<p>Victime d\u2019un incendie dont la cause est toujours inconnue il y a cinq ans, la cath\u00e9drale Notre-Dame de Paris et sa restauration ont\u00a0fait l\u2019objet de vives pol\u00e9miques,\u00a0<a target=\"_blank\" href=\"https:\/\/francais.rt.com\/france\/103433-sexe-sur-notre-dame-etrange-projet-aurait-propose-brigitte-macron-roselyne-bachelot\">notamment les choix politiques entourant sa reconstruction<\/a>, mais aussi plus r\u00e9cemment l\u2019hypoth\u00e8se de la <a target=\"_blank\" href=\"https:\/\/francais.rt.com\/france\/114231-rachida-dati-veut-faire-payer\">mise en place d\u2019une entr\u00e9e payante dans ce lieu de culte<\/a>.<\/p>\n<\/div>\n<p><script async src=\"\/\/platform.twitter.com\/widgets.js\" charset=\"utf-8\"><\/script><br \/>\n<br \/><br \/>\n<br \/><a href=\"https:\/\/francais.rt.com\/france\/115070-dispositif-digne-jo-pour-reouverture-notre-dame-paris\" target=\"_blank\"\">Source link <\/a><\/p>\n","protected":false},"excerpt":{"rendered":"<p>Les autorit\u00e9s fran\u00e7aises ont mis en place un dispositif exceptionnel pour la r\u00e9ouverture de la cath\u00e9drale Notre-Dame de Paris les 7 et 8 d\u00e9cembre. Des milliers de policiers seront mobilis\u00e9s&hellip; <\/p>\n","protected":false},"author":1,"featured_media":1364,"comment_status":"open","ping_status":"open","sticky":false,"template":"","format":"standard","meta":{"footnotes":""},"categories":[1],"tags":[],"class_list":["post-1363","post","type-post","status-publish","format-standard","has-post-thumbnail","hentry","category-non-classe"],"_links":{"self":[{"href":"https:\/\/monde25.info\/index.php\/wp-json\/wp\/v2\/posts\/1363","targetHints":{"allow":["GET"]}}],"collection":[{"href":"https:\/\/monde25.info\/index.php\/wp-json\/wp\/v2\/posts"}],"about":[{"href":"https:\/\/monde25.info\/index.php\/wp-json\/wp\/v2\/types\/post"}],"author":[{"embeddable":true,"href":"https:\/\/monde25.info\/index.php\/wp-json\/wp\/v2\/users\/1"}],"replies":[{"embeddable":true,"href":"https:\/\/monde25.info\/index.php\/wp-json\/wp\/v2\/comments?post=1363"}],"version-history":[{"count":0,"href":"https:\/\/monde25.info\/index.php\/wp-json\/wp\/v2\/posts\/1363\/revisions"}],"wp:featuredmedia":[{"embeddable":true,"href":"https:\/\/monde25.info\/index.php\/wp-json\/wp\/v2\/media\/1364"}],"wp:attachment":[{"href":"https:\/\/monde25.info\/index.php\/wp-json\/wp\/v2\/media?parent=1363"}],"wp:term":[{"taxonomy":"category","embeddable":true,"href":"https:\/\/monde25.info\/index.php\/wp-json\/wp\/v2\/categories?post=1363"},{"taxonomy":"post_tag","embeddable":true,"href":"https:\/\/monde25.info\/index.php\/wp-json\/wp\/v2\/tags?post=1363"}],"curies":[{"name":"wp","href":"https:\/\/api.w.org\/{rel}","templated":true}]}}