{"id":1380,"date":"2024-12-02T20:57:43","date_gmt":"2024-12-02T19:57:43","guid":{"rendered":"https:\/\/monde25.info\/index.php\/2024\/12\/02\/plusieurs-chefs-rebelles-tues-par-larmee-lors-dune-frappe-decisive-a-tin-zaouatine-rt-en-francais\/"},"modified":"2024-12-02T20:57:43","modified_gmt":"2024-12-02T19:57:43","slug":"plusieurs-chefs-rebelles-tues-par-larmee-lors-dune-frappe-decisive-a-tin-zaouatine-rt-en-francais","status":"publish","type":"post","link":"https:\/\/monde25.info\/index.php\/2024\/12\/02\/plusieurs-chefs-rebelles-tues-par-larmee-lors-dune-frappe-decisive-a-tin-zaouatine-rt-en-francais\/","title":{"rendered":"plusieurs chefs rebelles tu\u00e9s par l\u2019arm\u00e9e lors d\u2019une frappe d\u00e9cisive \u00e0 Tin Zaouatine \u2014 RT en fran\u00e7ais"},"content":{"rendered":"<p> <br \/>\n<br \/><img decoding=\"async\" src=\"https:\/\/mf.b37mrtl.ru\/french\/images\/2024.12\/thumbnail\/674df5d887f3ec4cae0bf977.jpg\" \/><\/p>\n<div>\n<p class=\"text__summary\">\n                                        Utilisant des drones de pr\u00e9cision, l\u2019arm\u00e9e malienne a men\u00e9 une op\u00e9ration d\u2019envergure \u00e0 Tin Zaouatine qui a permis de neutraliser plusieurs hauts responsables de la coalition s\u00e9paratiste touareg FLA.\n                                    <\/p>\n<p>Le chef d&rsquo;\u00c9tat-Major des Forces arm\u00e9es maliennes (FAMa) a confirm\u00e9, ce 2 d\u00e9cembre, la neutralisation de plusieurs cadres de haut rang de groupes rebelles touaregs, lors d&rsquo;une op\u00e9ration sp\u00e9ciale d&rsquo;envergure utilisant des drones de pr\u00e9cision, men\u00e9e la veille \u00e0 Tin Zaouatine, dans la r\u00e9gion de Kidal pr\u00e8s de la fronti\u00e8re alg\u00e9rienne dans le nord du pays.<\/p>\n<p>Parmi les hauts dirigeants \u00e9limin\u00e9s, Fahad Ag Almahmoud, ancien secr\u00e9taire g\u00e9n\u00e9ral du GATIA (Groupe autod\u00e9fense touareg Imghad et alli\u00e9s), et d&rsquo;autres figures cl\u00e9s du Front de lib\u00e9ration de l&rsquo;Azawad (FLA), une coalition de s\u00e9paratistes touaregs, n\u00e9e la veille.<\/p>\n<p>Outre Almahmoud bien connu du grand public malien, la FAMa a cit\u00e9, dans un communiqu\u00e9, les noms de Choghib Ag Attahar, Mohamed Ag Acherif, Moussa Ag Baye Diknane, Bachara Ag Ahmed, Sidi Ag Bay, et Jamal Ag Albaraka, les qualifiant de \u00abcadres influents de la n\u00e9buleuse terroriste\u00bb.<\/p>\n<p>Cette op\u00e9ration, d\u00e9crite comme un succ\u00e8s majeur par la presse locale, marque un tournant dans la lutte contre les groupes rebelles arm\u00e9s au Mali, notamment dans cette zone sensible de Tin Zaouatine, longtemps utilis\u00e9e comme base logistique par les s\u00e9paratistes pour planifier des attaques.<\/p>\n<p>Le Chef d&rsquo;\u00c9tat-Major G\u00e9n\u00e9ral des Arm\u00e9es a f\u00e9licit\u00e9 les forces engag\u00e9es pour leur courage et leur professionnalisme et a invit\u00e9 les populations \u00e0 s&rsquo;\u00e9loigner des refuges terroristes.<\/p>\n<h2><strong>Le Mali ne c\u00e9dera pas un pouce de son territoire <\/strong><\/h2>\n<p>Depuis plusieurs mois, les autorit\u00e9s maliennes intensifient leurs efforts pour r\u00e9tablir l\u2019int\u00e9grit\u00e9 territoriale du pays. Apr\u00e8s la r\u00e9cup\u00e9ration de Kidal, ancien bastion des s\u00e9paratistes, cette frappe strat\u00e9gique marque une nouvelle victoire dans la lutte contre ceux qui cherchent \u00e0 diviser le Mali.<\/p>\n<p>Selon les FAMa, cette op\u00e9ration r\u00e9duit consid\u00e9rablement la capacit\u00e9 op\u00e9rationnelle du FLA. L\u2019\u00e9limination de ses leaders affaiblit non seulement la r\u00e9bellion, mais envoie aussi un message clair : le Mali est r\u00e9solu \u00e0 ne pas c\u00e9der un pouce de son territoire.<\/p>\n<p>Le Mali, dirig\u00e9 par le colonel Assimi Go\u00efta depuis le coup d&rsquo;\u00c9tat de mai 2021, est confront\u00e9 \u00e0 une mont\u00e9e des groupes terroristes et des mouvements rebelles au m\u00eame titre que ses deux voisins, le Niger et le Burkina Faso.<\/p>\n<p>Afin de faire face \u00e0 l&rsquo;ins\u00e9curit\u00e9 et aux d\u00e9fis pos\u00e9s par le terrorisme, Bamako s&rsquo;est alli\u00e9 \u00e0 Ouagadougou et Niamey en actant le 6 juillet la cr\u00e9ation de la conf\u00e9d\u00e9ration \u00abl\u2019Alliance des \u00c9tats du Sahel\u00bb (AES), dans la continuit\u00e9 d&rsquo;un pacte de d\u00e9fense mutuelle sign\u00e9 en septembre 2023.<\/p>\n<p>Les trois \u00c9tats sah\u00e9liens avaient annonc\u00e9, le 28 janvier dernier, leur retrait de la C\u00e9d\u00e9ao, une organisation qu\u2019ils jugent instrumentalis\u00e9e par la France, justifiant cette d\u00e9cision par l\u2019ing\u00e9rence de puissances \u00e9trang\u00e8res et la non-assistance de la C\u00e9d\u00e9ao dans la lutte contre le terrorisme.<\/p>\n<\/div>\n<p><br \/>\n<br \/><a href=\"https:\/\/francais.rt.com\/afrique\/115089-mali-plusieurs-chefs-rebelles-tues\" target=\"_blank\"\">Source link <\/a><\/p>\n","protected":false},"excerpt":{"rendered":"<p>Utilisant des drones de pr\u00e9cision, l\u2019arm\u00e9e malienne a men\u00e9 une op\u00e9ration d\u2019envergure \u00e0 Tin Zaouatine qui a permis de neutraliser plusieurs hauts responsables de la coalition s\u00e9paratiste touareg FLA. Le&hellip; <\/p>\n","protected":false},"author":1,"featured_media":1381,"comment_status":"open","ping_status":"open","sticky":false,"template":"","format":"standard","meta":{"footnotes":""},"categories":[1],"tags":[],"class_list":["post-1380","post","type-post","status-publish","format-standard","has-post-thumbnail","hentry","category-non-classe"],"_links":{"self":[{"href":"https:\/\/monde25.info\/index.php\/wp-json\/wp\/v2\/posts\/1380","targetHints":{"allow":["GET"]}}],"collection":[{"href":"https:\/\/monde25.info\/index.php\/wp-json\/wp\/v2\/posts"}],"about":[{"href":"https:\/\/monde25.info\/index.php\/wp-json\/wp\/v2\/types\/post"}],"author":[{"embeddable":true,"href":"https:\/\/monde25.info\/index.php\/wp-json\/wp\/v2\/users\/1"}],"replies":[{"embeddable":true,"href":"https:\/\/monde25.info\/index.php\/wp-json\/wp\/v2\/comments?post=1380"}],"version-history":[{"count":0,"href":"https:\/\/monde25.info\/index.php\/wp-json\/wp\/v2\/posts\/1380\/revisions"}],"wp:featuredmedia":[{"embeddable":true,"href":"https:\/\/monde25.info\/index.php\/wp-json\/wp\/v2\/media\/1381"}],"wp:attachment":[{"href":"https:\/\/monde25.info\/index.php\/wp-json\/wp\/v2\/media?parent=1380"}],"wp:term":[{"taxonomy":"category","embeddable":true,"href":"https:\/\/monde25.info\/index.php\/wp-json\/wp\/v2\/categories?post=1380"},{"taxonomy":"post_tag","embeddable":true,"href":"https:\/\/monde25.info\/index.php\/wp-json\/wp\/v2\/tags?post=1380"}],"curies":[{"name":"wp","href":"https:\/\/api.w.org\/{rel}","templated":true}]}}