{"id":1392,"date":"2024-12-03T01:22:02","date_gmt":"2024-12-03T00:22:02","guid":{"rendered":"https:\/\/monde25.info\/index.php\/2024\/12\/03\/crise-syrienne-pezeshkian-exhorte-les-pays-musulmans-a-intervenir\/"},"modified":"2024-12-03T01:22:02","modified_gmt":"2024-12-03T00:22:02","slug":"crise-syrienne-pezeshkian-exhorte-les-pays-musulmans-a-intervenir","status":"publish","type":"post","link":"https:\/\/monde25.info\/index.php\/2024\/12\/03\/crise-syrienne-pezeshkian-exhorte-les-pays-musulmans-a-intervenir\/","title":{"rendered":"Crise syrienne : Pezeshkian exhorte les pays musulmans \u00e0 intervenir"},"content":{"rendered":"<p> <br \/>\n<\/p>\n<div>\n<p>par <strong>PressTV<\/strong><\/p>\n<p><strong>Le pr\u00e9sident iranien, Massoud Pezeshkian, a lanc\u00e9 un appel exhortant\u00a0les pays musulmans pour qu\u2019ils prennent des mesures face \u00e0 la crise syrienne, marqu\u00e9e par la mont\u00e9e des groupes terroristes takfiristes.<\/strong><\/p>\n<p>Lors d\u2019un discours prononc\u00e9 dimanche 1er d\u00e9cembre au Parlement iranien, il a mis en lumi\u00e8re les r\u00e9cents \u00e9v\u00e9nements en Syrie, notamment les combats intenses qui opposent les forces gouvernementales aux \u00e9l\u00e9ments terroristes soutenus par des puissances \u00e9trang\u00e8res, particuli\u00e8rement dans les r\u00e9gions d\u2019Alep et d\u2019Idlib\u00a0dans le nord-ouest du pays.<\/p>\n<p>Le pr\u00e9sident Pezeshkian a exprim\u00e9 son espoir que les pays musulmans s\u2019unissent pour emp\u00eacher les \u00c9tats-Unis et Isra\u00ebl de tirer profit de ce conflit interne qui d\u00e9chire la Syrie.<\/p>\n<p>Il a soulign\u00e9 l\u2019importance d\u2019une r\u00e9ponse collective des pays islamiques pour contrer l\u2019influence n\u00e9faste de ces puissances ext\u00e9rieures, qui, selon lui, cherchent \u00e0 exacerber les tensions et \u00e0 d\u00e9stabiliser davantage la r\u00e9gion.<\/p>\n<p>En outre, le pr\u00e9sident iranien a d\u00e9nonc\u00e9 le soutien militaire dont b\u00e9n\u00e9ficient les terroristes takfiristes, en affirmant que ces groupes op\u00e8rent avec des armes fournies par les \u00c9tats-Unis et certains pays europ\u00e9ens.<\/p>\n<p>Il a mis en avant la situation alarmante \u00e0 Alep, o\u00f9 le groupe terroriste Hayat Tahrir al-Cham, ainsi que d\u2019autres factions terroristes ont r\u00e9cemment intensifi\u00e9 leurs offensives, prenant le contr\u00f4le de plusieurs quartiers apr\u00e8s des affrontements violents avec les forces de l\u2019arm\u00e9e syrienne.<\/p>\n<p>En r\u00e9ponse \u00e0 cette offensive, l\u2019arm\u00e9e syrienne, appuy\u00e9e par des frappes a\u00e9riennes russes, a entrepris une s\u00e9rie de contre-attaques pour repousser les terroristes.<\/p>\n<p>Depuis mars 2011, la Syrie fait face \u00e0 des actions terroristes aliment\u00e9es par des puissances \u00e9trang\u00e8res. Le gouvernement de Damas a r\u00e9guli\u00e8rement d\u00e9nonc\u00e9 le soutien des \u00c9tats occidentaux et de leurs alli\u00e9s r\u00e9gionaux aux groupes terroristes\u00a0qui s\u2019efforcent de d\u00e9stabiliser la Syrie.<\/p>\n<p>Isra\u00ebl est souvent per\u00e7u comme le principal alli\u00e9 des groupes terroristes qui s\u2019opposent au pr\u00e9sident syrien Bachar al-Assad, \u00e9lu d\u00e9mocratiquement, depuis le d\u00e9but du conflit syrien soutenu par des forces \u00e9trang\u00e8res.<\/p>\n<p>Ailleurs dans son discours, Massoud Pezeshkian a \u00e9voqu\u00e9 les atrocit\u00e9s du r\u00e9gime sioniste, soutenues par les puissances occidentales, qui ont marqu\u00e9 l\u2019ann\u00e9e \u00e9coul\u00e9e, notamment dans la bande de Gaza et le sud du Liban.<\/p>\n<p>Le pr\u00e9sident iranien a affirm\u00e9 avec force que T\u00e9h\u00e9ran ne cherche pas la guerre ni l\u2019effusion de sang, tout en d\u00e9non\u00e7ant ceux qui, sous couvert de d\u00e9fendre la paix et les droits de l\u2019homme, encouragent en r\u00e9alit\u00e9 les conflits.<\/p>\n<p>Pezeshkian a fermement condamn\u00e9 les frappes isra\u00e9liennes visant des civils innocents, notamment dans des \u00e9tablissements scolaires et des h\u00f4pitaux. Il a exprim\u00e9 son indignation en rappelant que lors des conflits \u00e0 Gaza et au Liban, le r\u00e9gime sioniste a caus\u00e9 la mort de plus de dix mille enfants.<\/p>\n<p>En outre, il a critiqu\u00e9 le silence des d\u00e9fenseurs des droits de l\u2019homme, les qualifiant d\u2019\u00ab<em>observateurs passifs<\/em>\u00bb face \u00e0 cette trag\u00e9die. Selon lui, il est inacceptable que ces derniers puissent se pr\u00e9tendre protecteurs des droits de l\u2019homme tout en restant muets face aux atrocit\u00e9s commises par le r\u00e9gime isra\u00e9lien.<\/p>\n<p>Le pr\u00e9sident Pezeshkian a qualifi\u00e9 la situation actuelle \u00e0 Gaza et au Liban de \u00ab<em>catastrophe ignominieuse<\/em>\u00bb, soulignant que cette trag\u00e9die se d\u00e9roule avec l\u2019appui des \u00c9tats-Unis et des pays europ\u00e9ens.<\/p>\n<p>source : <a target=\"_blank\" href=\"https:\/\/french.presstv.ir\/Detail\/2024\/12\/01\/738272\/Crise-syrienne---Appel-du-pr%C3%A9sident-iranien-%C3%A0-l-unit%C3%A9-musulmane\" target=\"_blank\" rel=\"noopener\" title=\"\">PressTV<\/a><\/p>\n<div class=\"sharedaddy sd-block sd-like jetpack-likes-widget-wrapper jetpack-likes-widget-unloaded\" id=\"like-post-wrapper-237719536-433499-674e47ec56131\" data-src=\"https:\/\/widgets.wp.com\/likes\/?ver=14.0#blog_id=237719536&amp;post_id=433499&amp;origin=reseauinternational.net&amp;obj_id=237719536-433499-674e47ec56131&amp;n=1\" data-name=\"like-post-frame-237719536-433499-674e47ec56131\" data-title=\"Aimer ou rebloguer\">\n<h3 class=\"sd-title\">J\u2019aime \u00e7a\u00a0:<\/h3>\n<p><span class=\"button\"><span>J\u2019aime<\/span><\/span> <span class=\"loading\">chargement\u2026<\/span><\/p>\n<p><span class=\"sd-text-color\"\/><a target=\"_blank\" class=\"sd-link-color\"\/><\/div>\n<p><meta itemscope=\"\" itemprop=\"mainEntityOfPage\" itemtype=\"https:\/\/schema.org\/WebPage\" itemid=\"https:\/\/reseauinternational.net\/crise-syrienne-pezeshkian-exhorte-les-pays-musulmans-a-intervenir\/\"\/><meta itemprop=\"headline\" content=\"Crise syrienne : Pezeshkian exhorte les pays musulmans \u00e0 intervenir\"\/><span style=\"display: none;\" itemprop=\"author\" itemscope=\"\" itemtype=\"https:\/\/schema.org\/Person\"><meta itemprop=\"name\" content=\"R\u00e9seau International\"\/><\/span><span style=\"display: none;\" itemprop=\"image\" itemscope=\"\" itemtype=\"https:\/\/schema.org\/ImageObject\"><meta itemprop=\"url\" content=\"https:\/\/i0.wp.com\/reseauinternational.net\/wp-content\/uploads\/2024\/12\/Sans-titre-20-1.png?fit=800%2C467&amp;ssl=1\"\/><meta itemprop=\"width\" content=\"800\"\/><meta itemprop=\"height\" content=\"467\"\/><\/span><span style=\"display: none;\" itemprop=\"publisher\" itemscope=\"\" itemtype=\"https:\/\/schema.org\/Organization\"><span style=\"display: none;\" itemprop=\"logo\" itemscope=\"\" itemtype=\"https:\/\/schema.org\/ImageObject\"><meta itemprop=\"url\" content=\"https:\/\/reseauinternational.net\/wp-content\/uploads\/2022\/06\/Capture-de\u0301cran-2022-06-14-a\u0300-16.51.07.png\"\/><\/span><meta itemprop=\"name\" content=\"R\u00e9seau International\"\/><\/span><meta itemprop=\"datePublished\" content=\"2024-12-02T10:22:48+00:00\"\/><meta itemprop=\"dateModified\" content=\"2024-12-02T10:23:25+00:00\"\/><\/div>\n<p><br \/>\n<br \/><a href=\"https:\/\/reseauinternational.net\/crise-syrienne-pezeshkian-exhorte-les-pays-musulmans-a-intervenir\/\" target=\"_blank\"\">Source link <\/a><\/p>\n","protected":false},"excerpt":{"rendered":"<p>par PressTV Le pr\u00e9sident iranien, Massoud Pezeshkian, a lanc\u00e9 un appel exhortant\u00a0les pays musulmans pour qu\u2019ils prennent des mesures face \u00e0 la crise syrienne, marqu\u00e9e par la mont\u00e9e des groupes&hellip; <\/p>\n","protected":false},"author":1,"featured_media":1393,"comment_status":"open","ping_status":"open","sticky":false,"template":"","format":"standard","meta":{"footnotes":""},"categories":[1],"tags":[],"class_list":["post-1392","post","type-post","status-publish","format-standard","has-post-thumbnail","hentry","category-non-classe"],"_links":{"self":[{"href":"https:\/\/monde25.info\/index.php\/wp-json\/wp\/v2\/posts\/1392","targetHints":{"allow":["GET"]}}],"collection":[{"href":"https:\/\/monde25.info\/index.php\/wp-json\/wp\/v2\/posts"}],"about":[{"href":"https:\/\/monde25.info\/index.php\/wp-json\/wp\/v2\/types\/post"}],"author":[{"embeddable":true,"href":"https:\/\/monde25.info\/index.php\/wp-json\/wp\/v2\/users\/1"}],"replies":[{"embeddable":true,"href":"https:\/\/monde25.info\/index.php\/wp-json\/wp\/v2\/comments?post=1392"}],"version-history":[{"count":0,"href":"https:\/\/monde25.info\/index.php\/wp-json\/wp\/v2\/posts\/1392\/revisions"}],"wp:featuredmedia":[{"embeddable":true,"href":"https:\/\/monde25.info\/index.php\/wp-json\/wp\/v2\/media\/1393"}],"wp:attachment":[{"href":"https:\/\/monde25.info\/index.php\/wp-json\/wp\/v2\/media?parent=1392"}],"wp:term":[{"taxonomy":"category","embeddable":true,"href":"https:\/\/monde25.info\/index.php\/wp-json\/wp\/v2\/categories?post=1392"},{"taxonomy":"post_tag","embeddable":true,"href":"https:\/\/monde25.info\/index.php\/wp-json\/wp\/v2\/tags?post=1392"}],"curies":[{"name":"wp","href":"https:\/\/api.w.org\/{rel}","templated":true}]}}