{"id":1406,"date":"2024-12-03T06:53:00","date_gmt":"2024-12-03T05:53:00","guid":{"rendered":"https:\/\/monde25.info\/index.php\/2024\/12\/03\/les-collectifs-ecologistes-ciblent-lextreme-droite\/"},"modified":"2024-12-03T06:53:00","modified_gmt":"2024-12-03T05:53:00","slug":"les-collectifs-ecologistes-ciblent-lextreme-droite","status":"publish","type":"post","link":"https:\/\/monde25.info\/index.php\/2024\/12\/03\/les-collectifs-ecologistes-ciblent-lextreme-droite\/","title":{"rendered":"les collectifs \u00e9cologistes ciblent l\u2019extr\u00eame droite"},"content":{"rendered":"<p> <br \/>\n<\/p>\n<div>\n<p>C\u2019est une assembl\u00e9e g\u00e9n\u00e9rale qui promet d\u2019\u00eatre mouvement\u00e9e. Le g\u00e9ant fran\u00e7ais Vivendi, dont le groupe Bollor\u00e9 est l\u2019actionnaire principal<span class=\"spip_note_ref\">\u00a0[<a target=\"_blank\" href=\"#nb2-1\" class=\"spip_note\" rel=\"appendix\" title=\"Cyrille Bollor\u00e9, l\u2019un des fils du milliardaire Vincent Bollor\u00e9, est l\u2019actuel\u00a0(\u2026)\" id=\"nh2-1\">1<\/a>]<\/span>, a convi\u00e9 ses actionnaires le lundi 9\u00a0d\u00e9cembre \u00e0 Paris, pour voter (ou rejeter) <a target=\"_blank\" href=\"https:\/\/www.lesechos.fr\/finance-marches\/marches-financiers\/projet-de-scission-de-vivendi-les-minoritaires-accentuent-la-pression-2132212\" class=\"spip_out\" rel=\"external\">un projet de scission<\/a> des diff\u00e9rentes activit\u00e9s de la soci\u00e9t\u00e9. Mais d\u2019autres personnes ont pr\u00e9vu de s\u2019inviter \u00e0 la f\u00eate\u00a0: les organisations signataires de <a target=\"_blank\" href=\"https:\/\/desarmerbollore.net\/\" class=\"spip_out\" rel=\"external\">la campagne d\u2019action <i>\u00ab<small class=\"fine d-inline\">\u00a0<\/small>D\u00e9sarmer Bollor\u00e9<small class=\"fine d-inline\">\u00a0<\/small>\u00bb<\/i><\/a> ont <a target=\"_blank\" href=\"https:\/\/desarmerbollore.net\/news\/le-lundi-c-est-vivendi\" class=\"spip_out\" rel=\"external\">appel\u00e9 \u00e0 se r\u00e9unir<\/a> <i>\u00ab<small class=\"fine d-inline\">\u00a0<\/small>dans un furieux carnaval<small class=\"fine d-inline\">\u00a0<\/small>\u00bb<\/i>, au th\u00e9\u00e2tre des Folies Berg\u00e8re, pour perturber de mani\u00e8re <i>\u00ab<small class=\"fine d-inline\">\u00a0<\/small>festive<small class=\"fine d-inline\">\u00a0<\/small>\u00bb<\/i> l\u2019assembl\u00e9e g\u00e9n\u00e9rale.<\/p>\n<p>Il s\u2019agira de la premi\u00e8re mobilisation<span class=\"spip_note_ref\">\u00a0[<a target=\"_blank\" href=\"#nb2-2\" class=\"spip_note\" rel=\"appendix\" title=\"Une premi\u00e8re action de cette campagne nationale aurait d\u00fb avoir lieu d\u00e8s le\u00a0(\u2026)\" id=\"nh2-2\">2<\/a>]<\/span> de cette campagne lanc\u00e9e en juillet (quelques jours <a target=\"_blank\" href=\"https:\/\/reporterre.net\/On-l-a-fait-la-joie-apres-la-victoire-de-la-gauche\">apr\u00e8s les \u00e9lections l\u00e9gislatives anticip\u00e9es<\/a>). <i>\u00ab<small class=\"fine d-inline\">\u00a0<\/small>Nous devons, sans attendre de prochaines \u00e9ch\u00e9ances \u00e9lectorales, unir nos forces contre les vecteurs de fascisation de la soci\u00e9t\u00e9<small class=\"fine d-inline\">\u00a0<\/small>\u00bb<\/i>, <a target=\"_blank\" href=\"https:\/\/desarmerbollore.net\/appel\" class=\"spip_out\" rel=\"external\">\u00e9crivait alors<\/a> la centaine d\u2019organisations signataires \u2014 en d\u00e9signant les diff\u00e9rentes activit\u00e9s du milliardaire Vincent Bollor\u00e9 comme des responsables de cette <i>\u00ab<small class=\"fine d-inline\">\u00a0<\/small>fascisation<small class=\"fine d-inline\">\u00a0<\/small>\u00bb<\/i>. Parmi les adh\u00e9rents de la campagne\u00a0: des syndicats, des associations antiracistes et f\u00e9ministes, mais aussi de nombreux collectifs \u00e9cologistes.<\/p>\n<p><i>\u00ab<small class=\"fine d-inline\">\u00a0<\/small>Pendant l\u2019entre-deux-tours des l\u00e9gislatives, on s\u2019est demand\u00e9 ce qu\u2019on allait faire. Il y a eu une r\u00e9ponse rapide et unanime\u00a0: en cas de gouvernement d\u2019extr\u00eame droite, on ne pourrait pas se cantonner \u00e0 lutter contre les m\u00e9gabassines<small class=\"fine d-inline\">\u00a0<\/small>\u00bb<\/i>, raconte Sarah<span class=\"spip_note_ref\">\u00a0[<a target=\"_blank\" href=\"#nb2-_2A\" class=\"spip_note\" rel=\"appendix\" title=\"Le pr\u00e9nom a \u00e9t\u00e9 modifi\u00e9 \u00e0 sa demande.\" id=\"nh2-_2A\">*<\/a>]<\/span>, membre des Soul\u00e8vements de la Terre, mouvement qui s\u2019\u00e9tait jusque-l\u00e0 fait conna\u00eetre pour ses actions <a target=\"_blank\" href=\"https:\/\/reporterre.net\/Pres-de-Paris-des-militants-investissent-le-chantier-d-une-gare-inutile\">contre l\u2019artificialisation des terres<\/a>, <a target=\"_blank\" href=\"https:\/\/reporterre.net\/Notre-sarrasin-vaut-mieux-que-vos-salades-du-futur\">le mara\u00eechage industriel<\/a> et <a target=\"_blank\" href=\"https:\/\/reporterre.net\/Les-luttes-pour-l-eau-se-donnent-100-jours-pour-mener-bataille\">l\u2019accaparement de l\u2019eau<\/a>.<\/p>\n<p>La militante poursuit\u00a0: <i>\u00ab<small class=\"fine d-inline\">\u00a0<\/small>\u00c9videmment, il faut continuer \u00e0 s\u2019opposer aux m\u00e9gabassines jusqu\u2019\u00e0 l\u2019arr\u00eat des chantiers, mais on ne peut pas faire que \u00e7a. On ne peut pas laisser la lutte contre l\u2019extr\u00eame droite \u00e0 d\u2019autres, c\u2019est trop grave. Il n\u2019y a pas le choix.<small class=\"fine d-inline\">\u00a0<\/small>\u00bb<\/i><\/p>\n<div class=\"spip_document_86782 spip_document spip_documents spip_document_image spip_documents_center spip_document_center spip_document_avec_legende\" data-legende-len=\"163\" data-legende-lenx=\"xxx\">\n<figure class=\"spip_doc_inner\">\n      <picture><source type=\"image\/webp\" srcset=\"https:\/\/reporterre.net\/local\/cache-vignettes\/L1050xH700\/afp__20240624__hl_ldemartini_2435232__v1__highres__francefeministdemonstrationagains_1_-9fa21.jpg@.webp?1732896168\"><img decoding=\"async\" src=\"https:\/\/reporterre.net\/IMG\/jpg\/afp__20240624__hl_ldemartini_2435232__v1__highres__francefeministdemonstrationagains_1_.jpg\" width=\"1200\" height=\"800\" loading=\"lazy\" alt=\"\"\/><br \/>\n    <\/source><\/picture><figcaption class=\"spip_doc_legende\">\n<p>Manifestation f\u00e9ministe contre l\u2019extr\u00eame droite suite aux l\u00e9gislatives anticip\u00e9es, \u00e0 Paris le 23\u00a0juin 2024.<br \/>\n<i>\u00a9 Laurent Demartini \/ Hans Lucas \/ Hans Lucas via <span class=\"caps\">AFP<\/span><br \/>\n<\/i><\/p>\n<\/figcaption><\/figure>\n<\/p><\/div>\n<p>D\u2019autres associations \u00e9cologistes avaient d\u00e9j\u00e0 amorc\u00e9 <a target=\"_blank\" href=\"https:\/\/reporterre.net\/Alternatiba-des-desaccords-strategiques-menent-a-la-scission\">un changement de strat\u00e9gie<\/a> similaire, \u00e0 l\u2019image d\u2019Action Justice Climat (anciennement Alternatiba Paris), qui a op\u00e9r\u00e9 en avril une scission avec le r\u00e9seau national, pour lier davantage lutte contre le <a target=\"_blank\" href=\"Qu-est-ce-que-le-rechauffement-climatique\">changement climatique<\/a> et contre l\u2019extr\u00eame droite.<\/p>\n<p><i>\u00ab<small class=\"fine d-inline\">\u00a0<\/small>On a ancr\u00e9 dans nos principes fondateurs la lutte contre les id\u00e9es d\u2019extr\u00eame droite. Ce sont des sujets qu\u2019on traitait depuis longtemps, mais les derniers r\u00e9sultats \u00e9lectoraux ont d\u00e9montr\u00e9 que c\u2019\u00e9tait un enjeu urgent, \u00e0 traiter maintenant<small class=\"fine d-inline\">\u00a0<\/small>\u00bb<\/i>, raconte L\u00e9a Geindreau, porte-parole d\u2019Action Justice Climat.<\/p>\n<h2 class=\"spip\">Exploitation des terres et des humains<\/h2>\n<p>Selon elle, les \u00e9lections europ\u00e9ennes puis le scrutin l\u00e9gislatif semblent avoir \u00e9t\u00e9 un <i>\u00ab<small class=\"fine d-inline\">\u00a0<\/small>soubresaut pour le mouvement climat<small class=\"fine d-inline\">\u00a0<\/small>\u00bb<\/i> dans son ensemble. Parmi les signataires de D\u00e9sarmer Bollor\u00e9, on retrouve ainsi l\u2019association pour la conservation des oc\u00e9ans Bloom, l\u2019association contre la b\u00e9tonisation Terres de luttes, les mouvements de d\u00e9sob\u00e9issance civile Extinction Rebellion et <span class=\"caps\">ANV<\/span>&#8211;<span class=\"caps\">COP21<\/span>, l\u2019organisation de chercheurs militants <a target=\"_blank\" href=\"https:\/\/reporterre.net\/Crise-ecologique-la-revolte-des-scientifiques\">Scientifiques en r\u00e9bellion<\/a>\u2026<\/p>\n<p><i>\u00ab<small class=\"fine d-inline\">\u00a0<\/small>La cible du groupe Bollor\u00e9 est apparue de fa\u00e7on assez \u00e9vidente<small class=\"fine d-inline\">\u00a0<\/small>\u00bb<\/i>, se souvient Sarah, des Soul\u00e8vements de la Terre. Depuis les ann\u00e9es 1990, le milliardaire breton a investi dans une multitude d\u2019activit\u00e9s. Agricoles, tout d\u2019abord\u00a0: <a target=\"_blank\" href=\"https:\/\/reporterre.net\/Bollore-bafoue-les-droits-humains-en-Afrique-selon-l-un-de-ses-actionnaires\">il est notamment actionnaire<\/a> d\u2019un groupe financier belgo-luxembourgeois (Socfin) qui g\u00e8re des participations dans de grandes plantations de palmiers \u00e0 huile en Afrique et en Asie.<\/p>\n<p>Il poss\u00e8de \u00e9galement des soci\u00e9t\u00e9s industrielles (d\u00e9p\u00f4ts p\u00e9troliers, bornes de recharge \u00e9lectrique, portiques de s\u00e9curit\u00e9, verbalisation \u00e9lectronique\u2026)<small class=\"fine d-inline\">\u00a0<\/small>; des m\u00e9dias (Canal+, CNews, Europe 1, <i>Le Journal du dimanche<\/i>\u2026)<small class=\"fine d-inline\">\u00a0<\/small>; ou encore des entreprises dans le milieu de la musique, du livre et de la communication (Universal Music France, Hachette, Havas\u2026).<\/p>\n<blockquote class=\"spip\">\n<p>\u00ab<small class=\"fine d-inline\">\u00a0<\/small>La mainmise qu\u2019il a sur ses m\u00e9dias <br class=\"manualbr\"\/>est un superpouvoir<small class=\"fine d-inline\">\u00a0<\/small>\u00bb<\/p>\n<\/blockquote>\n<p>Or des enqu\u00eates ont document\u00e9 la gestion probl\u00e9matique \u2014 voire ill\u00e9gale \u2014 de Vincent Bollor\u00e9 sur ses activit\u00e9s. Ainsi, <a target=\"_blank\" href=\"https:\/\/youtu.be\/xrdOdBP-EDw?si=PJ5nwVEHFb9wP640\" class=\"spip_out\" rel=\"external\">l\u2019\u00e9mission <i>\u00ab<small class=\"fine d-inline\">\u00a0<\/small>Compl\u00e9ment d\u2019enqu\u00eate<small class=\"fine d-inline\">\u00a0<\/small>\u00bb<\/i><\/a> a r\u00e9v\u00e9l\u00e9 que le groupe Bollor\u00e9 employait, via une filiale de la Socfin, des travailleurs sous-pay\u00e9s (dont des enfants) dans les palmeraies, notamment au Cameroun. Apr\u00e8s son acquisition de diff\u00e9rents m\u00e9dias, Vincent Bollor\u00e9 a \u00e9galement <a target=\"_blank\" href=\"https:\/\/www.youtube.com\/watch?v=NiLrN7QBnDE\" class=\"spip_out\" rel=\"external\">licenci\u00e9 des journalistes<\/a>, censur\u00e9 des enqu\u00eates en cours, supprim\u00e9 des programmes d\u2019investigation et plac\u00e9 au c\u0153ur des r\u00e9dactions ses propres \u00e9quipes de journalistes et de chroniqueurs aux id\u00e9es r\u00e9actionnaires.<\/p>\n<p><i>\u00ab<small class=\"fine d-inline\">\u00a0<\/small>Vincent Bollor\u00e9 tire de l\u2019argent de l\u2019exploitation des terres et des humains, \u00e0 travers ses activit\u00e9s agricoles en Afrique et en Asie, et il l\u2019injecte dans le rachat de m\u00e9dias qu\u2019il transforme pour propager ses id\u00e9es d\u2019extr\u00eame droite<small class=\"fine d-inline\">\u00a0<\/small>\u00bb<\/i>, r\u00e9sume Sarah, des Soul\u00e8vements de la Terre. <i>\u00ab<small class=\"fine d-inline\">\u00a0<\/small>L\u2019empire de Vincent Bollor\u00e9 est tentaculaire, il poss\u00e8de \u00e9norm\u00e9ment de choses<\/i>, abonde L\u00e9a Geindreau. <i>La mainmise qu\u2019il a sur ses m\u00e9dias est un superpouvoir, \u00e7a lui permet de mettre des sujets \u00e0 l\u2019agenda sur ses diff\u00e9rentes antennes.<small class=\"fine d-inline\">\u00a0<\/small>\u00bb<\/i><\/p>\n<p><i>\u00ab<small class=\"fine d-inline\">\u00a0<\/small>Je me sers de mes m\u00e9dias pour mener un combat civilisationnel<small class=\"fine d-inline\">\u00a0<\/small>\u00bb<\/i>, admettrait m\u00eame Vincent Bollor\u00e9 en petit comit\u00e9, <a target=\"_blank\" href=\"https:\/\/www.nouvelobs.com\/economie\/20220216.OBS54550\/a-l-heure-de-la-retraite-vincent-bollore-veut-racheter-le-peche.html?utm_medium=Social&amp;utm_source=Twitter#Echobox=1645005614\" class=\"spip_out\" rel=\"external\">d\u2019apr\u00e8s une biographie<\/a> \u00e9crite par le journaliste Vincent Beaufils.<\/p>\n<h2 class=\"spip\">Actions coordonn\u00e9es et alliances<\/h2>\n<p>Collectifs \u00e9cologistes, f\u00e9ministes, antifascistes, syndicaux se sont donc regroup\u00e9s pour <i>\u00ab<small class=\"fine d-inline\">\u00a0<\/small>d\u00e9sarmer<small class=\"fine d-inline\">\u00a0<\/small>\u00bb<\/i> le milliardaire. Outre la perturbation de Vivendi le 9\u00a0d\u00e9cembre, une <i>\u00ab<small class=\"fine d-inline\">\u00a0<\/small>premi\u00e8re grande vague d\u2019actions coordonn\u00e9es, du 29\u00a0janvier au 2\u00a0f\u00e9vrier 2025<small class=\"fine d-inline\">\u00a0<\/small>\u00bb<\/i> <a target=\"_blank\" href=\"https:\/\/desarmerbollore.net\/news\/actions-decentralisees-du-29-janvier-au-3-fevrier-2025\" class=\"spip_out\" rel=\"external\">a \u00e9t\u00e9 annonc\u00e9e<\/a> le 2\u00a0d\u00e9cembre.<\/p>\n<p><i>\u00ab<small class=\"fine d-inline\">\u00a0<\/small>L\u2019une ou l\u2019autre des ramifications de ce royaume tentaculaire est probablement implant\u00e9e pas loin de chez vous<\/i>, \u00e9crivent les organisations dans un communiqu\u00e9. <i>Il est d\u2019int\u00e9r\u00eat public de faire obstacle \u00e0 son d\u00e9veloppement<small class=\"fine d-inline\">\u00a0<\/small>\u00bb<\/i>, sugg\u00e9rant aux comit\u00e9s locaux de choisir eux-m\u00eames un type d\u2019action \u00e0 mener en fonction de leur situation g\u00e9ographique. Le milliardaire n\u2019a pas officiellement r\u00e9agi, mais <i>Le Journal du dimanche<\/i> \u2014 qu\u2019il poss\u00e8de \u2014 <a target=\"_blank\" href=\"https:\/\/www.lejdd.fr\/societe\/comment-trouver-une-adresse-du-groupe-bollore-pres-de-chez-soi-la-menace-peine-voilee-des-soulevements-de-la-terre-148088\" class=\"spip_out\" rel=\"external\">avait d\u00e9nonc\u00e9<\/a> une <i>\u00ab<small class=\"fine d-inline\">\u00a0<\/small>menace \u00e0 peine voil\u00e9e<small class=\"fine d-inline\">\u00a0<\/small>\u00bb<\/i> en juillet.<\/p>\n<div class=\"spip_document_86779 spip_document spip_documents spip_document_image spip_documents_center spip_document_center spip_document_avec_legende\" data-legende-len=\"127\" data-legende-lenx=\"xx\">\n<figure class=\"spip_doc_inner\">\n      <picture>\n<p>        <img decoding=\"async\" src=\"https:\/\/reporterre.net\/IMG\/jpg\/signal-2024-11-27-15-27-39-451_1_.jpg\" width=\"250\" height=\"354\" loading=\"lazy\" alt=\"\"\/>\n    <\/picture><figcaption class=\"spip_doc_legende\">\n<p>Les organisations ont \u00e9galement annonc\u00e9 une \u00ab<small class=\"fine d-inline\">\u00a0<\/small><small class=\"fine d-inline\">\u00a0<\/small>premi\u00e8re grande vague d\u2019actions coordonn\u00e9es, du 29\u00a0janvier au 2\u00a0f\u00e9vrier 2025<small class=\"fine d-inline\">\u00a0<\/small><small class=\"fine d-inline\">\u00a0<\/small>\u00bb.\n<\/p>\n<\/figcaption><\/figure>\n<\/p><\/div>\n<p>Un collectif de libraires ind\u00e9pendants a <a target=\"_blank\" href=\"https:\/\/www.humanite.fr\/culture-et-savoir\/hachette\/desarmer-lempire-bollore-80-libraires-signent-une-tribune-contre-la-concentration-dans-ledition\" class=\"spip_out\" rel=\"external\">d\u2019ores et d\u00e9j\u00e0 appel\u00e9<\/a>, le 19\u00a0novembre, \u00e0 ne pas mettre en avant dans leurs magasins les ouvrages \u00e9dit\u00e9s par les maisons du groupe Hachette, qui appartient \u00e0 Vivendi. <i>\u00ab<small class=\"fine d-inline\">\u00a0<\/small>Ces livres financent et arment, souvent bien malgr\u00e9 eux, une entreprise qui vise \u00e0 nous d\u00e9truire<small class=\"fine d-inline\">\u00a0<\/small>\u00bb<\/i>, \u00e9crivent-ils dans une tribune publi\u00e9e dans plusieurs m\u00e9dias.<\/p>\n<p>Depuis son rachat du groupe Hachette, Vincent Bollor\u00e9 a par exemple <a target=\"_blank\" href=\"https:\/\/www.liberation.fr\/culture\/lise-boell-editrice-de-plusieurs-livres-deric-zemmour-prend-la-tete-des-editions-fayard-20240605_VSPZ6NMWDZHKXNC44TVREUZHQI\/?redirected=1\" class=\"spip_out\" rel=\"external\">plac\u00e9 \u00e0 la t\u00eate des \u00e9ditions Fayard<\/a> Lise Bo\u00ebll, l\u2019ancienne \u00e9ditrice de la personnalit\u00e9 d\u2019extr\u00eame droite \u00c9ric Zemmour (Reconqu\u00eate<small class=\"fine d-inline\">\u00a0<\/small>!). Elle a depuis publi\u00e9 le nouveau livre de Jordan Bardella, figure du Rassemblement national.<\/p>\n<p><a target=\"_blank\" href=\"https:\/\/reporterre.net\/Pour-la-liberte-de-la-presse-et-la-democratie-stoppons-Bollore\" class=\"lien_lireaussi\"><strong>Lire aussi : <\/strong> <span>Pour la libert\u00e9 de la presse et la d\u00e9mocratie, stoppons Bollor\u00e9<\/span><\/a><\/p>\n<p>Mais en passant des manifestations contre les m\u00e9gabassines \u00e0 des actions contre la propagation des id\u00e9es d\u2019extr\u00eame droite, n\u2019y a-t-il pas un risque de dispersion<small class=\"fine d-inline\">\u00a0<\/small>? Non, r\u00e9pondent syst\u00e9matiquement les diff\u00e9rents collectifs \u00e9cologistes. <i>\u00ab<small class=\"fine d-inline\">\u00a0<\/small>Notre \u00e9cologie est une \u00e9cologie d\u00e9coloniale, antifasciste, queer<\/i>, affirme Sarah, des Soul\u00e8vements de la Terre. <i>On consid\u00e8re qu\u2019on ne peut pas penser l\u2019\u00e9cologie sans penser la libre circulation des personnes. L\u2019antiracisme n\u2019est pas un champ d\u2019action, c\u2019est tout simplement un des pr\u00e9suppos\u00e9s de base de notre militantisme.<small class=\"fine d-inline\">\u00a0<\/small>\u00bb<\/i><\/p>\n<p><i>\u00ab<small class=\"fine d-inline\">\u00a0<\/small>Ces alliances entre \u00e9cologistes, syndicalistes, groupes antifascistes, sont int\u00e9ressantes<\/i>, estime Julien Troccaz, secr\u00e9taire f\u00e9d\u00e9ral de <span class=\"caps\">SUD<\/span>-Rail, une des f\u00e9d\u00e9rations signataires de D\u00e9sarmer Bollor\u00e9. <i>On a ouvert des fronti\u00e8res et on voit qu\u2019on se retrouve sur plusieurs champs de lutte partag\u00e9s. Se retrouver avec toutes les composantes du mouvement social, c\u2019est un signe de force.<small class=\"fine d-inline\">\u00a0<\/small>\u00bb<\/i><\/p>\n<aside class=\"boite_encarts\">\n<div class=\"encart encart_gris noprint\">\n<p><strong>Il est de retour.<\/strong><\/p>\n<p>Dans quelques semaines, Donald Trump se r\u00e9-installera \u00e0 la Maison Blanche.<\/p>\n<p>Un milliardaire, pour qui le r\u00e9chauffement climatique est \u00ab<small class=\"fine d-inline\">\u00a0<\/small>un canular<small class=\"fine d-inline\">\u00a0<\/small>\u00bb, sera \u00e0 la t\u00eate de la plus grande puissance mondiale.<\/p>\n<p>Dans une d\u00e9cennie cruciale pour l\u2019\u00e9cologie, nous ne pouvons pas nous permettre de perdre plus de temps.<\/p>\n<p>La soci\u00e9t\u00e9 civile doit continuer de se soulever, de se mobiliser et de faire pression sur les puissants.<\/p>\n<p>Mais pour agir, il faut savoir.<\/p>\n<p><strong>Depuis 11 ans, nous publions des articles de qualit\u00e9 sur l\u2019\u00e9cologie, en acc\u00e8s libre et sans publicit\u00e9, pour tous.<\/strong><\/p>\n<p>Nous avons la conviction que l\u2019urgence \u00e9cologique est l\u2019enjeu majeur de notre \u00e9poque.<br class=\"autobr\"\/><br \/>\n Et comme plus de 2 millions de lectrices et lecteurs chaque mois, vous partagez sans doute cette conviction&#8230;<\/p>\n<p>Alors si vous en avez les moyens, sachez qu\u2019un don, m\u00eame d\u20191\u20ac, est un acte de soutien fort pour l\u2019\u00e9cologie et le journalisme ind\u00e9pendant.<br class=\"autobr\"\/><br \/>\n (Et \u00e7a vous prendra moins de temps que la lecture de ce texte).<\/p>\n<p><strong>Si vous le pouvez, choisissez un soutien mensuel. Merci.<\/strong><\/p>\n<p><a target=\"_blank\" href=\"https:\/\/reporterre.net\/dons\" class=\"bt_soutenir\">Je soutiens <i>Reporterre<\/i><\/a><\/p>\n<\/p><\/div>\n<div class=\"encart encart_vert noprint montre_1023\">\n<div class=\"infolettre-form-container noprint\">\n<p>Abonnez-vous \u00e0 la lettre d\u2019info de Reporterre<\/p>\n<\/div><\/div>\n<\/aside>\n<aside class=\"boite_apresarticle encart_note\">\n<h4>Apr\u00e8s cet article<\/h4>\n<p>      <a target=\"_blank\" href=\"https:\/\/reporterre.net\/Bollore-bafoue-les-droits-humains-en-Afrique-selon-l-un-de-ses-actionnaires\" class=\"lien_article\">\n      <picture class=\"vignette_gauche\"><source type=\"image\/webp\" srcset=\"https:\/\/reporterre.net\/local\/cache-gd2\/3a\/16d335990256ad7d2bc3ba4547654d.jpg@.webp?1730138848\"><img decoding=\"async\" src=\"https:\/\/reporterre.net\/local\/cache-gd2\/3a\/16d335990256ad7d2bc3ba4547654d.jpg?1730138848\" width=\"450\" height=\"300\" alt=\"\" class=\"marge12\" loading=\"lazy\"\/><br \/>\n<\/source><\/picture>\n<p class=\"libelle\">\n<p>      Monde\n    <\/p>\n<p class=\"titre pol20\">Bollor\u00e9 bafoue les droits humains en Afrique, selon l\u2019un de ses actionnaires<\/p>\n<p>      <\/a><br \/>\n    <\/aside>\n<aside class=\"boite_complement texte\">\n<div class=\"encart_note\">\n<h4>Notes<\/h4>\n<div id=\"nb2-1\">\n<p><span class=\"spip_note_ref\">[<a target=\"_blank\" href=\"#nh2-1\" class=\"spip_note\" title=\"Notes 2-1\" rev=\"appendix\">1<\/a>]\u00a0<\/span>Cyrille Bollor\u00e9, l\u2019un des fils du milliardaire Vincent Bollor\u00e9, est l\u2019actuel pr\u00e9sident-directeur g\u00e9n\u00e9ral (<span class=\"caps\"><span class=\"caps\">PDG<\/span><\/span>) du groupe Bollor\u00e9 depuis 2019. Ce dernier est sous l\u2019\u00e9gide de la Compagnie de l\u2019Odet, dont Vincent Bollor\u00e9 est le <span class=\"caps\"><span class=\"caps\">PDG<\/span><\/span>.<\/p>\n<\/div>\n<div id=\"nb2-2\">\n<p><span class=\"spip_note_ref\">[<a target=\"_blank\" href=\"#nh2-2\" class=\"spip_note\" title=\"Notes 2-2\" rev=\"appendix\">2<\/a>]\u00a0<\/span>Une premi\u00e8re action de cette campagne nationale aurait d\u00fb avoir lieu d\u00e8s le 5\u00a0octobre 2024. Le collectif Lever les voiles <a target=\"_blank\" href=\"https:\/\/lessoulevementsdelaterre.org\/blog\/le-5-octobre--levons-les-voiles-contre-lempire-bol\" class=\"spip_out\" rel=\"external\">avait appel\u00e9 \u00e0 un rassemblement<\/a> de bateaux dans l\u2019archipel des Gl\u00e9nan, au large du Finist\u00e8re sud. Le but\u00a0: d\u00e9noncer <a target=\"_blank\" href=\"https:\/\/www.lalettre.fr\/fr\/entreprises\/2024\/07\/30\/dans-le-finistere-le-neonazi-marc-de-cacqueray-valmenier-veille-sur-l-ile-de-vincent-bollore,110273567-gel\" class=\"spip_out\" rel=\"external\">le recrutement du n\u00e9onazi<\/a> Marc de Cacqueray-Valm\u00e9nier, pour surveiller l\u2019\u00eele priv\u00e9e de Vincent Bollor\u00e9. L\u2019action avait toutefois d\u00fb \u00eatre report\u00e9e, en raison d\u2019une mer trop agit\u00e9e.<\/p>\n<\/div>\n<div id=\"nb2-_2A\">\n<p><span class=\"spip_note_ref\">[<a target=\"_blank\" href=\"#nh2-_2A\" class=\"spip_note\" title=\"Notes 2-_2A\" rev=\"appendix\">*<\/a>]\u00a0<\/span>Le pr\u00e9nom a \u00e9t\u00e9 modifi\u00e9 \u00e0 sa demande.<\/p>\n<\/div><\/div>\n<p>      <!-- zone_forum --><br \/>\n          <\/aside>\n<aside class=\"boite_lireaussi noprint\">\n<\/aside>\n<aside class=\"colonne\">\n<div class=\"article_info cache_1023 noprint\">\n<p>    <span class=\"date\">2 d\u00e9cembre 2024  \u00e0 16h22<\/span><\/p>\n<p class=\"duree_lecture\">\n        Dur\u00e9e de lecture : 8 minutes\n      <\/p>\n<\/p><\/div>\n<div class=\"bloc_infolettre\">\n<div class=\"infolettre-form-container noprint\">\n<p>Abonnez-vous \u00e0 la lettre d\u2019info de Reporterre<\/p>\n<\/div><\/div>\n<\/aside>\n<div id=\"galerie\">\n  <img decoding=\"async\" src=\"\" class=\"principale\" id=\"principale\"\/><\/p>\n<p id=\"legende\">legende<\/p>\n<\/div>\n<footer class=\"noprint\">\n<\/footer>\n<\/div>\n<p><br \/>\n<br \/><a href=\"https:\/\/reporterre.net\/Desarmer-Bollore-les-collectifs-ecologistes-ciblent-l-extreme-droite\" target=\"_blank\"\">Source link <\/a><\/p>\n","protected":false},"excerpt":{"rendered":"<p>C\u2019est une assembl\u00e9e g\u00e9n\u00e9rale qui promet d\u2019\u00eatre mouvement\u00e9e. Le g\u00e9ant fran\u00e7ais Vivendi, dont le groupe Bollor\u00e9 est l\u2019actionnaire principal\u00a0[1], a convi\u00e9 ses actionnaires le lundi 9\u00a0d\u00e9cembre \u00e0 Paris, pour voter&hellip; <\/p>\n","protected":false},"author":1,"featured_media":1407,"comment_status":"open","ping_status":"open","sticky":false,"template":"","format":"standard","meta":{"footnotes":""},"categories":[1],"tags":[],"class_list":["post-1406","post","type-post","status-publish","format-standard","has-post-thumbnail","hentry","category-non-classe"],"_links":{"self":[{"href":"https:\/\/monde25.info\/index.php\/wp-json\/wp\/v2\/posts\/1406","targetHints":{"allow":["GET"]}}],"collection":[{"href":"https:\/\/monde25.info\/index.php\/wp-json\/wp\/v2\/posts"}],"about":[{"href":"https:\/\/monde25.info\/index.php\/wp-json\/wp\/v2\/types\/post"}],"author":[{"embeddable":true,"href":"https:\/\/monde25.info\/index.php\/wp-json\/wp\/v2\/users\/1"}],"replies":[{"embeddable":true,"href":"https:\/\/monde25.info\/index.php\/wp-json\/wp\/v2\/comments?post=1406"}],"version-history":[{"count":0,"href":"https:\/\/monde25.info\/index.php\/wp-json\/wp\/v2\/posts\/1406\/revisions"}],"wp:featuredmedia":[{"embeddable":true,"href":"https:\/\/monde25.info\/index.php\/wp-json\/wp\/v2\/media\/1407"}],"wp:attachment":[{"href":"https:\/\/monde25.info\/index.php\/wp-json\/wp\/v2\/media?parent=1406"}],"wp:term":[{"taxonomy":"category","embeddable":true,"href":"https:\/\/monde25.info\/index.php\/wp-json\/wp\/v2\/categories?post=1406"},{"taxonomy":"post_tag","embeddable":true,"href":"https:\/\/monde25.info\/index.php\/wp-json\/wp\/v2\/tags?post=1406"}],"curies":[{"name":"wp","href":"https:\/\/api.w.org\/{rel}","templated":true}]}}